{"id":233499,"date":"2025-07-07T21:06:10","date_gmt":"2025-07-07T21:06:10","guid":{"rendered":"https:\/\/www.europesays.com\/fr\/233499\/"},"modified":"2025-07-07T21:06:10","modified_gmt":"2025-07-07T21:06:10","slug":"tdf-tour-de-france-jonathan-milan-vraiment-desole-pour-jasper-et-les-autres","status":"publish","type":"post","link":"https:\/\/www.europesays.com\/fr\/233499\/","title":{"rendered":"TDF. Tour de France &#8211; Jonathan Milan : \u00abVraiment d\u00e9sol\u00e9 pour Jasper et les autres\u00bb"},"content":{"rendered":"<p>Pas de premi\u00e8re victoire sur le <strong>Tour de France<\/strong> pour <strong>Jonathan Milan<\/strong>&#8230; mais il s&rsquo;en est fallu de peu ! A l&rsquo;issue de cette 3e \u00e9tape tr\u00e8s paradoxale o\u00f9 il ne s&rsquo;est presque rien pass\u00e9 en dehors de plusieurs violentes\u00a0chutes, dont celle qui a entra\u00eene l&rsquo;abandon du maillot vert <strong><a href=\"https:\/\/www.cyclismactu.net\/..\/news-tdf-route-tour-de-france-grosse-chute-de-jasper-philipsen-sur-3e-etape-a-abandonne-88770.html\" target=\"_blank\" rel=\"nofollow noopener\">Jasper Philipsen<\/a><\/strong> (Alpecin-Deceuninck), l&rsquo;imposant sprinteur italien a r\u00e9ussi \u00e0 passer au travers des incidents pour disputer son premier sprint et le duel tant attendu avec <strong><a href=\"https:\/\/www.cyclismactu.net\/..\/news-tdf-route-tour-de-france-tim-merlier-c-est-toujours-difficile-de-battre-jonathan-milan-88773.html\" target=\"_blank\" rel=\"nofollow noopener\">Tim Merlier<\/a><\/strong> (Soudal Quick-Step) dans la derni\u00e8re ligne droite. Au coude-\u00e0-coude sur la ligne apr\u00e8s une superbe lutte, les deux hommes ont \u00e9t\u00e9 d\u00e9partag\u00e9s \u00e0 la photo-finish&#8230; et c&rsquo;est donc le Belge qui a \u00e9t\u00e9 d\u00e9clar\u00e9 vainqueur pour quelques centim\u00e8tres. Le coureur de la <strong>Lidl-Trek<\/strong> pourra se consoler avec le gain du maillot vert (81 pts, contre 77 \u00e0 Girmay), m\u00eame si cela ne suffira certainement pas \u00e0 att\u00e9nuer sa d\u00e9ception, comme il l&rsquo;a expliqu\u00e9 en interview apr\u00e8s le podium.<\/p>\n<p>Vid\u00e9o &#8211; Jonathan Milan en Vert apr\u00e8s sa 2e place sur la 3e \u00e9tape Lire la suite de l&rsquo;article&#13;<\/p>\n<p>\u00a0<\/p>\n<p>&#13;<br \/>\n\u00ab\u00a0J\u2019avais les yeux riv\u00e9s sur la victoire d\u2019\u00e9tape, donc je ne peux \u00eatre que partiellement satisfait\u00a0\u00bb&#13;<\/p>\n<p>\u00ab\u00a0Je ne peux pas \u00eatre pleinement satisfait d\u2019une deuxi\u00e8me place. C\u2019est un bon r\u00e9sultat, bien s\u00fbr, et je suis content pour le maillot vert que nous avons obtenu. C\u2019\u00e9tait un objectif d\u00e8s le d\u00e9part, et c\u2019est bien de l\u2019avoir d\u00e9j\u00e0 en poche. Quoi qu\u2019il en soit, je tiens avant tout \u00e0 dire que je suis vraiment d\u00e9sol\u00e9 pour Jasper et les autres coureurs qui ont chut\u00e9 aujourd\u2019hui. Je n\u2019ai pas r\u00e9ussi \u00e0 sprinter pour la victoire lors de la premi\u00e8re \u00e9tape, mais j\u2019ai tout de m\u00eame continu\u00e9 \u00e0 engranger des points dans les sprints interm\u00e9diaires en pensant au classement par points. Aujourd\u2019hui, j\u2019avais les yeux riv\u00e9s sur la victoire d\u2019\u00e9tape, donc je ne peux \u00eatre que partiellement satisfait. Je me suis approch\u00e9 de la victoire, et je vais continuer \u00e0 la chercher. J\u2019ai manqu\u00e9 le combat pour la gagne\u00a0\u00bb, a regrett\u00e9 celui qui participe pour la premi\u00e8re fois au <strong>Tour<\/strong>.<\/p>\n<p>&#13;<\/p>\n<p><strong>Jonathan Milan <\/strong>est ensuite revenu sur ce final haletant. \u00ab\u00a0L\u2019arriv\u00e9e a \u00e9t\u00e9 chaotique. J\u2019ai tout donn\u00e9 dans le sprint. Peut-\u00eatre que j\u2019aurais d\u00fb attendre un peu plus, vu le vent de face\u2026 Mais au final, les choses se sont pass\u00e9es comme elles se sont pass\u00e9es, et je ne peux que f\u00e9liciter Tim pour sa victoire. Je suis content de ma forme actuelle et je vais continuer \u00e0 me battre\u00a0\u00bb, a-t-il pr\u00e9venu. Le prochain rendez-vous pour les sprinteurs devrait avoir lieu ce samedi sur la 8e \u00e9tape, \u00e0 Laval.<\/p>\n<p>Tour de France &#8211; Classement de la 3\u00e8 \u00e9tape Tour de France &#8211; Classement g\u00e9n\u00e9ral provisoire apr\u00e8s la 3\u00e8 \u00e9tape<\/p>\n","protected":false},"excerpt":{"rendered":"Pas de premi\u00e8re victoire sur le Tour de France pour Jonathan Milan&#8230; mais il s&rsquo;en est fallu de&hellip;\n","protected":false},"author":2,"featured_media":233500,"comment_status":"","ping_status":"","sticky":false,"template":"","format":"standard","meta":{"footnotes":""},"categories":[1411],"tags":[1154,207,211,1011,27,209,60,210,212,208,213],"class_list":{"0":"post-233499","1":"post","2":"type-post","3":"status-publish","4":"format-standard","5":"has-post-thumbnail","7":"category-cyclisme","8":"tag-cycling","9":"tag-cyclisme","10":"tag-ffc","11":"tag-fr","12":"tag-france","13":"tag-route","14":"tag-sports","15":"tag-tour-de-france","16":"tag-uci","17":"tag-velo","18":"tag-world-tour"},"share_on_mastodon":{"url":"https:\/\/pubeurope.com\/@fr\/114813991941557096","error":""},"_links":{"self":[{"href":"https:\/\/www.europesays.com\/fr\/wp-json\/wp\/v2\/posts\/233499","targetHints":{"allow":["GET"]}}],"collection":[{"href":"https:\/\/www.europesays.com\/fr\/wp-json\/wp\/v2\/posts"}],"about":[{"href":"https:\/\/www.europesays.com\/fr\/wp-json\/wp\/v2\/types\/post"}],"author":[{"embeddable":true,"href":"https:\/\/www.europesays.com\/fr\/wp-json\/wp\/v2\/users\/2"}],"replies":[{"embeddable":true,"href":"https:\/\/www.europesays.com\/fr\/wp-json\/wp\/v2\/comments?post=233499"}],"version-history":[{"count":0,"href":"https:\/\/www.europesays.com\/fr\/wp-json\/wp\/v2\/posts\/233499\/revisions"}],"wp:featuredmedia":[{"embeddable":true,"href":"https:\/\/www.europesays.com\/fr\/wp-json\/wp\/v2\/media\/233500"}],"wp:attachment":[{"href":"https:\/\/www.europesays.com\/fr\/wp-json\/wp\/v2\/media?parent=233499"}],"wp:term":[{"taxonomy":"category","embeddable":true,"href":"https:\/\/www.europesays.com\/fr\/wp-json\/wp\/v2\/categories?post=233499"},{"taxonomy":"post_tag","embeddable":true,"href":"https:\/\/www.europesays.com\/fr\/wp-json\/wp\/v2\/tags?post=233499"}],"curies":[{"name":"wp","href":"https:\/\/api.w.org\/{rel}","templated":true}]}}