{"id":233504,"date":"2025-07-07T21:09:10","date_gmt":"2025-07-07T21:09:10","guid":{"rendered":"https:\/\/www.europesays.com\/fr\/233504\/"},"modified":"2025-07-07T21:09:10","modified_gmt":"2025-07-07T21:09:10","slug":"deux-passionnes-sont-a-la-recherche-de-documents-sur-maurice-utrillo-qui-a-vecu-deux-ans-a-angouleme","status":"publish","type":"post","link":"https:\/\/www.europesays.com\/fr\/233504\/","title":{"rendered":"Deux passionn\u00e9s sont \u00e0 la recherche de documents sur Maurice Utrillo qui a v\u00e9cu deux ans \u00e0 Angoul\u00eame"},"content":{"rendered":"<p>Il est n\u00e9 en 1883\u00a0\u00e0\u00a0Paris&#8230;<\/p>\n<p>Il est n\u00e9 en 1883\u00a0\u00e0\u00a0Paris\u00a0et mort en 1955\u00a0\u00e0\u00a0Dax, mais le c\u00e9l\u00e8bre peintre Maurice Utrillo a aussi pass\u00e9 deux ans \u00e0 Angoul\u00eame en 1935 et 1936. Un passage \u00e9ph\u00e9m\u00e8re qui a intrigu\u00e9 deux passionn\u00e9s d\u2019histoire, de patrimoine et de leur territoire\u00a0: Pamela de Montleau et Philippe Cassereau. Ces deux-l\u00e0 s\u2019\u00e9taient d\u00e9j\u00e0 int\u00e9ress\u00e9s, l\u2019ann\u00e9e derni\u00e8re, \u00e0 l\u2019aviateur Saint-Exup\u00e9ry qui a atterri \u00e0 Angoul\u00eame dans les ann\u00e9es 40. Aujourd\u2019hui, ils recherchent des archives, photos, des correspondances, tout ce qui pourrait apporter des pr\u00e9cisions sur le s\u00e9jour du peintre dans la ville o\u00f9 il s\u2019est mari\u00e9 avec la Charentaise Lucie Valore.<\/p>\n<p>    La r\u00e9daction vous conseille<\/p>\n<p>Le couple \u00e9tait install\u00e9 dans ce qui s\u2019appelle aujourd\u2019hui la rue Utrillo. Une belle r\u00e9sidence avec un charmant jardin qui donne sur la Charente, baptis\u00e9 \u00ab\u00a0Douce France\u00a0\u00bb et croqu\u00e9 par le peintre, qui avait aussi pos\u00e9 son chevalet devant la cath\u00e9drale et pr\u00e8s des Remparts. L\u2019id\u00e9al serait bien s\u00fbr de retrouver des tableaux peints par l\u2019artiste dont la cote peut monter \u00e0 60 000\u20ac.<\/p>\n<p>Avec les documents collect\u00e9s, le duo a propos\u00e9 de monter une exposition au mus\u00e9e d\u2019Angoul\u00eame. La directrice Emilie Salaberry a accueilli la proposition avec grand plaisir.<\/p>\n<p>Contact: utrilloangouleme@gmail.com<\/p>\n","protected":false},"excerpt":{"rendered":"Il est n\u00e9 en 1883\u00a0\u00e0\u00a0Paris&#8230; Il est n\u00e9 en 1883\u00a0\u00e0\u00a0Paris\u00a0et mort en 1955\u00a0\u00e0\u00a0Dax, mais le c\u00e9l\u00e8bre peintre Maurice&hellip;\n","protected":false},"author":2,"featured_media":233505,"comment_status":"","ping_status":"","sticky":false,"template":"","format":"standard","meta":{"footnotes":""},"categories":[1358],"tags":[1348,1384,1385,1386,58,59,1011,27],"class_list":{"0":"post-233504","1":"post","2":"type-post","3":"status-publish","4":"format-standard","5":"has-post-thumbnail","7":"category-arts-et-design","8":"tag-arts","9":"tag-arts-and-design","10":"tag-arts-et-design","11":"tag-design","12":"tag-divertissement","13":"tag-entertainment","14":"tag-fr","15":"tag-france"},"share_on_mastodon":{"url":"https:\/\/pubeurope.com\/@fr\/114814003645254955","error":""},"_links":{"self":[{"href":"https:\/\/www.europesays.com\/fr\/wp-json\/wp\/v2\/posts\/233504","targetHints":{"allow":["GET"]}}],"collection":[{"href":"https:\/\/www.europesays.com\/fr\/wp-json\/wp\/v2\/posts"}],"about":[{"href":"https:\/\/www.europesays.com\/fr\/wp-json\/wp\/v2\/types\/post"}],"author":[{"embeddable":true,"href":"https:\/\/www.europesays.com\/fr\/wp-json\/wp\/v2\/users\/2"}],"replies":[{"embeddable":true,"href":"https:\/\/www.europesays.com\/fr\/wp-json\/wp\/v2\/comments?post=233504"}],"version-history":[{"count":0,"href":"https:\/\/www.europesays.com\/fr\/wp-json\/wp\/v2\/posts\/233504\/revisions"}],"wp:featuredmedia":[{"embeddable":true,"href":"https:\/\/www.europesays.com\/fr\/wp-json\/wp\/v2\/media\/233505"}],"wp:attachment":[{"href":"https:\/\/www.europesays.com\/fr\/wp-json\/wp\/v2\/media?parent=233504"}],"wp:term":[{"taxonomy":"category","embeddable":true,"href":"https:\/\/www.europesays.com\/fr\/wp-json\/wp\/v2\/categories?post=233504"},{"taxonomy":"post_tag","embeddable":true,"href":"https:\/\/www.europesays.com\/fr\/wp-json\/wp\/v2\/tags?post=233504"}],"curies":[{"name":"wp","href":"https:\/\/api.w.org\/{rel}","templated":true}]}}