{"id":233514,"date":"2025-07-07T21:15:10","date_gmt":"2025-07-07T21:15:10","guid":{"rendered":"https:\/\/www.europesays.com\/fr\/233514\/"},"modified":"2025-07-07T21:15:10","modified_gmt":"2025-07-07T21:15:10","slug":"peut-on-parler-de-victoire-durable","status":"publish","type":"post","link":"https:\/\/www.europesays.com\/fr\/233514\/","title":{"rendered":"peut-on parler de victoire durable ?"},"content":{"rendered":"<p><strong>Sur l\u2019\u00eele intense, la nouvelle a fait l\u2019effet d\u2019une<br \/>\nbrise bienvenue : cet \u00e9t\u00e9, la circulation du chikungunya ralentit<br \/>\nspectaculairement \u00e0 La R\u00e9union. Apr\u00e8s des ann\u00e9es \u00e0 jongler avec<br \/>\nl\u2019inqui\u00e9tude, les R\u00e9unionnais red\u00e9couvrent la s\u00e9r\u00e9nit\u00e9 et songent<br \/>\nenfin \u00e0 tourner la page de cette maladie, qui a tant marqu\u00e9 leur<br \/>\nquotidien. Pourtant, derri\u00e8re les chiffres en chute libre,<br \/>\nsubsistent prudence et vigilance : comment expliquer ce recul<br \/>\nhistorique de l\u2019\u00e9pid\u00e9mie et peut-on r\u00e9ellement parler de victoire<br \/>\ndurable ? Voici ce qu\u2019il faut surveiller\u2026<\/strong><\/p>\n<p>La R\u00e9union face au chikungunya :<br \/>\nretour sur une lutte acharn\u00e9eLes ann\u00e9es de la peur : l\u2019ampleur des<br \/>\npr\u00e9c\u00e9dentes \u00e9pid\u00e9mies<\/p>\n<p>Lorsque le <strong>chikungunya<\/strong> a frapp\u00e9 La R\u00e9union pour<br \/>\nla premi\u00e8re fois, l\u2019\u00eele a \u00e9t\u00e9 plong\u00e9e dans la tourmente. Les<br \/>\nsouvenirs de la vague \u00e9pid\u00e9mique de 2005-2006 restent vifs dans les<br \/>\nesprits. Pr\u00e8s d\u2019un tiers de la population touch\u00e9e, des h\u00f4pitaux<br \/>\nsatur\u00e9s, une \u00e9conomie ralentie : le virus s\u2019est impos\u00e9 comme un<br \/>\ncauchemar collectif. Les R\u00e9unionnais, jusque-l\u00e0 peu<br \/>\nhabitu\u00e9s \u00e0 ce genre de menaces sanitaires, ont vu leur quotidien<br \/>\nboulevers\u00e9, entre craintes pour les plus fragiles et gestes<br \/>\nbarri\u00e8res contraignants.<\/p>\n<p>Entre mobilisation et adaptation :<br \/>\ncomment l\u2019\u00eele s\u2019est organis\u00e9e<\/p>\n<p>Avec le temps, une v\u00e9ritable <strong>mobilisation<br \/>\ncollective<\/strong> s\u2019est install\u00e9e. De la lutte anti-moustique \u00e0<br \/>\nla sensibilisation dans les \u00e9coles, l\u2019ensemble de la soci\u00e9t\u00e9 s\u2019est<br \/>\nadapt\u00e9. Les autorit\u00e9s ont renforc\u00e9 les campagnes de pr\u00e9vention,<br \/>\nencourageant les habitants \u00e0 supprimer les eaux stagnantes et \u00e0<br \/>\nadopter des r\u00e9flexes simples pour limiter la prolif\u00e9ration des<br \/>\nmoustiques vecteurs. Laboratoires, h\u00f4pitaux, collectivit\u00e9s : tous<br \/>\nont appris \u00e0 anticiper, coordonner et affronter ces flamb\u00e9es<br \/>\n\u00e9pid\u00e9miques.<\/p>\n<p>Les signaux d\u2019une nette d\u00e9crue : des<br \/>\nchiffres qui parlentLe bilan sanitaire : comment<br \/>\nl\u2019\u00e9pid\u00e9mie a \u00e9volu\u00e9 cet \u00e9t\u00e9<\/p>\n<p>Rien ne laissait pr\u00e9sager un retournement aussi rapide. Depuis<br \/>\nle mois de juin 2025, le <strong>bilan sanitaire montre une nette<br \/>\nbaisse des nouveaux cas et un contr\u00f4le efficace de la transmission<br \/>\nlocale<\/strong>. Les services hospitaliers respirent et constatent<br \/>\nune diminution historique, quasi in\u00e9dite, des consultations li\u00e9es<br \/>\nau chikungunya. Certains quartiers de l\u2019\u00eele rapportent m\u00eame des<br \/>\nsemaines enti\u00e8res sans le moindre signalement, un ph\u00e9nom\u00e8ne jamais<br \/>\nobserv\u00e9 depuis l\u2019apparition du virus sur l\u2019\u00eele.<\/p>\n<p>Victimes et m\u00e9decins au diapason :<br \/>\nt\u00e9moignages du terrain<\/p>\n<p>Dans les salles d\u2019attente, ce recul s\u2019incarne par l\u2019absence<br \/>\nremarqu\u00e9e de patients <a href=\"https:\/\/sciencepost.fr\/cest-quoi-ces-taches-rouges\/\" target=\"_blank\" rel=\"noopener nofollow\">fi\u00e9vreux ou douloureux<\/a>. Ceux qui,<br \/>\nautrefois, vivaient dans la crainte d\u2019une rechute expriment<br \/>\naujourd\u2019hui un soulagement palpable. Les soignants, quant \u00e0 eux,<br \/>\n\u00e9voquent une <strong>accalmie rare<\/strong> et esp\u00e9r\u00e9e depuis des<br \/>\nann\u00e9es. R\u00e9confort, prudence et satisfaction se m\u00ealent chez ceux<br \/>\nqui, \u00e0 l\u2019h\u00f4pital comme dans les cabinets de ville, ont travers\u00e9 les<br \/>\nsaisons d\u2019inqui\u00e9tude.<\/p>\n<p>Des actions d\u00e9cisives : les cl\u00e9s de la<br \/>\nr\u00e9ussite r\u00e9unionnaiseL\u2019impact des campagnes de<br \/>\nsensibilisation : changer les habitudes<\/p>\n<p>Au c\u0153ur de la r\u00e9ussite, on retrouve l\u2019<strong>adoption massive<br \/>\nde gestes simples<\/strong>. Les campagnes d\u2019information,<br \/>\nomnipr\u00e9sentes sur l\u2019\u00eele, ont tout mis\u00e9 sur la p\u00e9dagogie : port de<br \/>\nv\u00eatements longs, utilisation de moustiquaires, et surtout,<br \/>\n\u00e9limination syst\u00e9matique des points d\u2019eau stagnante. Ces messages,<br \/>\nmartel\u00e9s depuis des ann\u00e9es, semblent enfin avoir pris racine, avec<br \/>\ndes taux de participation record aux op\u00e9rations de<br \/>\nnettoyage et de pr\u00e9vention.<\/p>\n<p>La mutation dans la strat\u00e9gie m\u00e9dicale<br \/>\net logistique<\/p>\n<p>Les autorit\u00e9s de sant\u00e9 ont \u00e9galement proc\u00e9d\u00e9 \u00e0 des ajustements<br \/>\nmajeurs, misant sur la rapidit\u00e9 de d\u00e9tection et l\u2019intervention<br \/>\ncibl\u00e9e autour des foyers d\u00e9clar\u00e9s. Les outils de<br \/>\n<strong>surveillance \u00e9pid\u00e9miologique<\/strong> se sont sophistiqu\u00e9s,<br \/>\npermettant d\u2019identifier et d\u2019isoler imm\u00e9diatement les zones \u00e0<br \/>\nrisque. Ce changement de cap, alliant veille technologique et<br \/>\nproximit\u00e9 avec la population, a \u00e9t\u00e9 d\u00e9terminant dans la ma\u00eetrise de<br \/>\nla circulation virale cet \u00e9t\u00e9.<\/p>\n<p>Les h\u00e9ros discrets de la lutte<br \/>\nanti-chikungunyaL\u2019engagement des professionnels de<br \/>\nsant\u00e9 : au c\u0153ur de la bataille<\/p>\n<p>Derri\u00e8re la bonne nouvelle, se cachent de nombreux soignants,<br \/>\nv\u00e9ritables <strong>piliers de la lutte<\/strong>. Les \u00e9quipes \u00e0<br \/>\ndomicile, agents de pr\u00e9vention et soignants de proximit\u00e9 n\u2019ont<br \/>\ncess\u00e9 de sensibiliser, de rassurer, d\u2019intervenir rapidement face<br \/>\naux premiers sympt\u00f4mes. Gr\u00e2ce \u00e0 eux, l\u2019acc\u00e8s au diagnostic et aux<br \/>\nsoins a \u00e9t\u00e9 facilit\u00e9, contribuant largement \u00e0 r\u00e9duire la gravit\u00e9 de<br \/>\nl\u2019\u00e9pid\u00e9mie.<\/p>\n<p>Les initiatives citoyennes qui ont<br \/>\nfait la diff\u00e9rence<\/p>\n<p>La r\u00e9ussite de cette d\u00e9crue s\u2019explique \u00e9galement par<br \/>\nl\u2019implication grandissante des habitants. Brigades de nettoyage<br \/>\nb\u00e9n\u00e9voles, relais d\u2019information sur les r\u00e9seaux sociaux,<br \/>\nmobilisation associative : partout sur l\u2019\u00eele, des hommes et des<br \/>\nfemmes se sont investis pour relayer les gestes barri\u00e8re et<br \/>\nsurveiller la propret\u00e9 de leur cadre de vie. Un <strong>exemple de<br \/>\nsolidarit\u00e9 et de r\u00e9silience<\/strong> tout \u00e0 fait remarquable.<\/p>\n<p>Peut-on crier victoire ? Les d\u00e9fis<br \/>\nd\u2019un avenir sans rechuteSurveillance accrue et pr\u00e9vention :<br \/>\nl\u2019heure de la vigilance<\/p>\n<p>Face \u00e0 cette <strong>baisse historique<\/strong>, la tentation<br \/>\nserait grande de rel\u00e2cher la garde. Or, experts et autorit\u00e9s<br \/>\ninsistent : la vigilance reste la cl\u00e9. La surveillance<br \/>\n\u00e9pid\u00e9miologique continue d\u2019\u00eatre renforc\u00e9e, les dispositifs de<br \/>\npr\u00e9vention maintenus, pour ne pas perdre l\u2019avance pr\u00e9cieuse gagn\u00e9e<br \/>\ndurant ces mois inhabituels. Les R\u00e9unionnais sont d\u00e9sormais<br \/>\nconsid\u00e9r\u00e9s comme des acteurs incontournables de leur<br \/>\npropre s\u00e9curit\u00e9 sanitaire.<\/p>\n<p>Le moustique, cet ennemi insaisissable<br \/>\n: risque de retour ?<\/p>\n<p>M\u00eame si le nombre de cas est au plus bas, le <a href=\"https:\/\/sciencepost.fr\/mouches-bleues-porteuses-virus-grippe-aviaire\/\" target=\"_blank\" rel=\"noopener nofollow\">moustique-tigre<\/a>, principal<br \/>\nvecteur, reste difficile \u00e0 \u00e9radiquer. S\u2019adaptant \u00e0 l\u2019environnement<br \/>\net r\u00e9sistant parfois aux traitements, il constitue une<br \/>\n<strong>menace permanente<\/strong>. Le moindre rel\u00e2chement dans<br \/>\nl\u2019\u00e9limination des g\u00eetes larvaires ou dans l\u2019entretien des espaces<br \/>\next\u00e9rieurs pourrait conduire \u00e0 une reprise. Raison de plus pour<br \/>\nrester mobilis\u00e9.<\/p>\n<p>Ce que La R\u00e9union apprend de cette<br \/>\n\u00e9preuveVers un mod\u00e8le de gestion de crise<br \/>\nexportable ?<\/p>\n<p>La gestion du chikungunya par La R\u00e9union interpelle et inspire :<br \/>\ncoordination multi-acteurs, actions soutenues de pr\u00e9vention et<br \/>\nd\u2019adaptation, implication de la population\u2026 Ce<br \/>\n<strong>mod\u00e8le<\/strong>, fa\u00e7onn\u00e9 par l\u2019exp\u00e9rience du terrain,<br \/>\npourrait devenir une r\u00e9f\u00e9rence pour d\u2019autres territoires confront\u00e9s<br \/>\n\u00e0 des menaces \u00e9pid\u00e9miques similaires.<\/p>\n<p>Conseils et perspectives pour rester<br \/>\nprot\u00e9g\u00e9s demain<\/p>\n<p>Pour l\u2019avenir, la meilleure arme reste la pr\u00e9vention au<br \/>\nquotidien : veiller \u00e0 la propret\u00e9 des jardins, utiliser des<br \/>\n<a href=\"https:\/\/sciencepost.fr\/petit-precis-aoutat-parasite-de-lete\/\" target=\"_blank\" rel=\"noopener nofollow\">r\u00e9pulsifs adapt\u00e9s<\/a>, surveiller<br \/>\nl\u2019apparition de sympt\u00f4mes chez soi ou autour de soi. Rester<br \/>\ninform\u00e9, ne pas c\u00e9der \u00e0 la routine, et continuer \u00e0 faire bloc sont<br \/>\nles <strong>gages d\u2019une \u00eele r\u00e9siliente<\/strong> et prot\u00e9g\u00e9e.<\/p>\n<p>Alors que l\u2019\u00eele respire enfin, la prudence reste de mise : ce<br \/>\nrecul in\u00e9dit repr\u00e9sente une avanc\u00e9e significative, mais la le\u00e7on<br \/>\nr\u00e9unionnaise d\u00e9montre qu\u2019aucune conqu\u00eate sanitaire n\u2019est jamais<br \/>\nd\u00e9finitivement acquise. Gardons \u00e0 l\u2019esprit l\u2019importance des gestes<br \/>\nsimples et de la solidarit\u00e9 face aux d\u00e9fis sanitaires qui<br \/>\npourraient \u00e9merger \u00e0 l\u2019avenir.<\/p>\n","protected":false},"excerpt":{"rendered":"Sur l\u2019\u00eele intense, la nouvelle a fait l\u2019effet d\u2019une brise bienvenue : cet \u00e9t\u00e9, la circulation du chikungunya&hellip;\n","protected":false},"author":2,"featured_media":233515,"comment_status":"","ping_status":"","sticky":false,"template":"","format":"standard","meta":{"footnotes":""},"categories":[10],"tags":[1011,27,72,71],"class_list":{"0":"post-233514","1":"post","2":"type-post","3":"status-publish","4":"format-standard","5":"has-post-thumbnail","7":"category-sante","8":"tag-fr","9":"tag-france","10":"tag-health","11":"tag-sante"},"share_on_mastodon":{"url":"https:\/\/pubeurope.com\/@fr\/114814027316446643","error":""},"_links":{"self":[{"href":"https:\/\/www.europesays.com\/fr\/wp-json\/wp\/v2\/posts\/233514","targetHints":{"allow":["GET"]}}],"collection":[{"href":"https:\/\/www.europesays.com\/fr\/wp-json\/wp\/v2\/posts"}],"about":[{"href":"https:\/\/www.europesays.com\/fr\/wp-json\/wp\/v2\/types\/post"}],"author":[{"embeddable":true,"href":"https:\/\/www.europesays.com\/fr\/wp-json\/wp\/v2\/users\/2"}],"replies":[{"embeddable":true,"href":"https:\/\/www.europesays.com\/fr\/wp-json\/wp\/v2\/comments?post=233514"}],"version-history":[{"count":0,"href":"https:\/\/www.europesays.com\/fr\/wp-json\/wp\/v2\/posts\/233514\/revisions"}],"wp:featuredmedia":[{"embeddable":true,"href":"https:\/\/www.europesays.com\/fr\/wp-json\/wp\/v2\/media\/233515"}],"wp:attachment":[{"href":"https:\/\/www.europesays.com\/fr\/wp-json\/wp\/v2\/media?parent=233514"}],"wp:term":[{"taxonomy":"category","embeddable":true,"href":"https:\/\/www.europesays.com\/fr\/wp-json\/wp\/v2\/categories?post=233514"},{"taxonomy":"post_tag","embeddable":true,"href":"https:\/\/www.europesays.com\/fr\/wp-json\/wp\/v2\/tags?post=233514"}],"curies":[{"name":"wp","href":"https:\/\/api.w.org\/{rel}","templated":true}]}}