{"id":233520,"date":"2025-07-07T21:18:10","date_gmt":"2025-07-07T21:18:10","guid":{"rendered":"https:\/\/www.europesays.com\/fr\/233520\/"},"modified":"2025-07-07T21:18:10","modified_gmt":"2025-07-07T21:18:10","slug":"pour-la-premiere-fois-je-netais-plus-personne-clara-morgane-a-jamais-transformee-par-la-pandemie-de-covid-19","status":"publish","type":"post","link":"https:\/\/www.europesays.com\/fr\/233520\/","title":{"rendered":"\u00ab\u00a0Pour la premi\u00e8re fois, je n\u2019\u00e9tais plus personne\u00a0\u00bb, Clara Morgane \u00e0 jamais transform\u00e9e par la pand\u00e9mie de Covid-19"},"content":{"rendered":"<p>Dans une interview rare et profond\u00e9ment \u00e9mouvante accord\u00e9e au podcast \u00ab\u00a0L&rsquo;\u00c9cho des \u00c9toiles\u00a0\u00bb, Clara Morgane s\u2019est livr\u00e9e sans filtre sur une p\u00e9riode de sa vie qu\u2019elle qualifie elle-m\u00eame de choc existentiel.<\/p>\n<p><a href=\"https:\/\/www.public.fr\/clara-morgane-revele-ce-qui-a-tue-greg-centauro-son-premier-amour-et-partenaire-de-film-x\" target=\"_blank\" rel=\"noopener\">L\u2019ancienne ic\u00f4ne de la sensualit\u00e9<\/a>, devenue femme d\u2019affaires, m\u00e8re, chanteuse et performeuse, \u00e9voque un moment de bascule : le passage de la quarantaine, v\u00e9cu dans l\u2019ombre du Covid, dans un silence int\u00e9rieur qu\u2019elle n\u2019avait jamais connu.<\/p>\n<p>\u00ab\u00a0Je ne pouvais plus \u00eatre Clara, donc je n\u2019\u00e9tais plus personne\u00a0\u00bb<\/p>\n<p>Alors que le monde reprenait doucement son souffle apr\u00e8s la pand\u00e9mie, Clara Morgane f\u00eatait ses 40 ans. Un anniversaire qui, pour elle, ne ressemblait \u00e0 aucun autre. \u201cUn choc !\u201d, confie-t-elle.<br \/>\u201cPour la premi\u00e8re fois de ma vie, je ne pouvais plus \u00eatre Clara, et du coup, je n\u2019\u00e9tais plus personne.\u201d<\/p>\n<p>Celle qui, pendant deux d\u00e9cennies, a cultiv\u00e9 une image ma\u00eetris\u00e9e, m\u00e9diatique, rayonnante, avoue que cette p\u00e9riode l\u2019a confront\u00e9e \u00e0 un vide brutal. \u201cLe masque que je portais \u00e9tait devenu tr\u00e8s lourd, et \u00e7a m\u2019a forc\u00e9e \u00e0 l\u2019enlever. Peut-\u00eatre que j\u2019aurais mis plus de temps \u00e0 le retirer si le monde ne s\u2019\u00e9tait pas arr\u00eat\u00e9\u2026\u201d. <\/p>\n<p>Un renouveau apr\u00e8s la tristesse <\/p>\n<p>Pendant des ann\u00e9es, <a href=\"https:\/\/www.public.fr\/danse-avec-les-stars-clara-morgane-persuadee-davoir-ete-eliminee-parce-quelle-na-pas-beneficie-du-vote-feminin\" target=\"_blank\" rel=\"noopener\">Clara a encha\u00een\u00e9 les projets<\/a> : \u00e9missions de t\u00e9l\u00e9, spectacles, boutiques, shooting, calendrier\u2026 Toujours en mouvement. Toujours en repr\u00e9sentation. Jusqu\u2019\u00e0 ce que tout s\u2019interrompe.<\/p>\n<p>\u201cLe d\u00e9s\u0153uvrement m\u2019a r\u00e9unifi\u00e9e. Tout d\u2019un coup, je ne pouvais plus \u00eatre en spectacle, je ne pouvais plus \u00eatre \u00e0 la t\u00e9l\u00e9. Je ne pouvais plus exister&#8230; et du coup, je me suis demand\u00e9e ce que je pouvais faire dans le monde, et surtout, qui j\u2019\u00e9tais.\u201d<\/p>\n<p>Des mots d\u2019une justesse troublante, que tant de femmes pourraient faire leurs apr\u00e8s une rupture, un burn-out, un anniversaire charni\u00e8re, ou une pause impos\u00e9e.<\/p>\n<p>Face \u00e0 ce vide, Clara n\u2019a pas cherch\u00e9 \u00e0 combler. Elle a accueilli. \u201cJe me suis mise \u00e0 jardiner, \u00e0 faire \u00e0 manger, \u00e0 m\u2019occuper de ma famille.\u201d<\/p>\n<p>Des gestes simples, presque invisibles, mais profond\u00e9ment r\u00e9parateurs. \u201cJe suis tomb\u00e9e assez bas, et je me suis relev\u00e9e avec tout l\u2019amour qui m\u2019entourait\u2026 \u201d confie-t-elle, avec une \u00e9motion palpable. Pas de grands discours. Juste la v\u00e9rit\u00e9 d\u2019un quotidien qui soigne, d\u2019un entourage qui soutient, d\u2019un corps qu\u2019on r\u00e9habitue avec douceur.<\/p>\n<p>      Mentionn\u00e9s dans cet article<\/p>\n<p>\u00c0 lire aussi<\/p>\n","protected":false},"excerpt":{"rendered":"Dans une interview rare et profond\u00e9ment \u00e9mouvante accord\u00e9e au podcast \u00ab\u00a0L&rsquo;\u00c9cho des \u00c9toiles\u00a0\u00bb, Clara Morgane s\u2019est livr\u00e9e sans&hellip;\n","protected":false},"author":2,"featured_media":233521,"comment_status":"","ping_status":"","sticky":false,"template":"","format":"standard","meta":{"footnotes":""},"categories":[7],"tags":[37225,1011,27,2173,37226,43,40,41,39,42,44],"class_list":{"0":"post-233520","1":"post","2":"type-post","3":"status-publish","4":"format-standard","5":"has-post-thumbnail","7":"category-sciences-et-technologies","8":"tag-clara-morgane","9":"tag-fr","10":"tag-france","11":"tag-interview","12":"tag-pandemie-de-covid-19","13":"tag-science","14":"tag-science-and-technology","15":"tag-sciences","16":"tag-sciences-et-technologies","17":"tag-technologies","18":"tag-technology"},"share_on_mastodon":{"url":"https:\/\/pubeurope.com\/@fr\/114814039121239947","error":""},"_links":{"self":[{"href":"https:\/\/www.europesays.com\/fr\/wp-json\/wp\/v2\/posts\/233520","targetHints":{"allow":["GET"]}}],"collection":[{"href":"https:\/\/www.europesays.com\/fr\/wp-json\/wp\/v2\/posts"}],"about":[{"href":"https:\/\/www.europesays.com\/fr\/wp-json\/wp\/v2\/types\/post"}],"author":[{"embeddable":true,"href":"https:\/\/www.europesays.com\/fr\/wp-json\/wp\/v2\/users\/2"}],"replies":[{"embeddable":true,"href":"https:\/\/www.europesays.com\/fr\/wp-json\/wp\/v2\/comments?post=233520"}],"version-history":[{"count":0,"href":"https:\/\/www.europesays.com\/fr\/wp-json\/wp\/v2\/posts\/233520\/revisions"}],"wp:featuredmedia":[{"embeddable":true,"href":"https:\/\/www.europesays.com\/fr\/wp-json\/wp\/v2\/media\/233521"}],"wp:attachment":[{"href":"https:\/\/www.europesays.com\/fr\/wp-json\/wp\/v2\/media?parent=233520"}],"wp:term":[{"taxonomy":"category","embeddable":true,"href":"https:\/\/www.europesays.com\/fr\/wp-json\/wp\/v2\/categories?post=233520"},{"taxonomy":"post_tag","embeddable":true,"href":"https:\/\/www.europesays.com\/fr\/wp-json\/wp\/v2\/tags?post=233520"}],"curies":[{"name":"wp","href":"https:\/\/api.w.org\/{rel}","templated":true}]}}