{"id":233522,"date":"2025-07-07T21:19:11","date_gmt":"2025-07-07T21:19:11","guid":{"rendered":"https:\/\/www.europesays.com\/fr\/233522\/"},"modified":"2025-07-07T21:19:11","modified_gmt":"2025-07-07T21:19:11","slug":"la-malaisie-commande-deux-radars-gm400%ce%b1-de-plus-et-evoque-lachat-dactifs-strategiques-aupres-de-la-france","status":"publish","type":"post","link":"https:\/\/www.europesays.com\/fr\/233522\/","title":{"rendered":"La Malaisie commande deux radars GM400\u03b1 de plus et \u00e9voque l&rsquo;achat \u00ab\u00a0d&rsquo;actifs strat\u00e9giques\u00a0\u00bb aupr\u00e8s de la France"},"content":{"rendered":"<p><img fetchpriority=\"high\" decoding=\"async\" src=\"https:\/\/www.europesays.com\/fr\/wp-content\/uploads\/2025\/07\/gm400-20230619.jpg\" alt=\"\" width=\"600\" height=\"399\" class=\"alignnone size-full wp-image-70889\"  \/><\/p>\n<p>Ces derni\u00e8res semaines, apr\u00e8s la Bulgarie [7 exemplaires] et l\u2019Albanie [1], Thales vient d\u2019obtenir une nouvelle commande pour son radar GM400\u03b1, la Malaisie  ayant confirm\u00e9 son intention d\u2019ajouter deux unit\u00e9s suppl\u00e9mentaires \u00e0 celle d\u00e9j\u00e0 acquise en d\u00e9cembre 2023 afin de surveiller l\u2019espace a\u00e9rien au-dessus de sa zone \u00e9conomique exclusive [ZEE] en mer de Chine m\u00e9ridionale, depuis le site de Bintulu [Sarawak]. <\/p>\n<p>En effet, lors de la visite d\u2019\u00c9tat effectu\u00e9e en France par Datuk Seri Anwar bin Ibrahim, le Premier ministre malaisien, le 4 juillet, Thales a re\u00e7u une lettre d\u2019attribution officielle en vue de livrer deux autres GM400\u03b1 \u00e0 la Force a\u00e9rienne royale malaisienne [RMAF] <\/p>\n<p>\u00ab\u00a0Ce contrat porte \u00e0 quatre le nombre total de GM400 dans le pays et t\u00e9moigne de la confiance renouvel\u00e9e de la Malaisie dans la technologie radar Thales\u00a0\u00bb, a soulign\u00e9 l\u2019industriel, via un communiqu\u00e9 publi\u00e9 ce 7 juillet. <\/p>\n<p>Outre le GM400\u03b1 d\u00e9j\u00e0 command\u00e9 [et qui devrait \u00eatre op\u00e9rationnel en 2026], les forces malaisiennes mettent aussi en \u0153uvre un radar GM400, command\u00e9 en 2009 aupr\u00e8s de Thales. <\/p>\n<p>Dans le cadre de ce nouveau contrat et au titre de sa \u00ab\u00a0strat\u00e9gie de renforcement des capacit\u00e9s industrielles locales\u00a0\u00bb, Thales va nouer un partenariat avec la soci\u00e9t\u00e9 malaisienne Weststar Group afin d\u2019installer ces deux GM400\u03b1 suppl\u00e9mentaires en \u00ab\u00a0Malaisie p\u00e9ninsulaire et orientale\u00a0\u00bb. <\/p>\n<p>Leur maintenance et leur soutien seront toutefois assur\u00e9s par le groupe fran\u00e7ais, en \u00ab\u00a0\u00e9troite collaboration avec la RMAF. Ce dernier pr\u00e9voit de mettre en place un \u00ab\u00a0transfert de connaissances\u00a0\u00bb et de former \u00ab\u00a0les futures g\u00e9n\u00e9rations d\u2019experts radar de la Malaisie\u00a0\u00bb. <\/p>\n<p>\u00ab\u00a0Nous sommes ravis de recevoir cette lettre d\u2019attribution remise par le Premier ministre Anwar lors de sa visite d\u2019\u00c9tat en France pour comm\u00e9morer les solides relations bilat\u00e9rales entre nos deux pays. Elle t\u00e9moigne de l\u2019expertise in\u00e9gal\u00e9e de Thales dans le domaine des radars, acquise au fil des ann\u00e9es et sur le champ de bataille\u00a0\u00bb, s\u2019est f\u00e9licit\u00e9 Herv\u00e9 Dammann, le responsable de la branche \u00ab\u00a0Land and Air Systems\u00a0\u00bb de l\u2019industriel. <\/p>\n<p>\u00ab\u00a0Cela nous permet de continuer \u00e0 soutenir la Malaisie dans le d\u00e9veloppement de sa d\u00e9fense nationale, en tant que leader technologique mondial et en nous appuyant sur notre partenaire malaisien de longue date, la soci\u00e9t\u00e9 Weststar\u00a0\u00bb, a-t-il ajout\u00e9. <\/p>\n<p>Pour rappel, par rapport au GM400, le Ground Master 400 Alpha dispose d\u2019une puissance de traitement cinq fois plus \u00e9lev\u00e9e, d\u2019une port\u00e9e instrument\u00e9e sup\u00e9rieure de plus de 10 % [515 km] et d\u2019algorithmes d\u2019intelligence artificielle avanc\u00e9s. Il offre un taux de mise \u00e0 jour le \u00ab\u00a0plus \u00e9lev\u00e9 du march\u00e9 pour toutes les missions de surveillance gr\u00e2ce sa grande mobilit\u00e9, sa haute disponibilit\u00e9, sa facilit\u00e9 de mise \u00e0 niveau et son int\u00e9gration transparente\u00a0\u00bb, fait valoir Thales. Il est en outre r\u00e9silient face aux attaques informatiques et au brouillage \u00e9lectronique. <\/p>\n<blockquote class=\"twitter-tweet\">\n<p lang=\"fr\" dir=\"ltr\">\u00c0 l\u2019occasion de la visite en France du Premier ministre malaisien, entretien bilat\u00e9ral avec mon homologue Mohamed Khaled Nordin.<\/p>\n<p>Dans la continuit\u00e9 de la volont\u00e9 exprim\u00e9e par nos chefs d\u2019\u00c9tat et de Gouvernement de relancer la relation entre nos pays, \u00e9changes sur notre\u2026 <a href=\"https:\/\/t.co\/sOO0leemTk\">pic.twitter.com\/sOO0leemTk<\/a><\/p>\n<p>\u2014 S\u00e9bastien Lecornu (@SebLecornu) <a href=\"https:\/\/twitter.com\/SebLecornu\/status\/1941428723586043975?ref_src=twsrc%5Etfw\" target=\"_blank\" rel=\"noopener\">July 5, 2025<\/a><\/p>\n<\/blockquote>\n<p>Par ailleurs, apr\u00e8s avoir re\u00e7u Mohamed Khaled Nordin, son homologue malaisien, le ministre des Arm\u00e9es, S\u00e9bastien Lecornu, a \u00e9voqu\u00e9 un renforcement de la coop\u00e9ration militaire entre la France et la Malaisie, notamment \u00ab\u00a0dans le domaine naval\u00a0\u00bb. <\/p>\n<p>La marine royale malaisienne dispose actuellement de deux sous-marins de type Scorp\u00e8ne et doit mettre en \u0153uvre cinq corvettes de type Gowind, construites localement dans le cadre d\u2019un partenariat industriel scell\u00e9 avec Naval Group. Est-il question d\u2019aller plus loin ? <\/p>\n<blockquote class=\"twitter-tweet\">\n<p lang=\"in\" dir=\"ltr\">Paris, 5 Julai 2025 \u2013 Menteri Pertahanan, YB Dato\u2019 Seri Mohamed Khaled Nordin telah mengadakan pertemuan dan mesyuarat dua hala bersama Menteri Angkatan Tentera Perancis, TYT S\u00e9bastien Lecornu, sebelum mengakhiri lawatan rasmi ke Republik Perancis.<\/p>\n<p>Pertemuan ini merupakan\u2026 <a href=\"https:\/\/t.co\/4UPeG1bMbU\">pic.twitter.com\/4UPeG1bMbU<\/a><\/p>\n<p>\u2014 MINDEF Malaysia (@MINDEFMalaysia) <a href=\"https:\/\/twitter.com\/MINDEFMalaysia\/status\/1941493935635038567?ref_src=twsrc%5Etfw\" target=\"_blank\" rel=\"noopener\">July 5, 2025<\/a><\/p>\n<\/blockquote>\n<p>\u00ab\u00a0La Malaisie et la France sont convenues de renouveler leur engagement \u00e0 renforcer leurs relations et leur coop\u00e9ration en mati\u00e8re de d\u00e9fense. Diff\u00e9rents plans ont \u00e9galement \u00e9t\u00e9 \u00e9labor\u00e9s, notamment le d\u00e9veloppement de l\u2019industrie de d\u00e9fense locale et l\u2019acquisition d\u2019actifs strat\u00e9giques importants afin de garantir en permanence l\u2019\u00e9tat de pr\u00e9paration du pays en mati\u00e8re de d\u00e9fense\u00a0\u00bb, a fait savoir le minist\u00e8re malaisien de la D\u00e9fense, via le r\u00e9seau social X. <\/p>\n<p>\t\t\t\t\t\t\t\t\t\t\t\t\t<script async src=\"https:\/\/platform.twitter.com\/widgets.js\" charset=\"utf-8\"><\/script><\/p>\n","protected":false},"excerpt":{"rendered":"Ces derni\u00e8res semaines, apr\u00e8s la Bulgarie [7 exemplaires] et l\u2019Albanie [1], Thales vient d\u2019obtenir une nouvelle commande pour&hellip;\n","protected":false},"author":2,"featured_media":233523,"comment_status":"","ping_status":"","sticky":false,"template":"","format":"standard","meta":{"footnotes":""},"categories":[6],"tags":[15718,1328,35,37227,10463,33,34,1011,27,37228,37229,1331,3444,27760,544],"class_list":{"0":"post-233522","1":"post","2":"type-post","3":"status-publish","4":"format-standard","5":"has-post-thumbnail","7":"category-economie","8":"tag-achat","9":"tag-asie-pacifique","10":"tag-business","11":"tag-commande","12":"tag-cooperation","13":"tag-economie","14":"tag-economy","15":"tag-fr","16":"tag-france","17":"tag-gm400-alpha","18":"tag-gm400","19":"tag-indopacifique","20":"tag-malaisie","21":"tag-radar","22":"tag-thales"},"share_on_mastodon":{"url":"https:\/\/pubeurope.com\/@fr\/114814043163080036","error":""},"_links":{"self":[{"href":"https:\/\/www.europesays.com\/fr\/wp-json\/wp\/v2\/posts\/233522","targetHints":{"allow":["GET"]}}],"collection":[{"href":"https:\/\/www.europesays.com\/fr\/wp-json\/wp\/v2\/posts"}],"about":[{"href":"https:\/\/www.europesays.com\/fr\/wp-json\/wp\/v2\/types\/post"}],"author":[{"embeddable":true,"href":"https:\/\/www.europesays.com\/fr\/wp-json\/wp\/v2\/users\/2"}],"replies":[{"embeddable":true,"href":"https:\/\/www.europesays.com\/fr\/wp-json\/wp\/v2\/comments?post=233522"}],"version-history":[{"count":0,"href":"https:\/\/www.europesays.com\/fr\/wp-json\/wp\/v2\/posts\/233522\/revisions"}],"wp:featuredmedia":[{"embeddable":true,"href":"https:\/\/www.europesays.com\/fr\/wp-json\/wp\/v2\/media\/233523"}],"wp:attachment":[{"href":"https:\/\/www.europesays.com\/fr\/wp-json\/wp\/v2\/media?parent=233522"}],"wp:term":[{"taxonomy":"category","embeddable":true,"href":"https:\/\/www.europesays.com\/fr\/wp-json\/wp\/v2\/categories?post=233522"},{"taxonomy":"post_tag","embeddable":true,"href":"https:\/\/www.europesays.com\/fr\/wp-json\/wp\/v2\/tags?post=233522"}],"curies":[{"name":"wp","href":"https:\/\/api.w.org\/{rel}","templated":true}]}}