{"id":233526,"date":"2025-07-07T21:21:11","date_gmt":"2025-07-07T21:21:11","guid":{"rendered":"https:\/\/www.europesays.com\/fr\/233526\/"},"modified":"2025-07-07T21:21:11","modified_gmt":"2025-07-07T21:21:11","slug":"que-se-passe-t-il-lorsquun-depute-decede-en-cours-de-mandat","status":"publish","type":"post","link":"https:\/\/www.europesays.com\/fr\/233526\/","title":{"rendered":"que se passe-t-il lorsqu\u2019un d\u00e9put\u00e9 d\u00e9c\u00e8de en cours de mandat\u00a0?"},"content":{"rendered":"<p>        <img decoding=\"async\" loading=\"lazy\" src=\"https:\/\/www.europesays.com\/fr\/wp-content\/uploads\/2025\/07\/e8247e2_1730744833042-000-36l92zc.jpg\"  width=\"728\" height=\"409\" alt=\"Mort d\u2019Olivier Marleix\u00a0: que se passe-t-il lorsqu\u2019un d\u00e9put\u00e9 d\u00e9c\u00e8de en cours de mandat\u00a0? (Photo pr\u00e9texte de l\u2019Assembl\u00e9e nationale)\"\/>  <\/p>\n<p>STEPHANE DE SAKUTIN \/ AFP<\/p>\n<p>Mort d\u2019Olivier Marleix\u00a0: que se passe-t-il lorsqu\u2019un d\u00e9put\u00e9 d\u00e9c\u00e8de en cours de mandat\u00a0? (Photo pr\u00e9texte de l\u2019Assembl\u00e9e nationale)<\/p>\n<p class=\"asset asset-text\">POLITIQUE &#8211; Le choc et la stupeur dans la sph\u00e8re politique apr\u00e8s la mort du <a href=\"https:\/\/www.huffingtonpost.fr\/politique\/article\/deficit-public-la-drole-d-idee-d-olivier-marleix-pour-se-debarrasser-de-bruno-le-maire_232126.html\" rel=\"nofollow noopener\" target=\"_blank\">d\u00e9put\u00e9 Olivier Marleix<\/a>. L\u2019ex-patron des d\u00e9put\u00e9s LR et<a href=\"https:\/\/www.huffingtonpost.fr\/politique\/article\/aurelien-pradie-repond-sechement-a-olivier-marleix-sur-la-motion-de-censure_215248.html\" rel=\"nofollow noopener\" target=\"_blank\"> \u00e9lu d\u2019Eure-et-Loir<\/a>, a \u00e9t\u00e9 retrouv\u00e9 sans vie chez lui ce lundi 7\u00a0juillet. Selon des premi\u00e8res constatations, il aurait mis fin \u00e0 ses jours. \u00c2g\u00e9 de 54\u00a0ans, le fils de l\u2019ancien ministre Alain Marleix venait d\u2019\u00eatre nomm\u00e9 par Bruno Retailleau pour pr\u00e9parer les \u00e9lections municipales de mars\u00a02026.<\/p>\n<p class=\"asset asset-text\">Ce n\u2019est pas la premi\u00e8re fois qu\u2019un d\u00e9put\u00e9 d\u00e9c\u00e8de en cours de mandat et tout est d\u00e9j\u00e0 pr\u00e9vu pour la suite \u00e0 l\u2019Assembl\u00e9e nationale. Le HuffPost fait le point.<\/p>\n<p class=\"asset asset-text\">Lorsqu\u2019un d\u00e9put\u00e9 est \u00e9lu, il est \u00e9galement choisi avec son suppl\u00e9ant. C\u2019est cette personne qui doit prendre le relais\u2026 dans certains cas. En l\u2019occurrence lors du d\u00e9c\u00e8s du titulaire, l\u2019article LO\u202f176 du code \u00e9lectoral pr\u00e9voit que le suppl\u00e9ant entre imm\u00e9diatement en fonction. Il devient ainsi d\u00e9put\u00e9 jusqu\u2019\u00e0 la fin de la l\u00e9gislature en cours.<\/p>\n<p>    Christelle Minard propuls\u00e9e d\u2019office \u00e0 l\u2019Assembl\u00e9e    <\/p>\n<p class=\"asset asset-text\">Ce passage de flambeau ne se fait pas syst\u00e9matiquement en cas de d\u00e9part du d\u00e9put\u00e9. S\u2019il d\u00e9missionne, cela entra\u00eenera une \u00e9lection l\u00e9gislative partielle, uniquement dans la circonscription concern\u00e9e, dans les trois mois. Sauf si la d\u00e9mission intervient douze mois avant la fin de mandature des d\u00e9put\u00e9s.<\/p>\n<p class=\"asset asset-text\">Pour le Code \u00e9lectoral, seules les situations suivantes entra\u00eenent un remplacement imm\u00e9diat par le suppl\u00e9ant\u00a0: une nomination \u00e0 une fonction gouvernementale, au Conseil constitutionnel ou une mission temporaire dont la dur\u00e9e exc\u00e8de six mois. Et donc, le d\u00e9c\u00e8s du titulaire.<\/p>\n<blockquote><p>\u00ab\u00a0Les d\u00e9put\u00e9s dont le si\u00e8ge devient vacant pour cause de d\u00e9c\u00e8s, d\u2019acceptation des fonctions de membre du Conseil constitutionnel ou de D\u00e9fenseur des droits ou de prolongation au-del\u00e0 du d\u00e9lai de six mois d\u2019une mission temporaire confi\u00e9e par le Gouvernement sont remplac\u00e9s jusqu\u2019au renouvellement de l\u2019Assembl\u00e9e nationale par les personnes \u00e9lues en m\u00eame temps qu\u2019eux \u00e0 cet effet.\u00a0\u00bb, Article LO\u202f176 du code \u00e9lectoral.<\/p><\/blockquote>\n<p class=\"asset asset-text\">Avec la disparition d\u2019Olivier Marleix, c\u2019est ainsi sa suppl\u00e9ante, Christelle\u202fMinard, qui est entr\u00e9e imm\u00e9diatement en fonction en tant que d\u00e9put\u00e9e d\u2019Eure-et-Loir (2e circonscription) ce 7\u00a0juillet. L\u2019effet est imm\u00e9diat puisqu\u2019elle doit d\u00e9sormais si\u00e9ger \u00e0 l\u2019Assembl\u00e9e nationale, int\u00e9grer ses commissions et participer aux travaux parlementaires jusqu\u2019\u00e0 la fin du mandat.<\/p>\n<p>    Endosser le r\u00f4le et continuer la mission    <\/p>\n<p class=\"asset asset-text\">Depuis le d\u00e9but des ann\u00e9es 2000, plusieurs d\u00e9put\u00e9s sont morts en cours de mandat avant d\u2019\u00eatre remplac\u00e9s par leur suppl\u00e9ant. C\u2019est notamment le cas d\u2019Henri\u202fEmmanuelli (PS), ancien pr\u00e9sident de l\u2019Assembl\u00e9e nationale et d\u00e9put\u00e9 de la 3\u1d49 circonscription des Landes. D\u00e9c\u00e9d\u00e9 le 21\u00a0mars\u00a02017, c\u2019est sa suppl\u00e9ante, Monique\u202fLubin, qui lui a succ\u00e9d\u00e9.<\/p>\n<p class=\"asset asset-text\">Idem pour Sophie\u202fDessus (PS), d\u00e9put\u00e9e de la Corr\u00e8ze, d\u00e9c\u00e9d\u00e9e en mars\u00a02016\u00a0et remplac\u00e9e par son suppl\u00e9ant Alain Ballay, vice-pr\u00e9sident du conseil g\u00e9n\u00e9ral de la Corr\u00e8ze. Patrick\u202fRoy (PS), d\u00e9put\u00e9 du Nord, mort en mai\u00a02011, a \u00e9t\u00e9 remplac\u00e9 par\u00a0sa suppl\u00e9ante Marie-Claude Marchand.<\/p>\n<p class=\"asset asset-text\">En 2008, le 17\u00a0novembre, le\u00a0d\u00e9put\u00e9 UMP de la 9e circonscription de Moselle\u00a0et ancien maire de Thionville, <a href=\"https:\/\/www.lemonde.fr\/societe\/article\/2008\/11\/24\/la-derive-fatale-du-depute-demange_1122331_3224.html\" target=\"_blank\" rel=\"noopener nofollow\" title=\"Nouvelle fen\u00eatre\">Jean-Marie Demange<\/a>, s\u2019est suicid\u00e9 apr\u00e8s avoir tu\u00e9 son ancienne ma\u00eetresse. Il a \u00e9t\u00e9 remplac\u00e9 \u00e0 l\u2019Assembl\u00e9e nationale par sa suppl\u00e9ante, Anne Grommerch, qui est devenue aussi maire de Thionville en 2015.<\/p>\n<p class=\"asset asset-text\">Enfin, dernier en date, <a href=\"https:\/\/www.huffingtonpost.fr\/politique\/article\/jean-francois-cesarini-depute-lrem-du-vaucluse-est-mort_161612.html\" rel=\"nofollow noopener\" target=\"_blank\">Jean-Fran\u00e7ois Cesarini <\/a>d\u00e9put\u00e9 LREM\u00a0de la premi\u00e8re circonscription du Vaucluse, d\u00e9c\u00e9d\u00e9 le 29\u00a0mars\u00a02020 des suites d\u2019un cancer, a \u00e9t\u00e9 remplac\u00e9 par sa suppl\u00e9ante Souad Zitouni.<\/p>\n","protected":false},"excerpt":{"rendered":"STEPHANE DE SAKUTIN \/ AFP Mort d\u2019Olivier Marleix\u00a0: que se passe-t-il lorsqu\u2019un d\u00e9put\u00e9 d\u00e9c\u00e8de en cours de mandat\u00a0?&hellip;\n","protected":false},"author":2,"featured_media":233527,"comment_status":"","ping_status":"","sticky":false,"template":"","format":"standard","meta":{"footnotes":""},"categories":[4],"tags":[11,422,1011,27,6968,12,316,25],"class_list":{"0":"post-233526","1":"post","2":"type-post","3":"status-publish","4":"format-standard","5":"has-post-thumbnail","7":"category-france","8":"tag-actualites","9":"tag-depute","10":"tag-fr","11":"tag-france","12":"tag-mortalite","13":"tag-news","14":"tag-politique","15":"tag-republique-francaise"},"share_on_mastodon":{"url":"https:\/\/pubeurope.com\/@fr\/114814051016875514","error":""},"_links":{"self":[{"href":"https:\/\/www.europesays.com\/fr\/wp-json\/wp\/v2\/posts\/233526","targetHints":{"allow":["GET"]}}],"collection":[{"href":"https:\/\/www.europesays.com\/fr\/wp-json\/wp\/v2\/posts"}],"about":[{"href":"https:\/\/www.europesays.com\/fr\/wp-json\/wp\/v2\/types\/post"}],"author":[{"embeddable":true,"href":"https:\/\/www.europesays.com\/fr\/wp-json\/wp\/v2\/users\/2"}],"replies":[{"embeddable":true,"href":"https:\/\/www.europesays.com\/fr\/wp-json\/wp\/v2\/comments?post=233526"}],"version-history":[{"count":0,"href":"https:\/\/www.europesays.com\/fr\/wp-json\/wp\/v2\/posts\/233526\/revisions"}],"wp:featuredmedia":[{"embeddable":true,"href":"https:\/\/www.europesays.com\/fr\/wp-json\/wp\/v2\/media\/233527"}],"wp:attachment":[{"href":"https:\/\/www.europesays.com\/fr\/wp-json\/wp\/v2\/media?parent=233526"}],"wp:term":[{"taxonomy":"category","embeddable":true,"href":"https:\/\/www.europesays.com\/fr\/wp-json\/wp\/v2\/categories?post=233526"},{"taxonomy":"post_tag","embeddable":true,"href":"https:\/\/www.europesays.com\/fr\/wp-json\/wp\/v2\/tags?post=233526"}],"curies":[{"name":"wp","href":"https:\/\/api.w.org\/{rel}","templated":true}]}}