{"id":233534,"date":"2025-07-07T21:25:19","date_gmt":"2025-07-07T21:25:19","guid":{"rendered":"https:\/\/www.europesays.com\/fr\/233534\/"},"modified":"2025-07-07T21:25:19","modified_gmt":"2025-07-07T21:25:19","slug":"les-ateliers-de-lete-au-jardin-botanique-jean-marie-pelt","status":"publish","type":"post","link":"https:\/\/www.europesays.com\/fr\/233534\/","title":{"rendered":"Les ateliers de l\u2019\u00e9t\u00e9 au Jardin botanique Jean-Marie Pelt"},"content":{"rendered":"<p>Le Jardin botanique Jean-Marie Pelt convie les enfants de 4 \u00e0 6 ans et ceux de 7 \u00e0 11 ans \u00e0 des ateliers tout au long du mois de juillet. Au programme, des visites des serres et de l\u2019expo Coco &amp; co, des promenades parmi les arbres du parc, des histoires \u00e0 \u00e9couter, des graines \u00e0 planter, des jeux \u00e0 partager et m\u00eame des g\u00e2teaux \u00e0 fabriquer\u2026 Le nombre de places par atelier est limit\u00e9 \u00e0 12 enfants pour les 7-11 ans et 8 pour les 4-6 ans.<\/p>\n<p class=\"note\">Jardin botanique \u00e0 Villers-l\u00e8s-Nancy. Jusqu\u2019au 31\u00a0juillet. Le tarif est de 5,60\u00a0\u20ac par participant. Renseignements au 03\u00a083\u00a041\u00a047\u00a047.<\/p>\n","protected":false},"excerpt":{"rendered":"Le Jardin botanique Jean-Marie Pelt convie les enfants de 4 \u00e0 6 ans et ceux de 7 \u00e0&hellip;\n","protected":false},"author":2,"featured_media":233535,"comment_status":"","ping_status":"","sticky":false,"template":"","format":"standard","meta":{"footnotes":""},"categories":[9635],"tags":[1111,11,1687,1704,1777,674,1011,27,775,10262,1702,12,25,10261],"class_list":{"0":"post-233534","1":"post","2":"type-post","3":"status-publish","4":"format-standard","5":"has-post-thumbnail","7":"category-nancy","8":"tag-actu","9":"tag-actualites","10":"tag-culture-loisirs","11":"tag-edition-nancy-et-agglomeration","12":"tag-eu","13":"tag-europe","14":"tag-fr","15":"tag-france","16":"tag-grand-est","17":"tag-metropole-du-grand-nancy-54b5","18":"tag-nancy","19":"tag-news","20":"tag-republique-francaise","21":"tag-villers-les-nancy"},"share_on_mastodon":{"url":"https:\/\/pubeurope.com\/@fr\/114814066635287313","error":""},"_links":{"self":[{"href":"https:\/\/www.europesays.com\/fr\/wp-json\/wp\/v2\/posts\/233534","targetHints":{"allow":["GET"]}}],"collection":[{"href":"https:\/\/www.europesays.com\/fr\/wp-json\/wp\/v2\/posts"}],"about":[{"href":"https:\/\/www.europesays.com\/fr\/wp-json\/wp\/v2\/types\/post"}],"author":[{"embeddable":true,"href":"https:\/\/www.europesays.com\/fr\/wp-json\/wp\/v2\/users\/2"}],"replies":[{"embeddable":true,"href":"https:\/\/www.europesays.com\/fr\/wp-json\/wp\/v2\/comments?post=233534"}],"version-history":[{"count":0,"href":"https:\/\/www.europesays.com\/fr\/wp-json\/wp\/v2\/posts\/233534\/revisions"}],"wp:featuredmedia":[{"embeddable":true,"href":"https:\/\/www.europesays.com\/fr\/wp-json\/wp\/v2\/media\/233535"}],"wp:attachment":[{"href":"https:\/\/www.europesays.com\/fr\/wp-json\/wp\/v2\/media?parent=233534"}],"wp:term":[{"taxonomy":"category","embeddable":true,"href":"https:\/\/www.europesays.com\/fr\/wp-json\/wp\/v2\/categories?post=233534"},{"taxonomy":"post_tag","embeddable":true,"href":"https:\/\/www.europesays.com\/fr\/wp-json\/wp\/v2\/tags?post=233534"}],"curies":[{"name":"wp","href":"https:\/\/api.w.org\/{rel}","templated":true}]}}