{"id":233536,"date":"2025-07-07T21:27:31","date_gmt":"2025-07-07T21:27:31","guid":{"rendered":"https:\/\/www.europesays.com\/fr\/233536\/"},"modified":"2025-07-07T21:27:31","modified_gmt":"2025-07-07T21:27:31","slug":"nancyphonies-falla-le-parisien","status":"publish","type":"post","link":"https:\/\/www.europesays.com\/fr\/233536\/","title":{"rendered":"Nancyphonies Falla le Parisien"},"content":{"rendered":"<p>La soprano Maya Villanueva sera accompagn\u00e9e au piano par David Saudubray pour interpr\u00e9ter des \u0153uvres de Manuel de Falla. Le programme refl\u00e8te les multiples facettes du g\u00e9nie de l\u2019immense compositeur espagnol Manuel de Falla, en explorant ses relations profondes avec l\u2019univers foisonnant du Paris du d\u00e9but du 20e si\u00e8cle. Si l\u2019influence d\u2019Albeniz se ressent encore chez Falla, son attirance pour Debussy, Franck et Ravel est notable, pour aboutir \u00e0 un style unique qui m\u00eale les cultures hispaniques et fran\u00e7aise.<\/p>\n<p class=\"note\">Mercredi 9\u00a0juillet, \u00e0 18\u00a0h, dans les grands salons de l\u2019h\u00f4tel de ville, place Stanislas, \u00e0 Nancy. Tarifs\u00a0: 25\u00a0\u20ac et 15\u00a0\u20ac. R\u00e9servations aux 09\u00a084\u00a015\u00a052\u00a049.<\/p>\n","protected":false},"excerpt":{"rendered":"La soprano Maya Villanueva sera accompagn\u00e9e au piano par David Saudubray pour interpr\u00e9ter des \u0153uvres de Manuel de&hellip;\n","protected":false},"author":2,"featured_media":233537,"comment_status":"","ping_status":"","sticky":false,"template":"","format":"standard","meta":{"footnotes":""},"categories":[9635],"tags":[1111,11,1687,1704,1777,674,1011,27,775,873,1702,1703,12,25],"class_list":{"0":"post-233536","1":"post","2":"type-post","3":"status-publish","4":"format-standard","5":"has-post-thumbnail","7":"category-nancy","8":"tag-actu","9":"tag-actualites","10":"tag-culture-loisirs","11":"tag-edition-nancy-et-agglomeration","12":"tag-eu","13":"tag-europe","14":"tag-fr","15":"tag-france","16":"tag-grand-est","17":"tag-musique","18":"tag-nancy","19":"tag-nancy-ville-54b","20":"tag-news","21":"tag-republique-francaise"},"share_on_mastodon":{"url":"https:\/\/pubeurope.com\/@fr\/114814074518695069","error":""},"_links":{"self":[{"href":"https:\/\/www.europesays.com\/fr\/wp-json\/wp\/v2\/posts\/233536","targetHints":{"allow":["GET"]}}],"collection":[{"href":"https:\/\/www.europesays.com\/fr\/wp-json\/wp\/v2\/posts"}],"about":[{"href":"https:\/\/www.europesays.com\/fr\/wp-json\/wp\/v2\/types\/post"}],"author":[{"embeddable":true,"href":"https:\/\/www.europesays.com\/fr\/wp-json\/wp\/v2\/users\/2"}],"replies":[{"embeddable":true,"href":"https:\/\/www.europesays.com\/fr\/wp-json\/wp\/v2\/comments?post=233536"}],"version-history":[{"count":0,"href":"https:\/\/www.europesays.com\/fr\/wp-json\/wp\/v2\/posts\/233536\/revisions"}],"wp:featuredmedia":[{"embeddable":true,"href":"https:\/\/www.europesays.com\/fr\/wp-json\/wp\/v2\/media\/233537"}],"wp:attachment":[{"href":"https:\/\/www.europesays.com\/fr\/wp-json\/wp\/v2\/media?parent=233536"}],"wp:term":[{"taxonomy":"category","embeddable":true,"href":"https:\/\/www.europesays.com\/fr\/wp-json\/wp\/v2\/categories?post=233536"},{"taxonomy":"post_tag","embeddable":true,"href":"https:\/\/www.europesays.com\/fr\/wp-json\/wp\/v2\/tags?post=233536"}],"curies":[{"name":"wp","href":"https:\/\/api.w.org\/{rel}","templated":true}]}}