{"id":233539,"date":"2025-07-07T21:29:12","date_gmt":"2025-07-07T21:29:12","guid":{"rendered":"https:\/\/www.europesays.com\/fr\/233539\/"},"modified":"2025-07-07T21:29:12","modified_gmt":"2025-07-07T21:29:12","slug":"appels-durgence-accidents-et-noyades-sur-la-cote-un-ete-denfer-pour-le-samu-de-toulon-appels-durgence","status":"publish","type":"post","link":"https:\/\/www.europesays.com\/fr\/233539\/","title":{"rendered":"Appels d&rsquo;urgence &#8211; Accidents et noyades sur la c\u00f4te : un \u00e9t\u00e9 d&rsquo;enfer pour le Samu de Toulon &#8211; Appels d&rsquo;urgence"},"content":{"rendered":"<p id=\"descriptionPanel\" aria-labelledby=\"descriptionArrow\" aria-expanded=\"false\" class=\"mr-2 line-clamp-2 pr-2.5 text-secondary overflow-visible\">C\u2019est bien connu, la C\u00f4te d\u2019Azur est l\u2019une des destinations pr\u00e9f\u00e9r\u00e9es des Fran\u00e7ais l\u2019\u00e9t\u00e9. Durant les vacances, sa population est multipli\u00e9e par 8 !&#13;Alors, avec une affluence pareille, ce paradis pour touristes se transforme rapidement en cauchemar pour les services d\u2019urgence. Le Samu de Toulon et ses 50 m\u00e9decins et infirmi\u00e8res, est tous particuli\u00e8rement exp\u00e9riment\u00e9s et habitu\u00e9s aux interventions compliqu\u00e9es. &#13;Mais cet \u00e9t\u00e9, ils ont connu une saison d\u2019enfer avec en moyenne 5 sorties par jour, et des sorties dont ils se souviendront. &#13;En cause, le carnage des deux-roues : conduites \u00e0 risque, collisions frontales et accidents dramatiques o\u00f9 chaque minute compte pour sauver des victimes par dizaines. &#13;Et surtout, une s\u00e9rie noire de noyades qui concernent de plus en plus de jeunes enfants ou adolescents qui ne savent pas bien nager. &#13;Mais l\u00e0 aussi, les urgentistes du Samu de Toulon ont r\u00e9alis\u00e9 des miracles au cours d\u2019interventions tr\u00e8s \u00e9mouvantes.<\/p>\n<p><a class=\"shrink-0\" href=\"https:\/\/www.tf1.fr\/tfx\/appels-urgence\" rel=\"nofollow noopener\" target=\"_blank\"><img decoding=\"async\" src=\"https:\/\/www.europesays.com\/fr\/wp-content\/uploads\/2025\/07\/flux-vignette-portrait-appels-durgence-2023-178c48-14a767-5ddf28-0@1x.jpg\" width=\"138\" height=\"184\" alt=\"\" loading=\"eager\" fetchpriority=\"auto\" class=\"aspect-[3\/4] h-24 w-auto rounded-3px\" aria-hidden=\"true\"\/><\/a><\/p>\n","protected":false},"excerpt":{"rendered":"C\u2019est bien connu, la C\u00f4te d\u2019Azur est l\u2019une des destinations pr\u00e9f\u00e9r\u00e9es des Fran\u00e7ais l\u2019\u00e9t\u00e9. Durant les vacances, sa&hellip;\n","protected":false},"author":2,"featured_media":233540,"comment_status":"","ping_status":"","sticky":false,"template":"","format":"standard","meta":{"footnotes":""},"categories":[9619],"tags":[1111,11,23233,23232,2889,23231,1777,674,1011,27,12,882,25,23235,2310,23234,23236],"class_list":{"0":"post-233539","1":"post","2":"type-post","3":"status-publish","4":"format-standard","5":"has-post-thumbnail","7":"category-toulon","8":"tag-actu","9":"tag-actualites","10":"tag-appels-durgence","11":"tag-appels-durgence-emission","12":"tag-emission","13":"tag-emission-appels-durgence","14":"tag-eu","15":"tag-europe","16":"tag-fr","17":"tag-france","18":"tag-news","19":"tag-provence-alpes-cote-dazur","20":"tag-republique-francaise","21":"tag-streaming-appels-durgence","22":"tag-toulon","23":"tag-video-appels-durgence","24":"tag-video-en-streaming-appels-durgence"},"share_on_mastodon":{"url":"https:\/\/pubeurope.com\/@fr\/114814082390275440","error":""},"_links":{"self":[{"href":"https:\/\/www.europesays.com\/fr\/wp-json\/wp\/v2\/posts\/233539","targetHints":{"allow":["GET"]}}],"collection":[{"href":"https:\/\/www.europesays.com\/fr\/wp-json\/wp\/v2\/posts"}],"about":[{"href":"https:\/\/www.europesays.com\/fr\/wp-json\/wp\/v2\/types\/post"}],"author":[{"embeddable":true,"href":"https:\/\/www.europesays.com\/fr\/wp-json\/wp\/v2\/users\/2"}],"replies":[{"embeddable":true,"href":"https:\/\/www.europesays.com\/fr\/wp-json\/wp\/v2\/comments?post=233539"}],"version-history":[{"count":0,"href":"https:\/\/www.europesays.com\/fr\/wp-json\/wp\/v2\/posts\/233539\/revisions"}],"wp:featuredmedia":[{"embeddable":true,"href":"https:\/\/www.europesays.com\/fr\/wp-json\/wp\/v2\/media\/233540"}],"wp:attachment":[{"href":"https:\/\/www.europesays.com\/fr\/wp-json\/wp\/v2\/media?parent=233539"}],"wp:term":[{"taxonomy":"category","embeddable":true,"href":"https:\/\/www.europesays.com\/fr\/wp-json\/wp\/v2\/categories?post=233539"},{"taxonomy":"post_tag","embeddable":true,"href":"https:\/\/www.europesays.com\/fr\/wp-json\/wp\/v2\/tags?post=233539"}],"curies":[{"name":"wp","href":"https:\/\/api.w.org\/{rel}","templated":true}]}}