{"id":23354,"date":"2025-04-14T00:31:16","date_gmt":"2025-04-14T00:31:16","guid":{"rendered":"https:\/\/www.europesays.com\/fr\/23354\/"},"modified":"2025-04-14T00:31:16","modified_gmt":"2025-04-14T00:31:16","slug":"toujours-quelque-chose-qui-ne-semble-pas-abouti-deplore-le-staff-de-lubb-apres-la-victoire-contre-le-munster","status":"publish","type":"post","link":"https:\/\/www.europesays.com\/fr\/23354\/","title":{"rendered":"\u00abToujours quelque chose qui ne semble pas abouti\u00bb, d\u00e9plore le staff de l\u2019UBB apr\u00e8s la victoire contre le Munster"},"content":{"rendered":"<p>Bordeaux-B\u00e8gles a domin\u00e9 le Munster 47 \u00e0 29 en quart de finale de Champions Cup samedi \u00e0 Bordeaux, et disputera la deuxi\u00e8me demi-finale europ\u00e9enne de son histoire apr\u00e8s celle de 2021.<\/p>\n<p class=\"fig-paragraph\"><strong>Christophe Laussucq<\/strong> (entra\u00eeneur de la d\u00e9fense de\u00a0<a href=\"http:\/\/www.lefigaro.fr\/sports\/rugby\/coupe-d-europe\/champions-cup-bordeaux-begles-se-fait-peur-contre-le-munster-mais-se-hisse-pour-la-deuxieme-fois-en-demi-finale-20250412\" data-fig-type=\"NewsFlash\" data-gtm-custom-categorie=\"navigation\" data-gtm-custom-action=\"crossclick\" data-gtm-custom-label=\"Contextuel\" data-gtm-event=\"customEventSPE\" data-fig-domain=\"LEFIGARO\" target=\"_blank\" rel=\"noopener\">Bordeaux-B\u00e8gles<\/a>, qualifi\u00e9 pour\u00a0<a href=\"http:\/\/www.lefigaro.fr\/sports\/rugby\/coupe-d-europe\/ubb-munster-penaud-et-les-bordelais-retrouvent-les-demies-cazeaux-voit-rouge-les-tops-et-les-flops-20250412\" data-fig-type=\"NewsFlash\" data-gtm-custom-categorie=\"navigation\" data-gtm-custom-action=\"crossclick\" data-gtm-custom-label=\"Contextuel\" data-gtm-event=\"customEventSPE\" data-fig-domain=\"LEFIGARO\" target=\"_blank\" rel=\"noopener\">les demi-finales de la Champions Cup<\/a>\u00a0apr\u00e8s sa victoire sur le Munster)\u00a0: \u00abC&rsquo;est un peu \u00e0 l&rsquo;image de nos derniers matches avec des p\u00e9riodes tr\u00e8s bonnes o\u00f9 on est efficace, en place, on marque et on aurait pu marquer plus, et des trous d&rsquo;air. Il y a toujours quelque chose dans nos matches qui ne semble pas abouti et on perd la ma\u00eetrise. On ne s&rsquo;est pas senti en danger pendant une grosse partie de ce match donc c&rsquo;est un sentiment mitig\u00e9. Malgr\u00e9 tout, on fait un bon match, on marque encore beaucoup de points avec un spectacle de qualit\u00e9.\u00bb<\/p>\n<p class=\"fig-paragraph\"><strong>Ian Costello <\/strong>(entra\u00eeneur du Munster)\u00a0: \u00abNous avons eu du mal avec les touches et avons perdu beaucoup de ballons et contre toutes les \u00e9quipes de rugby europ\u00e9en, lorsqu&rsquo;on perd des ballons, elles en profitent. C&rsquo;est vraiment d\u00e9cevant de ne pas revenir \u00e0 moins de sept points avec quatre ou cinq minutes au compteur alors qu&rsquo;ils \u00e9taient r\u00e9duits \u00e0 13, j&rsquo;aurais aim\u00e9 voir ce que cela aurait donn\u00e9.\u00bb<\/p><\/p>\n","protected":false},"excerpt":{"rendered":"Bordeaux-B\u00e8gles a domin\u00e9 le Munster 47 \u00e0 29 en quart de finale de Champions Cup samedi \u00e0 Bordeaux,&hellip;\n","protected":false},"author":2,"featured_media":23355,"comment_status":"","ping_status":"","sticky":false,"template":"","format":"standard","meta":{"footnotes":""},"categories":[2],"tags":[11,3463,525,2211,3460,1089,814,2396,1011,27,3462,955,2411,7975,12,3464,2311,25,1980,479,2259,2310,2312,4364,7974],"class_list":{"0":"post-23354","1":"post","2":"type-post","3":"status-publish","4":"format-standard","5":"has-post-thumbnail","7":"category-actualites","8":"tag-actualites","9":"tag-biarritz","10":"tag-calendrier","11":"tag-championnat-deurope","12":"tag-champions-cup","13":"tag-coupe-deurope","14":"tag-direct","15":"tag-finale","16":"tag-fr","17":"tag-france","18":"tag-leinster","19":"tag-match","20":"tag-munster","21":"tag-munster-rugby","22":"tag-news","23":"tag-perpignan","24":"tag-racing","25":"tag-republique-francaise","26":"tag-resultats","27":"tag-rugby","28":"tag-score","29":"tag-toulon","30":"tag-toulouse","31":"tag-ubb","32":"tag-union-bordeaux-begles"},"share_on_mastodon":{"url":"https:\/\/pubeurope.com\/@fr\/114333501563389805","error":""},"_links":{"self":[{"href":"https:\/\/www.europesays.com\/fr\/wp-json\/wp\/v2\/posts\/23354","targetHints":{"allow":["GET"]}}],"collection":[{"href":"https:\/\/www.europesays.com\/fr\/wp-json\/wp\/v2\/posts"}],"about":[{"href":"https:\/\/www.europesays.com\/fr\/wp-json\/wp\/v2\/types\/post"}],"author":[{"embeddable":true,"href":"https:\/\/www.europesays.com\/fr\/wp-json\/wp\/v2\/users\/2"}],"replies":[{"embeddable":true,"href":"https:\/\/www.europesays.com\/fr\/wp-json\/wp\/v2\/comments?post=23354"}],"version-history":[{"count":0,"href":"https:\/\/www.europesays.com\/fr\/wp-json\/wp\/v2\/posts\/23354\/revisions"}],"wp:featuredmedia":[{"embeddable":true,"href":"https:\/\/www.europesays.com\/fr\/wp-json\/wp\/v2\/media\/23355"}],"wp:attachment":[{"href":"https:\/\/www.europesays.com\/fr\/wp-json\/wp\/v2\/media?parent=23354"}],"wp:term":[{"taxonomy":"category","embeddable":true,"href":"https:\/\/www.europesays.com\/fr\/wp-json\/wp\/v2\/categories?post=23354"},{"taxonomy":"post_tag","embeddable":true,"href":"https:\/\/www.europesays.com\/fr\/wp-json\/wp\/v2\/tags?post=23354"}],"curies":[{"name":"wp","href":"https:\/\/api.w.org\/{rel}","templated":true}]}}