{"id":233555,"date":"2025-07-07T21:40:23","date_gmt":"2025-07-07T21:40:23","guid":{"rendered":"https:\/\/www.europesays.com\/fr\/233555\/"},"modified":"2025-07-07T21:40:23","modified_gmt":"2025-07-07T21:40:23","slug":"ce-week-end-strasbourg-accueille-10-concerts-a-prix-libre","status":"publish","type":"post","link":"https:\/\/www.europesays.com\/fr\/233555\/","title":{"rendered":"ce week-end, Strasbourg accueille 10 concerts \u00e0 prix libre !"},"content":{"rendered":"<p><b>Cette ann\u00e9e encore, le festival Jazz \u00e0 la Petite France, un des temps forts de la vie culturelle strasbourgeoise, revient avec un programme p\u00e9tillant pour rythmer les chaudes nuits d\u2019\u00e9t\u00e9. Du 11 au 13 juillet, la place Saint-Thomas accueillera environ 5000 personnes, faisant la part belle \u00e0 des sonorit\u00e9s du monde entier et aux artistes f\u00e9minines. <\/b><\/p>\n<p>Depuis cinq \u00e9ditions d\u00e9j\u00e0, <strong>le festival Jazz \u00e0 la Petite France r\u00e9unit plusieurs milliers de personnes<\/strong> qui font le d\u00e9placement pour venir se r\u00e9galer d\u2019un programme riche et h\u00e9t\u00e9roclite,<strong> mettant en avant des c\u00e9l\u00e9brit\u00e9s nationales, mais aussi quelques perles locales.<\/strong><\/p>\n<p>Sur trois jours, ce sont 10 concerts, 2 jams et pas moins de 45 heures d\u2019atelier qui <strong>rythmeront le centre-ville de Strasbourg<\/strong>, de la place Saint-Thomas en passant par le L\u00c0AB et la M\u00e9diath\u00e8que Olympe-de-Gouges. <\/p>\n<p>                <img width=\"750\" height=\"500\" src=\"https:\/\/www.europesays.com\/fr\/wp-content\/uploads\/2025\/07\/296036765-381274757468832-7578861185777077104-n-750x500.jpg\" class=\"attachment-gallery size-gallery\" alt=\"Jazz \u00e0 la petite France\" data-full-url=\"https:\/\/pokaa.fr\/wp-content\/uploads\/2023\/07\/296036765-381274757468832-7578861185777077104-n.jpg\" decoding=\"async\" loading=\"lazy\"  \/>            <\/p>\n<p>                <img width=\"879\" height=\"500\" src=\"https:\/\/www.europesays.com\/fr\/wp-content\/uploads\/2025\/07\/jazz-petite-france-3-879x500.jpg\" class=\"attachment-gallery size-gallery\" alt=\"jazz petite france \u2013 3\" data-full-url=\"https:\/\/pokaa.fr\/wp-content\/uploads\/2023\/04\/jazz-petite-france-3.jpg\" decoding=\"async\" loading=\"lazy\"  \/>            <\/p>\n<p>                <img width=\"752\" height=\"500\" src=\"https:\/\/www.europesays.com\/fr\/wp-content\/uploads\/2025\/07\/220719_pka_strasbourg_ete-27.jpg\" class=\"attachment-gallery size-gallery\" alt=\"Strasbourg \u00e9t\u00e9 chill concert jazz petite france\" data-full-url=\"https:\/\/www.europesays.com\/fr\/wp-content\/uploads\/2025\/07\/220719_pka_strasbourg_ete-27.jpg\" decoding=\"async\" loading=\"lazy\"  \/>            <\/p>\n<p>                    1. 2. \u00a9 Site web de Jazz \u00e0 la Petite France \/ Captures d&rsquo;\u00e9cran ; 3. \u00a9 Adrien Labit \/ Pokaa<\/p>\n<p>Une programmation engag\u00e9e<\/p>\n<p>Jazz \u00e0 la Petite France est n\u00e9 de l\u2019initiative de S\u00e9verine Capiello. Si ce nom ne vous est pas inconnu, c\u2019est peut-\u00eatre parce que vous avez d\u00e9j\u00e0 eu l\u2019occasion de vous rendre \u00e0 l\u2019un des \u00e9v\u00e9nements de l\u2019association Sturm Production, comme <strong>le festival Music&amp;lles qui met la cr\u00e9ation f\u00e9minine au c\u0153ur de sa programmation<\/strong>. Un point de militantisme central pour la Sturm\u2019.<\/p>\n<p><b>C\u2019est donc tout naturellement que les femmes repr\u00e9sentent plus de 50% des personnes programm\u00e9es lors de Jazz \u00e0 la Petite France cette ann\u00e9e.<\/b> Un chiffre quatre fois sup\u00e9rieur \u00e0 la moyenne nationale ! Parmi tant d\u2019autres, voici une bonne raison d\u2019aller donner de la force \u00e0 un festival qui se bat pour plus d\u2019\u00e9galit\u00e9 dans le milieu de la musique.<\/p>\n<p>    <img width=\"800\" height=\"533\" src=\"https:\/\/www.europesays.com\/fr\/wp-content\/uploads\/2025\/07\/374617-02eaaa07817f4205b8f35937d91b82b6-mv2-800x533.jpg\" class=\"attachment-image-size-L size-image-size-L\" alt=\"Jazz \u00e0 la Petite France\" decoding=\"async\" loading=\"lazy\"  \/>         \u00a9 Site web de Jazz \u00e0 la Petite France \/ Capture d&rsquo;\u00e9cran <\/p>\n<p>Des ic\u00f4nes, du saxophone et de la po\u00e9sie<\/p>\n<p><b>Pendant trois jours, Strasbourg verra ses pav\u00e9s foul\u00e9s par des grands noms du jazz <\/b>comme Nicole Joh\u00e4nntgen 4TET qui proposera un set tr\u00e8s groove, mais aussi Sarah Lenka, prix Sacem de la meilleure artiste f\u00e9minine en 2007. On retrouvera aussi le duo de saxophonistes Mamie Jotax, aux sonorit\u00e9s multiples, empreintes de m\u00e9lancolie, glan\u00e9es un peu partout sur les routes.<\/p>\n<\/p>\n<p>Le deuxi\u00e8me jour, <strong>Ma\u00eb Defays Trio, voix envo\u00fbtante aux influences afro-carib\u00e9ennes,<\/strong> aper\u00e7ue il y a quelques jours seulement au Wolfi Jazz Festival, nous refera l\u2019honneur de sa pr\u00e9sence sur une sc\u00e8ne locale. Elle partagera la soir\u00e9e avec, entre autres, le collectif berlinois Sonic Interventions, groupe de jam multiculturel, aux sets po\u00e9tiques et m\u00e9ditatifs.<\/p>\n<\/p>\n<p>Une vitrine de la sc\u00e8ne locale<\/p>\n<p><b>Mais Jazz \u00e0 la Petite France, c\u2019est aussi une vitrine de la sc\u00e8ne strasbourgeoise et son vivier de jeunes talents.<\/b> On retrouvera le Midva Lofi Ensemble, un projet du pianiste Nils Boyny, aka Midva. <\/p>\n<p>\u00c0 ses c\u00f4t\u00e9s, Ingrid Laventure, Lara Issa, Jo\u00ebl Brown, et tant d\u2019autres sur le plateau All Stras, <b>une \u00ab dream team strasbourgeoise \u00bb, compos\u00e9e de 10 personnalit\u00e9s du jazz local, qui viendront revisiter des grands hits issus de la sc\u00e8ne strasbourgeoise des ann\u00e9es 2000.<\/b><\/p>\n<p>                <img width=\"750\" height=\"500\" src=\"https:\/\/www.europesays.com\/fr\/wp-content\/uploads\/2025\/07\/374617-bcb98719462a448b968dc17110af3700-mv2-750x500.jpg\" class=\"attachment-gallery size-gallery\" alt=\"Jazz \u00e0 la Petite France\" data-full-url=\"https:\/\/pokaa.fr\/wp-content\/uploads\/2025\/07\/06\/374617-bcb98719462a448b968dc17110af3700-mv2.jpg\" decoding=\"async\" loading=\"lazy\"  \/>            <\/p>\n<p>                <img width=\"749\" height=\"500\" src=\"https:\/\/www.europesays.com\/fr\/wp-content\/uploads\/2025\/07\/296053696-381268794136095-8929803323832553878-n-749x500.jpg\" class=\"attachment-gallery size-gallery\" alt=\"Jazz \u00e0 la petite France\" data-full-url=\"https:\/\/pokaa.fr\/wp-content\/uploads\/2023\/07\/296053696-381268794136095-8929803323832553878-n.jpg\" decoding=\"async\" loading=\"lazy\"  \/>            <\/p>\n<p>                    \u00a9 Site web de Jazz \u00e0 la Petite France \/ Captures d&rsquo;\u00e9cran<\/p>\n<p><strong>Le vendredi et le samedi soir auront lieu des jams qui cl\u00f4tureront les journ\u00e9es de concert.<\/strong> Ces soir\u00e9es, anim\u00e9es par Ingrid Laventure et Louise Wetterwald, seront une belle occasion de permettre \u00e0 toutes et tous de venir occuper la sc\u00e8ne, et de renouer avec l\u2019essence m\u00eame du jazz, \u00e0 savoir <strong>la rencontre fortuite de sonorit\u00e9s et de personnalit\u00e9s, qui laisseront la magie de l\u2019improvisation donner vie \u00e0 ce moment hors du temps.<\/strong><\/p>\n<\/p>\n<p><strong>Tout le festival est \u00e0 prix libre : \u00ab Ce qui ne veut pas dire gratuit \u00bb<\/strong><strong>, pr\u00e9cise S\u00e9verine Capiello.<\/strong> Organis\u00e9 par la Sturm Production, tr\u00e8s touch\u00e9e par les coupes budg\u00e9taires importantes qui \u00e9touffent le milieu culturel, le festival se bat pour sa survie. <\/p>\n<p>Un prix juste est demand\u00e9, avec des concerts \u00e0 5\u20ac, des journ\u00e9es \u00e0 15\u20ac, ou trois jours de festival pour 50\u20ac, afin de <strong>pouvoir r\u00e9mun\u00e9rer le plus justement possible toutes les personnes impliqu\u00e9es<\/strong> dans ce moment festif, mais aussi de pouvoir profiter d\u2019une sixi\u00e8me \u00e9dition l\u2019ann\u00e9e prochaine.<\/p>\n<p>            Jazz \u00e0 la Petite France<\/p>\n<p>            Quoi ? <\/p>\n<p>Concerts, ateliers, workshop et jams<\/p>\n<p>                Quand ?<\/p>\n<p>Du vendredi 11 juillet au dimanche 13 juillet 2025<\/p>\n<p>            o\u00f9 ?<\/p>\n<p>Place Saint-Thomas, \u00e0 Strasbourg<\/p>\n<p>                Plus d&rsquo;infos ?<\/p>\n<p><a href=\"https:\/\/www.jazzalapetitefrance.com\/\" target=\"_blank\" rel=\"noopener\">Site web du festival<\/a><\/p>\n","protected":false},"excerpt":{"rendered":"Cette ann\u00e9e encore, le festival Jazz \u00e0 la Petite France, un des temps forts de la vie culturelle&hellip;\n","protected":false},"author":2,"featured_media":233556,"comment_status":"","ping_status":"","sticky":false,"template":"","format":"standard","meta":{"footnotes":""},"categories":[2820],"tags":[1111,11,4156,1777,674,849,1011,27,775,6910,37231,12,25,640],"class_list":{"0":"post-233555","1":"post","2":"type-post","3":"status-publish","4":"format-standard","5":"has-post-thumbnail","7":"category-strasbourg","8":"tag-actu","9":"tag-actualites","10":"tag-concerts","11":"tag-eu","12":"tag-europe","13":"tag-festival","14":"tag-fr","15":"tag-france","16":"tag-grand-est","17":"tag-jazz","18":"tag-jazz-a-la-petite-france","19":"tag-news","20":"tag-republique-francaise","21":"tag-strasbourg"},"share_on_mastodon":{"url":"https:\/\/pubeurope.com\/@fr\/114814125919700624","error":""},"_links":{"self":[{"href":"https:\/\/www.europesays.com\/fr\/wp-json\/wp\/v2\/posts\/233555","targetHints":{"allow":["GET"]}}],"collection":[{"href":"https:\/\/www.europesays.com\/fr\/wp-json\/wp\/v2\/posts"}],"about":[{"href":"https:\/\/www.europesays.com\/fr\/wp-json\/wp\/v2\/types\/post"}],"author":[{"embeddable":true,"href":"https:\/\/www.europesays.com\/fr\/wp-json\/wp\/v2\/users\/2"}],"replies":[{"embeddable":true,"href":"https:\/\/www.europesays.com\/fr\/wp-json\/wp\/v2\/comments?post=233555"}],"version-history":[{"count":0,"href":"https:\/\/www.europesays.com\/fr\/wp-json\/wp\/v2\/posts\/233555\/revisions"}],"wp:featuredmedia":[{"embeddable":true,"href":"https:\/\/www.europesays.com\/fr\/wp-json\/wp\/v2\/media\/233556"}],"wp:attachment":[{"href":"https:\/\/www.europesays.com\/fr\/wp-json\/wp\/v2\/media?parent=233555"}],"wp:term":[{"taxonomy":"category","embeddable":true,"href":"https:\/\/www.europesays.com\/fr\/wp-json\/wp\/v2\/categories?post=233555"},{"taxonomy":"post_tag","embeddable":true,"href":"https:\/\/www.europesays.com\/fr\/wp-json\/wp\/v2\/tags?post=233555"}],"curies":[{"name":"wp","href":"https:\/\/api.w.org\/{rel}","templated":true}]}}