{"id":233567,"date":"2025-07-07T21:46:12","date_gmt":"2025-07-07T21:46:12","guid":{"rendered":"https:\/\/www.europesays.com\/fr\/233567\/"},"modified":"2025-07-07T21:46:12","modified_gmt":"2025-07-07T21:46:12","slug":"degradation-au-centre-gisele-halimi-lieu-daccueil-pour-victimes-de-violences-intrafamiliales-a-bordeaux","status":"publish","type":"post","link":"https:\/\/www.europesays.com\/fr\/233567\/","title":{"rendered":"D\u00e9gradation au centre Gis\u00e8le-Halimi, lieu d\u2019accueil pour victimes de violences intrafamiliales \u00e0 Bordeaux"},"content":{"rendered":"<p class=\"wp-block-post-excerpt__excerpt\">La plaque du centre Gis\u00e8le-Halimi, structure d\u2019accueil et d\u2019\u00e9coute situ\u00e9e \u00e0 Bordeaux pour les victimes de violences intrafamiliales, a \u00e9t\u00e9 arrach\u00e9e. L\u2019association APAFED, qui en assure la gestion, a port\u00e9 plainte. <\/p>\n<p class=\"font-sans\">\n\t\t\tCet article est en acc\u00e8s libre. Pour soutenir Rue89Bordeaux,<br \/>\n\t\t\t<a class=\"underline\" href=\"https:\/\/rue89bordeaux.com\/abonnement\/\" target=\"_blank\" rel=\"noopener\">abonnez-vous<\/a>.\n\t\t<\/p>\n<p>Walid Salem<\/p>\n<p>Publi\u00e9 le 7 juillet 2025\u00a0\u00a0\u00b7\u00a0\u00a0<\/p>\n<p>Imprim\u00e9 le 7 juillet 2025 \u00e0 23h42\u00a0\u00a0\u00b7\u00a0\u00a0<\/p>\n<p>\t\t\t\t\t2\u00a0minutes\n<\/p>\n<p>Dans la nuit du jeudi 3 au vendredi 4 juillet, un acte de vandalisme a vis\u00e9 le centre d\u2019accueil et d\u2019\u00e9coute Gis\u00e8le-Halimi \u00e0 Bordeaux. Na\u00efma Chara\u00ef, co-pr\u00e9sidente de l\u2019APAFED (Association pour l\u2019accueil des femmes en difficult\u00e9) qui le g\u00e8re, a d\u00e9nonc\u00e9 publiquement les faits dans un message publi\u00e9 sur LinkedIn.<\/p>\n<blockquote class=\"wp-block-quote is-layout-flow wp-block-quote-is-layout-flow\">\n<p>\u00ab\u00a0Ce matin, \u00e0 notre arriv\u00e9e au centre d\u2019accueil et d\u2019\u00e9coute Gis\u00e8le Halimi, nous avons d\u00e9couvert avec stup\u00e9faction que notre plaque avait \u00e9t\u00e9 arrach\u00e9e et cass\u00e9e dans la nuit.\u00a0\u00bb<\/p>\n<\/blockquote>\n<p>La col\u00e8re de la pr\u00e9sidente est forte d\u2019autant qu\u2019 \u00ab\u00a0il y a une quinzaine de jours d\u00e9j\u00e0, une affiche en faveur des droits des femmes avait \u00e9t\u00e9 retrouv\u00e9e d\u00e9chir\u00e9e devant notre porte\u00a0\u00bb, rapporte-t-elle.<\/p>\n<p>\t\tUne plainte a \u00e9t\u00e9 d\u00e9pos\u00e9e<\/p>\n<p>Une voisine, t\u00e9moin de l\u2019\u00e9v\u00e9nement, \u00e9voque l\u2019hypoth\u00e8se d\u2019un acte cibl\u00e9, ajoute Na\u00efma Chara\u00ef, \u00ab\u00a0possiblement li\u00e9 \u00e0 notre engagement f\u00e9ministe : tentative d\u2019intimidation d\u2019un ex-conjoint violent ou action d\u2019un militant masculiniste\u00a0\u00bb.<\/p>\n<p>Install\u00e9 avenue Thiers, \u00e0 Bordeaux rive droite, le centre Gis\u00e8le-Halimi porte un nom fort : celui d\u2019une avocate et militante f\u00e9ministe qui a marqu\u00e9 l\u2019histoire des luttes pour les droits des femmes. Il accueille et accompagne des femmes et des enfants victimes de violences conjugales. <\/p>\n<p>Ce vandalisme n\u2019est pas anodin. Il vise ce que ce centre veut incarner : un espace de protection, d\u2019\u00e9mancipation, et une parole f\u00e9ministe assum\u00e9e. \u00ab\u00a0Nous poursuivrons notre mission d\u2019\u00e9coute, de soutien et de lutte pour les droits des femmes\u00a0\u00bb, insiste Na\u00efma Chara\u00ef.<\/p>\n<p>Une plainte a \u00e9t\u00e9 d\u00e9pos\u00e9e vendredi a fait savoir la pr\u00e9sidente. A ce jour, l\u2019auteur n\u2019a toujours pas \u00e9t\u00e9 identifi\u00e9.<\/p>\n<p><img loading=\"lazy\" decoding=\"async\" width=\"792\" height=\"594\" src=\"https:\/\/www.europesays.com\/fr\/wp-content\/uploads\/2025\/07\/plaque-giselehalimi-2-792x594.jpg\" alt=\"\" class=\"wp-image-166291\"  \/> La plaque a \u00e9t\u00e9 arrach\u00e9e Photo\u00a0: document remis<\/p>\n<p>\t\tSoutien politique<\/p>\n<p>Ce lundi 7 juillet, Alain Rousset, pr\u00e9sident du Conseil r\u00e9gional de Nouvelle-Aquitaine, a r\u00e9agi dans un communiqu\u00e9 cosign\u00e9 avec Catherine La Dune, vice-pr\u00e9sidente en charge de l\u2019\u00e9galit\u00e9 femmes-hommes et de la lutte contre les discriminations :<\/p>\n<blockquote class=\"wp-block-quote is-layout-flow wp-block-quote-is-layout-flow\">\n<p>\u00ab\u00a0Face \u00e0 l\u2019acte de vandalisme abject dont elle a \u00e9t\u00e9 victime, nous tenons \u00e0 exprimer nos sentiments m\u00eal\u00e9s d\u2019outrage et de col\u00e8re, d\u2019un c\u00f4t\u00e9, et de pleine et enti\u00e8re solidarit\u00e9, de l\u2019autre, \u00e0 l\u2019APAFED du centre si bien-nomm\u00e9 Gis\u00e8le Halimi, \u00e0 Bordeaux\u00a0\u00bb, d\u00e9clarent les \u00e9lus.<\/p>\n<\/blockquote>\n<p>Un hommage appuy\u00e9 est rendu au \u00ab\u00a0travail effectu\u00e9 par l\u2019APAFED [qui] rel\u00e8ve des plus nobles missions de notre pacte r\u00e9publicain, accompagnant les femmes en situation de vuln\u00e9rabilit\u00e9 \u00e0 la fois physique et psychologique, dans une soci\u00e9t\u00e9 qui n\u2019a pas encore r\u00e9ussi \u00e0 r\u00e9pondre \u00e0 l\u2019indispensable promesse d\u2019\u00e9galit\u00e9\u00a0\u00bb.<\/p>\n<p>Cr\u00e9\u00e9e en 1984, l\u2019APAFED agit depuis plus de quarante ans aupr\u00e8s des femmes victimes de violences, \u00e0 travers un accueil d\u2019urgence, des solutions de relogement, un accompagnement juridique et psychologique. Le centre Gis\u00e8le Halimi, ouvert en 2021, est l\u2019un des lieux phares de cette mission d\u2019int\u00e9r\u00eat g\u00e9n\u00e9ral, \u00e0 la crois\u00e9e de la solidarit\u00e9, du soin et du droit.<\/p>\n<p>Rue89 Bordeaux a besoin de vos dons<\/p>\n<p>Chaque don \u2013 d\u00e9ductible des imp\u00f4ts \u00e0 hauteur de 66% \u2013 compte pour atteindre notre objectif de 10\u00a0000\u00a0\u20ac le plus rapidement possible, id\u00e9alement avant la fin juin. Cette somme, manquante \u00e0 notre tr\u00e9sorerie apr\u00e8s le d\u00e9sengagement d\u2019un annonceur important en 2025, Bordeaux M\u00e9tropole, nous permettra de r\u00e9gler les factures en retard et de retrouver une stabilit\u00e9 financi\u00e8re indispensable \u00e0 la poursuite de notre mission.<\/p>\n","protected":false},"excerpt":{"rendered":"La plaque du centre Gis\u00e8le-Halimi, structure d\u2019accueil et d\u2019\u00e9coute situ\u00e9e \u00e0 Bordeaux pour les victimes de violences intrafamiliales,&hellip;\n","protected":false},"author":2,"featured_media":233568,"comment_status":"","ping_status":"","sticky":false,"template":"","format":"standard","meta":{"footnotes":""},"categories":[2817],"tags":[1111,11,37232,1997,1777,674,1011,27,12,2219,25,11942,798],"class_list":{"0":"post-233567","1":"post","2":"type-post","3":"status-publish","4":"format-standard","5":"has-post-thumbnail","7":"category-bordeaux","8":"tag-actu","9":"tag-actualites","10":"tag-apafed","11":"tag-bordeaux","12":"tag-eu","13":"tag-europe","14":"tag-fr","15":"tag-france","16":"tag-news","17":"tag-nouvelle-aquitaine","18":"tag-republique-francaise","19":"tag-vandalisme","20":"tag-violences-conjugales"},"share_on_mastodon":{"url":"https:\/\/pubeurope.com\/@fr\/114814149274089283","error":""},"_links":{"self":[{"href":"https:\/\/www.europesays.com\/fr\/wp-json\/wp\/v2\/posts\/233567","targetHints":{"allow":["GET"]}}],"collection":[{"href":"https:\/\/www.europesays.com\/fr\/wp-json\/wp\/v2\/posts"}],"about":[{"href":"https:\/\/www.europesays.com\/fr\/wp-json\/wp\/v2\/types\/post"}],"author":[{"embeddable":true,"href":"https:\/\/www.europesays.com\/fr\/wp-json\/wp\/v2\/users\/2"}],"replies":[{"embeddable":true,"href":"https:\/\/www.europesays.com\/fr\/wp-json\/wp\/v2\/comments?post=233567"}],"version-history":[{"count":0,"href":"https:\/\/www.europesays.com\/fr\/wp-json\/wp\/v2\/posts\/233567\/revisions"}],"wp:featuredmedia":[{"embeddable":true,"href":"https:\/\/www.europesays.com\/fr\/wp-json\/wp\/v2\/media\/233568"}],"wp:attachment":[{"href":"https:\/\/www.europesays.com\/fr\/wp-json\/wp\/v2\/media?parent=233567"}],"wp:term":[{"taxonomy":"category","embeddable":true,"href":"https:\/\/www.europesays.com\/fr\/wp-json\/wp\/v2\/categories?post=233567"},{"taxonomy":"post_tag","embeddable":true,"href":"https:\/\/www.europesays.com\/fr\/wp-json\/wp\/v2\/tags?post=233567"}],"curies":[{"name":"wp","href":"https:\/\/api.w.org\/{rel}","templated":true}]}}