{"id":233569,"date":"2025-07-07T21:47:15","date_gmt":"2025-07-07T21:47:15","guid":{"rendered":"https:\/\/www.europesays.com\/fr\/233569\/"},"modified":"2025-07-07T21:47:15","modified_gmt":"2025-07-07T21:47:15","slug":"bordeaux-p2-des-conditions-parfaites-des-joueurs-conquis-une-edition-unique-jt-peyrou-revient-sur-ce-tournoi-de-folie","status":"publish","type":"post","link":"https:\/\/www.europesays.com\/fr\/233569\/","title":{"rendered":"Bordeaux P2 \u2013 Des conditions parfaites, des joueurs conquis, une \u00e9dition unique, JT Peyrou revient sur ce \u201ctournoi de folie\u201d"},"content":{"rendered":"<p>Jean-Thomas Peyrou, <strong>directeur du Bordeaux Premier Padel P2<\/strong>, dresse un <strong>bilan plus que positif<\/strong> de cette \u00e9dition 2025. Entre <strong>qualit\u00e9 de jeu exceptionnelle<\/strong>, <strong>proximit\u00e9 avec le public<\/strong> et <strong>organisation millim\u00e9tr\u00e9e<\/strong>, le tournoi bordelais confirme sa place de rendez-vous incontournable sur le circuit.<\/p>\n<p><strong>Un terrain pens\u00e9 comme un billard<\/strong><\/p>\n<p>D\u00e8s les premiers \u00e9changes, les joueurs ont senti la diff\u00e9rence. Le secret ? Une surface <strong>techniquement unique<\/strong>, pens\u00e9e avec son associ\u00e9 <strong>J\u00e9r\u00e9my Scatena<\/strong>, fondateur de <strong>100% Padel<\/strong>.<\/p>\n<p>\u00ab On a \u00e9tudi\u00e9 comment, dans une salle o\u00f9 il fait 30\u00b0C, on pouvait proposer le meilleur padel possible. On a superpos\u00e9 diff\u00e9rentes couches de parquet avec une moquette \u00e9paisse, tr\u00e8s lisse, et un sable de la m\u00eame couleur. R\u00e9sultat : z\u00e9ro faux rebond. \u00bb<\/p>\n<p>Cette <strong>qualit\u00e9 de rebond homog\u00e8ne<\/strong> sur toutes les pistes, y compris en dehors de la centrale, a permis des \u00e9changes spectaculaires. \u00ab Tous les jours, on a eu des points de dingue, des highlights incroyables. C\u2019est pour \u00e7a que les joueurs ont ador\u00e9. \u00bb<\/p>\n<p><img title=\"image | Padel Magazine\" decoding=\"async\" src=\"https:\/\/www.europesays.com\/fr\/wp-content\/uploads\/2025\/07\/image-13.png\" alt=\"\" class=\"wp-image-263525\"\/><strong>Un public au rendez-vous et une ambiance survolt\u00e9e<\/strong><\/p>\n<p>La <strong>nouvelle salle<\/strong> (Patinoire M\u00e9riadeck) en plein centre-ville de Bordeaux a \u00e9t\u00e9 un v\u00e9ritable atout : facile d\u2019acc\u00e8s, et avec une configuration favorisant une <strong>proximit\u00e9 forte avec les joueurs<\/strong>.<\/p>\n<p>\u00ab M\u00eame le dernier rang offre une visibilit\u00e9 parfaite. On a cr\u00e9\u00e9 une vraie ambiance de chaudron. \u00bb Le week-end, la salle \u00e9tait <strong>compl\u00e8te<\/strong>, et les soir\u00e9es du mercredi et du jeudi ont aussi fait carton plein.<\/p>\n<p><img title=\"image | Padel Magazine\" decoding=\"async\" src=\"https:\/\/www.europesays.com\/fr\/wp-content\/uploads\/2025\/07\/image-12.png\" alt=\"\" class=\"wp-image-263524\"\/><strong>Une volont\u00e9 d\u2019\u00e9quit\u00e9 entre toutes les pistes<\/strong><\/p>\n<p>Contrairement \u00e0 d\u2019autres tournois o\u00f9 seule la piste centrale est optimis\u00e9e, Bordeaux a mis\u00e9 sur <strong>l\u2019uniformit\u00e9 des conditions de jeu<\/strong>.<\/p>\n<p>\u00ab On a voulu que les pistes 2 et 3 aient exactement les m\u00eames conditions de jeu, les m\u00eames m\u00e9trages, la m\u00eame hauteur. Les joueurs le ressentent et nous remercient pour \u00e7a. \u00bb<\/p>\n<p><strong>Des conditions chaudes\u2026 mais contr\u00f4l\u00e9es<\/strong><\/p>\n<p>La chaleur intense a \u00e9t\u00e9 un facteur \u00e0 g\u00e9rer. Malgr\u00e9 cela, le tournoi a offert un <strong>niveau de jeu exceptionnel<\/strong>, avec notamment un <strong>quart de finale consid\u00e9r\u00e9 comme le match de l\u2019ann\u00e9e<\/strong>.<\/p>\n<p>\u00ab Coello et Tapia ont \u00e9t\u00e9 pouss\u00e9s \u00e0 ralentir, \u00e0 varier, \u00e0 faire preuve de tactique. C\u2019est \u00e7a, le padel moderne. \u00bb<\/p>\n<p>C\u00f4t\u00e9 blessures, le tournoi n\u2019a pas \u00e9t\u00e9 \u00e9pargn\u00e9 (Paquito Navarro, Ari S\u00e1nchez, Claudia Fernandez), mais comme le rappelle Jean-Thomas Peyrou : \u00ab C\u2019est le sport. Le circuit est exigeant. On ne peut pas toujours avoir les meilleurs au pic de forme. \u00bb<\/p>\n<p><strong>Une aventure humaine collective<\/strong><\/p>\n<p><strong>Derri\u00e8re le succ\u00e8s de cette \u00e9dition, il y a surtout une aventure humaine.<\/strong> Jean-Thomas Peyrou tient \u00e0 souligner l\u2019implication de <strong>ses \u00e9quipes<\/strong> : \u00ab On est quatre, cinq associ\u00e9s : Jean-Luc, Baldelli, Fabien Stut, Thomas Gely, Cyril Gaillard et avec nous, on embarque 250 personnes, dont plus de 100 b\u00e9n\u00e9voles. \u00bb Tous ont \u0153uvr\u00e9 dans l\u2019ombre pour faire du tournoi un \u00e9v\u00e9nement majeur. Il insiste aussi sur le soutien ind\u00e9fectible de <strong>ses joueurs de l\u2019acad\u00e9mie<\/strong>, mobilis\u00e9s sur le terrain : <strong>Manon Marcarie, Cassandra Senjean, Alexandre Taormina<\/strong>, tous engag\u00e9s jour et nuit comme commissaires de terrain. Sans oublier <strong>J\u00e9r\u00e9my Scatena<\/strong> et <strong>Dorian Demeyer<\/strong>, \u00ab qui a fait un boulot de malade toute l\u2019ann\u00e9e \u00bb. Une aventure collective, port\u00e9e par la passion du padel et le go\u00fbt du travail bien fait.<\/p>\n<p><img title=\"image | Padel Magazine\" decoding=\"async\" src=\"https:\/\/www.europesays.com\/fr\/wp-content\/uploads\/2025\/07\/image-11.png\" alt=\"\" class=\"wp-image-263523\"\/><strong>Des dates \u00e0 discuter, un avenir d\u00e9j\u00e0 lanc\u00e9<\/strong><\/p>\n<p>Une r\u00e9flexion est en cours sur les <strong>futures dates<\/strong> du tournoi, en lien avec le calendrier Premier Padel.<\/p>\n<p>\u00ab On aura de grosses r\u00e9unions en septembre \u00e0 Roland-Garros pour p\u00e9renniser l\u2019\u00e9v\u00e9nement. On est bien positionn\u00e9s dans la tourn\u00e9e europ\u00e9enne, mais on va voir s\u2019il y a mieux \u00e0 faire. \u00bb<\/p>\n<p>L\u2019envie est claire : <strong>faire de Bordeaux un rendez-vous durable<\/strong>, voire \u00e9voluer encore. \u00ab On est une bande de fous furieux, on a pleins d\u2019id\u00e9es de fou. Mais ce nouveau site a \u00e9t\u00e9 un vrai plus. \u00bb<\/p>\n<p><strong>Cap sur 2026<\/strong><\/p>\n<p>Avec <strong>l\u2019adh\u00e9sion des joueurs, du public, et du circuit Premier Padel<\/strong>, l\u2019avenir du Bordeaux P2 semble tout trac\u00e9.<\/p>\n<p>\u00ab On grandit tous ensemble. Et si on fait mieux chaque ann\u00e9e, alors on aura r\u00e9ussi notre pari. \u00bb<\/p>\n<p><strong>Un nouveau projet FIP tourn\u00e9 vers les jeunes<\/strong><\/p>\n<p>Jean-Thomas Peyrou sera \u00e9galement <strong>directeur d\u2019un FIP Promise \u00e0 Paris fin octobre<\/strong>, en lien avec Guillaume Solis et la F\u00e9d\u00e9ration. Objectif : cr\u00e9er un circuit structur\u00e9 pour les <strong>moins de 12 \u00e0 18 ans<\/strong>, avec la participation des meilleurs jeunes Fran\u00e7ais et Europ\u00e9ens.<\/p>\n<p>\u00ab Ce sera la premi\u00e8re \u00e9tape de ce type en France. On veut faire vivre une vraie exp\u00e9rience internationale aux jeunes, et poser les bases d\u2019un futur circuit junior solide. \u00bb<\/p>\n<p><img loading=\"lazy\" decoding=\"async\" data-del=\"avatar\" alt=\"Benjamin Dupouy\" src=\"https:\/\/www.europesays.com\/fr\/wp-content\/uploads\/2025\/04\/IMG_5219-150x150.jpg\" class=\"avatar pp-user-avatar avatar-100 photo \" height=\"100\" width=\"100\"\/><\/p>\n<p>J\u2019ai d\u00e9couvert le padel directement lors d\u2019un tournoi, et franchement, je n\u2019ai pas trop accroch\u00e9 au d\u00e9but. Mais la deuxi\u00e8me fois, \u00e7a a \u00e9t\u00e9 le coup de foudre, et depuis, je ne rate plus un seul match. Je suis m\u00eame pr\u00eat \u00e0 rester \u00e9veill\u00e9 jusqu\u2019\u00e0 3h du matin pour regarder une finale de Premier Padel !<\/p>\n<p class=\"related-title\">Sur le m\u00eame sujet<\/p>\n","protected":false},"excerpt":{"rendered":"Jean-Thomas Peyrou, directeur du Bordeaux Premier Padel P2, dresse un bilan plus que positif de cette \u00e9dition 2025.&hellip;\n","protected":false},"author":2,"featured_media":233570,"comment_status":"","ping_status":"","sticky":false,"template":"","format":"standard","meta":{"footnotes":""},"categories":[2817],"tags":[1111,11,1997,1777,674,1011,27,2173,32569,12,2219,30680,25],"class_list":{"0":"post-233569","1":"post","2":"type-post","3":"status-publish","4":"format-standard","5":"has-post-thumbnail","7":"category-bordeaux","8":"tag-actu","9":"tag-actualites","10":"tag-bordeaux","11":"tag-eu","12":"tag-europe","13":"tag-fr","14":"tag-france","15":"tag-interview","16":"tag-jean-thomas-peyrou","17":"tag-news","18":"tag-nouvelle-aquitaine","19":"tag-premier-padel-bordeaux-p2","20":"tag-republique-francaise"},"share_on_mastodon":{"url":"https:\/\/pubeurope.com\/@fr\/114814153309068694","error":""},"_links":{"self":[{"href":"https:\/\/www.europesays.com\/fr\/wp-json\/wp\/v2\/posts\/233569","targetHints":{"allow":["GET"]}}],"collection":[{"href":"https:\/\/www.europesays.com\/fr\/wp-json\/wp\/v2\/posts"}],"about":[{"href":"https:\/\/www.europesays.com\/fr\/wp-json\/wp\/v2\/types\/post"}],"author":[{"embeddable":true,"href":"https:\/\/www.europesays.com\/fr\/wp-json\/wp\/v2\/users\/2"}],"replies":[{"embeddable":true,"href":"https:\/\/www.europesays.com\/fr\/wp-json\/wp\/v2\/comments?post=233569"}],"version-history":[{"count":0,"href":"https:\/\/www.europesays.com\/fr\/wp-json\/wp\/v2\/posts\/233569\/revisions"}],"wp:featuredmedia":[{"embeddable":true,"href":"https:\/\/www.europesays.com\/fr\/wp-json\/wp\/v2\/media\/233570"}],"wp:attachment":[{"href":"https:\/\/www.europesays.com\/fr\/wp-json\/wp\/v2\/media?parent=233569"}],"wp:term":[{"taxonomy":"category","embeddable":true,"href":"https:\/\/www.europesays.com\/fr\/wp-json\/wp\/v2\/categories?post=233569"},{"taxonomy":"post_tag","embeddable":true,"href":"https:\/\/www.europesays.com\/fr\/wp-json\/wp\/v2\/tags?post=233569"}],"curies":[{"name":"wp","href":"https:\/\/api.w.org\/{rel}","templated":true}]}}