{"id":233581,"date":"2025-07-07T21:53:09","date_gmt":"2025-07-07T21:53:09","guid":{"rendered":"https:\/\/www.europesays.com\/fr\/233581\/"},"modified":"2025-07-07T21:53:09","modified_gmt":"2025-07-07T21:53:09","slug":"marseille-nouvel-appel-a-candidatures-du-phare","status":"publish","type":"post","link":"https:\/\/www.europesays.com\/fr\/233581\/","title":{"rendered":"Marseille. Nouvel appel \u00e0 candidatures du Phare"},"content":{"rendered":"\n<p>L\u2019incubateur social de <br \/>la Fondation CMA CGM qui a d\u00e9j\u00e0 soutenu 30\u00a0projets \u00e0 Marseille, lance un appel \u00e0 candidats pour <br \/>sa 5e\u00a0promotion qui d\u00e9marrera en septembre. Ce programme s\u2019adresse \u00e0 des porteurs de projets engag\u00e9s, associations ou startups, particuli\u00e8rement dans les domaines de l\u2019\u00e9ducation et de l\u2019action sociale, novateur, s\u2019adressant \u00e0 des publics fragiles ou en difficult\u00e9. Le programme propose un accompagnement de 9\u00a0mois sur mesure et en immersion avec un acc\u00e8s \u00e0 l\u2019expertise, au r\u00e9seau et \u00e0 <br \/>la culture entrepreneuriale <br \/>du Groupe CMA CGM, local, national et international. <br \/>Les candidatures sont ouvertes jusqu\u2019au 15\u00a0ao\u00fbt sur le site de la Fondation. Photo DR<\/p>\n","protected":false},"excerpt":{"rendered":"L\u2019incubateur social de la Fondation CMA CGM qui a d\u00e9j\u00e0 soutenu 30\u00a0projets \u00e0 Marseille, lance un appel \u00e0&hellip;\n","protected":false},"author":2,"featured_media":233582,"comment_status":"","ping_status":"","sticky":false,"template":"","format":"standard","meta":{"footnotes":""},"categories":[2814],"tags":[1111,11,1777,674,1011,27,884,4801,12,882,25],"class_list":{"0":"post-233581","1":"post","2":"type-post","3":"status-publish","4":"format-standard","5":"has-post-thumbnail","7":"category-marseille","8":"tag-actu","9":"tag-actualites","10":"tag-eu","11":"tag-europe","12":"tag-fr","13":"tag-france","14":"tag-marseille","15":"tag-myriam-guillaume","16":"tag-news","17":"tag-provence-alpes-cote-dazur","18":"tag-republique-francaise"},"share_on_mastodon":{"url":"https:\/\/pubeurope.com\/@fr\/114814176875542082","error":""},"_links":{"self":[{"href":"https:\/\/www.europesays.com\/fr\/wp-json\/wp\/v2\/posts\/233581","targetHints":{"allow":["GET"]}}],"collection":[{"href":"https:\/\/www.europesays.com\/fr\/wp-json\/wp\/v2\/posts"}],"about":[{"href":"https:\/\/www.europesays.com\/fr\/wp-json\/wp\/v2\/types\/post"}],"author":[{"embeddable":true,"href":"https:\/\/www.europesays.com\/fr\/wp-json\/wp\/v2\/users\/2"}],"replies":[{"embeddable":true,"href":"https:\/\/www.europesays.com\/fr\/wp-json\/wp\/v2\/comments?post=233581"}],"version-history":[{"count":0,"href":"https:\/\/www.europesays.com\/fr\/wp-json\/wp\/v2\/posts\/233581\/revisions"}],"wp:featuredmedia":[{"embeddable":true,"href":"https:\/\/www.europesays.com\/fr\/wp-json\/wp\/v2\/media\/233582"}],"wp:attachment":[{"href":"https:\/\/www.europesays.com\/fr\/wp-json\/wp\/v2\/media?parent=233581"}],"wp:term":[{"taxonomy":"category","embeddable":true,"href":"https:\/\/www.europesays.com\/fr\/wp-json\/wp\/v2\/categories?post=233581"},{"taxonomy":"post_tag","embeddable":true,"href":"https:\/\/www.europesays.com\/fr\/wp-json\/wp\/v2\/tags?post=233581"}],"curies":[{"name":"wp","href":"https:\/\/api.w.org\/{rel}","templated":true}]}}