{"id":233583,"date":"2025-07-07T21:54:12","date_gmt":"2025-07-07T21:54:12","guid":{"rendered":"https:\/\/www.europesays.com\/fr\/233583\/"},"modified":"2025-07-07T21:54:12","modified_gmt":"2025-07-07T21:54:12","slug":"annee-lumiere-une-annee-de-cesure-active-et-accompagnee","status":"publish","type":"post","link":"https:\/\/www.europesays.com\/fr\/233583\/","title":{"rendered":"Ann\u00e9e Lumi\u00e8re : une ann\u00e9e de c\u00e9sure active et accompagn\u00e9e"},"content":{"rendered":"<p>Permettre aux jeunes de r\u00e9fl\u00e9chir \u00e0 leur avenir ! C\u2019est ce que propose depuis 7 ans l\u2019Ann\u00e9e Lumi\u00e8re \u00e0 travers le concept de l\u2019ann\u00e9e de c\u00e9sure \u00e0 la danoise.<\/p>\n<p><strong>L\u2019Ann\u00e9e Lumi\u00e8re<\/strong> se pr\u00e9sente comme une <strong><a href=\"https:\/\/www.annee-lumiere.org\/\" target=\"_blank\" rel=\"noreferrer noopener\">Hojskole<\/a><\/strong>, litt\u00e9ralement <strong>Haute \u00e9cole en danois<\/strong>. Des \u00e9tablissements qui proposent aux <strong>\u00e9tudiants<\/strong> un programme bien diff\u00e9rent de ce qu\u2019on a l\u2019habitude de retrouver en France.<\/p>\n<p>Depuis sa cr\u00e9ation en 2019, l\u2019association a d\u00e9j\u00e0 accueilli <strong>320 jeunes<\/strong> qui ont particip\u00e9 \u00e0 cette <strong>ann\u00e9e de c\u00e9sure<\/strong> assez particuli\u00e8re, dont <strong>Claire Bleton Martin<\/strong>, directrice et fondatrice de l\u2019association, donne les grandes lignes.<\/p>\n<p>Ecoutez le podcast<\/p>\n<p>L\u2019Ann\u00e9e Lumi\u00e8re<\/p>\n<p>\u201cC\u2019est un programme qui permet aux jeunes de faire une <strong>c\u00e9sure active et accompagn\u00e9e<\/strong>. Et donc c\u2019est destin\u00e9 \u00e0 tous les jeunes qui se posent des questions sur la suite de leur parcours. Pour leur laisser le temps de mieux se conna\u00eetre, de d\u00e9couvrir le monde qui les entoure. Et de construire la suite de leur parcours. Ce programme permet de leur laisser le temps, ce qui n\u2019est pas franco-fran\u00e7ais. Nous, on fait des lignes droites apr\u00e8s le bac\u2026\u00a0\u00bb explique <strong>Claire Bleton Martin<\/strong>.<\/p>\n<blockquote class=\"instagram-media\" data-instgrm-captioned=\"\" data-instgrm-permalink=\"https:\/\/www.instagram.com\/p\/DLpDlvrPEnM\/?utm_source=ig_embed&amp;utm_campaign=loading\" data-instgrm-version=\"14\" style=\" background:#FFF; border:0; border-radius:3px; box-shadow:0 0 1px 0 rgba(0,0,0,0.5),0 1px 10px 0 rgba(0,0,0,0.15); margin: 1px; max-width:540px; min-width:326px; padding:0; width:99.375%; width:-webkit-calc(100% - 2px); width:calc(100% - 2px);\"\/>\n<p>\u00ab\u00a0Les <strong>jeunes scandinaves<\/strong>, eux, passent entre deux et trois ans \u00e0 faire une <strong>Hojskole<\/strong>, ou alors \u00e0 travailler ou \u00e0 voyager pour <strong>gagner en maturit\u00e9<\/strong>, en r\u00e9flexion. Donc, laisser le temps, une approche globale, c\u2019est-\u00e0-dire qu\u2019on ne consid\u00e8re pas nos jeunes comme uniquement des cerveaux, comme on a tendance \u00e0 le faire \u00e0 l\u2019\u00e9cole, mais aussi comme des loisirs, des relations, des exp\u00e9riences. Et puis, le jeune est pilote de sa vie. Ici, on est l\u00e0 pour l\u2019accompagner, mais ce n\u2019est pas nous qui savons mieux pour lui\u00a0\u00bb.<\/p>\n<p>Ecoutez aussi : <a href=\"https:\/\/www.lyondemain.fr\/ecole-des-savoirs-partages-lyon\/\" target=\"_blank\" rel=\"noreferrer noopener\">L\u2019Ecole des Savoirs Partag\u00e9s table sur l\u2019\u00e9mancipation de l\u2019enfant<\/a><\/p>\n<p>Un programme pour les jeunes aux profils vari\u00e9s\u00a0<\/p>\n<p><strong>L\u2019Ann\u00e9e Lumi\u00e8re<\/strong> re\u00e7oit des <strong>jeunes \u00e2g\u00e9s entre 16 et 25 ans<\/strong> venus d\u2019horizons diff\u00e9rents, comme l\u2019explique <strong>Claire Bleton Martin<\/strong> : <\/p>\n<p>\u201cCe sont des jeunes dans la transition entre la fin de l\u2019adolescence et le d\u00e9but du monde adulte. On a des jeunes qui peuvent \u00eatre au lyc\u00e9e, qui ont besoin de faire une pause. Alors, ils peuvent \u00eatre ce qu\u2019on appelle, d\u00e9crocheurs. Mais ils peuvent aussi, suite \u00e0 un accident de la vie, avoir besoin de reprendre des forces. On a beaucoup de jeunes qui viennent d\u2019avoir le bac et qui, face \u00e0 <strong>Parcoursup<\/strong> et aux 25 000 choix se disent mais qu\u2019est-ce que je prends ? Ensuite, on a des jeunes qui ont essay\u00e9 une premi\u00e8re ann\u00e9e et puis qui se disent : non, ce n\u2019est pas ce qu\u2019il me faut.. Mais aussi certains qui ont d\u00e9j\u00e0 un bout de dipl\u00f4me, je pense notamment \u00e0 un BTS, un BUT ou une licence et qui se demandent si ils veulent continuer dans cette voie. Donc, des jeunes tr\u00e8s diff\u00e9rents..\u201d<\/p>\n<p>Ecoutez aussi : <a href=\"https:\/\/www.lyondemain.fr\/cours-ecoles-vegetalises-lyon-paul-bert\/\" target=\"_blank\" rel=\"noreferrer noopener\">A Lyon, les enfants s\u2019approprient les cours d\u2019\u00e9coles v\u00e9g\u00e9talis\u00e9es<\/a><\/p>\n<p>Franchir le pas<\/p>\n<p>Si l\u2019<strong>ann\u00e9e de c\u00e9sure<\/strong> peut sembler \u00eatre une ann\u00e9e couteuse ou en marge du chemin classique, <strong>Claire Bleton Martin<\/strong> rappelle que \u201cL\u2019<strong>ann\u00e9e de c\u00e9sure<\/strong>, \u00e7a n\u2019est pas r\u00e9serv\u00e9 \u00e0 certains. On peut voyager en faisant un <strong>corps europ\u00e9en de solidarit\u00e9<\/strong>. \u00c7a ne co\u00fbte rien. On peut faire un <strong>service civique<\/strong>. Gagner un peu d\u2019argent. On peut travailler. Ce n\u2019est pas forc\u00e9ment des choses co\u00fbteuses. Et si on pense qu\u2019on a besoin, de souffler, de reprendre des forces\u2026 De prendre confiance en soi, de prendre le temps de r\u00e9fl\u00e9chir \u00e0 la suite, de <strong>gagner en autonomie<\/strong>. Il faut prendre le temps de se renseigner parce qu\u2019il y a vraiment de belles choses \u00e0 faire pendant les <strong>c\u00e9sures<\/strong>\u00a0\u00bb .<\/p>\n<p>Ecoutez aussi : <a href=\"https:\/\/www.lyondemain.fr\/cite-campus-vaulx-en-velin\/\" target=\"_blank\" rel=\"noreferrer noopener\">Vaulx-en-Velin aura bient\u00f4t sa Cit\u00e9 Campus<\/a><\/p>\n<p><img fetchpriority=\"high\" decoding=\"async\" width=\"1200\" height=\"675\" src=\"https:\/\/www.europesays.com\/fr\/wp-content\/uploads\/2025\/07\/Annee-Lumiere-Claire-Bleton-Martin.jpg\" alt=\"Ann\u00e9e Lumi\u00e8re\" class=\"wp-image-250375\"  \/>Claire Bleton Martin<br \/>\nJ\u2019aime \u00e7a\u00a0:<\/p>\n<p>J\u2019aime chargement\u2026<\/p>\n<p><a class=\"sd-link-color\"\/><\/p>\n<p>\n\tArticles similaires\n<\/p>\n<p>\t\t\t\t<img decoding=\"async\" src=\"https:\/\/www.europesays.com\/fr\/wp-content\/uploads\/2025\/07\/1751925252_50_7866158698e17e8ed633c05e8f8e7fe5d9e057ad78661c4dc34e413abb6b9f19\" alt=\"G\u00e9rald Bouchon\"\/><\/p>\n<p>Pionnier des radios libres, passionn\u00e9 de radio, journaliste et dirigeant de m\u00e9dias \u00e9co-responsables..<\/p>\n<p>\t\t\t<script async src=\"\/\/www.instagram.com\/embed.js\"><\/script><\/p>\n","protected":false},"excerpt":{"rendered":"Permettre aux jeunes de r\u00e9fl\u00e9chir \u00e0 leur avenir ! C\u2019est ce que propose depuis 7 ans l\u2019Ann\u00e9e Lumi\u00e8re&hellip;\n","protected":false},"author":2,"featured_media":233584,"comment_status":"","ping_status":"","sticky":false,"template":"","format":"standard","meta":{"footnotes":""},"categories":[1889],"tags":[1111,11,37233,37234,2430,36120,6379,1777,674,1011,27,2428,12,6015,25,37235,6481],"class_list":{"0":"post-233583","1":"post","2":"type-post","3":"status-publish","4":"format-standard","5":"has-post-thumbnail","7":"category-lyon","8":"tag-actu","9":"tag-actualites","10":"tag-annee-de-cesure","11":"tag-annee-lumiere","12":"tag-auvergne-rhone-alpes","13":"tag-etudes-superieures","14":"tag-etudiants","15":"tag-eu","16":"tag-europe","17":"tag-fr","18":"tag-france","19":"tag-lyon","20":"tag-news","21":"tag-parcoursup","22":"tag-republique-francaise","23":"tag-service-civique","24":"tag-transition"},"share_on_mastodon":{"url":"https:\/\/pubeurope.com\/@fr\/114814181033762895","error":""},"_links":{"self":[{"href":"https:\/\/www.europesays.com\/fr\/wp-json\/wp\/v2\/posts\/233583","targetHints":{"allow":["GET"]}}],"collection":[{"href":"https:\/\/www.europesays.com\/fr\/wp-json\/wp\/v2\/posts"}],"about":[{"href":"https:\/\/www.europesays.com\/fr\/wp-json\/wp\/v2\/types\/post"}],"author":[{"embeddable":true,"href":"https:\/\/www.europesays.com\/fr\/wp-json\/wp\/v2\/users\/2"}],"replies":[{"embeddable":true,"href":"https:\/\/www.europesays.com\/fr\/wp-json\/wp\/v2\/comments?post=233583"}],"version-history":[{"count":0,"href":"https:\/\/www.europesays.com\/fr\/wp-json\/wp\/v2\/posts\/233583\/revisions"}],"wp:featuredmedia":[{"embeddable":true,"href":"https:\/\/www.europesays.com\/fr\/wp-json\/wp\/v2\/media\/233584"}],"wp:attachment":[{"href":"https:\/\/www.europesays.com\/fr\/wp-json\/wp\/v2\/media?parent=233583"}],"wp:term":[{"taxonomy":"category","embeddable":true,"href":"https:\/\/www.europesays.com\/fr\/wp-json\/wp\/v2\/categories?post=233583"},{"taxonomy":"post_tag","embeddable":true,"href":"https:\/\/www.europesays.com\/fr\/wp-json\/wp\/v2\/tags?post=233583"}],"curies":[{"name":"wp","href":"https:\/\/api.w.org\/{rel}","templated":true}]}}