{"id":233585,"date":"2025-07-07T21:55:13","date_gmt":"2025-07-07T21:55:13","guid":{"rendered":"https:\/\/www.europesays.com\/fr\/233585\/"},"modified":"2025-07-07T21:55:13","modified_gmt":"2025-07-07T21:55:13","slug":"paris-lyon-marseille-la-reforme-du-mode-de-scrutin-adoptee-en-nouvelle-lecture-le-texte-poursuit-son-parcours-lcp","status":"publish","type":"post","link":"https:\/\/www.europesays.com\/fr\/233585\/","title":{"rendered":"Paris, Lyon, Marseille : la r\u00e9forme du mode de scrutin adopt\u00e9e en nouvelle lecture, le texte poursuit son parcours | LCP"},"content":{"rendered":"<p>Les d\u00e9put\u00e9s ont adopt\u00e9, en nouvelle lecture, la proposition de loi visant \u00e0 \u00ab\u00a0r\u00e9former le mode d\u2019\u00e9lection des membres du conseil de Paris et des conseils municipaux de Lyon et de Marseille\u00a0\u00bb. Le texte doit \u00eatre d\u00e9finitivement adopt\u00e9 d&rsquo;ici \u00e0 la fin de la semaine, apr\u00e8s une derni\u00e8re navette entre le S\u00e9nat et l&rsquo;Assembl\u00e9e nationale.\u00a0<\/p>\n<p>L&rsquo;Assembl\u00e9e nationale donne, une nouvelle fois, son feu vert pour <strong>modifier le mode de scrutin municipal \u00e0 Paris, Lyon et Marseille<\/strong>. Les d\u00e9put\u00e9s ont adopt\u00e9 ce lundi 7 juillet, en nouvelle lecture,\u00a0la <a href=\"https:\/\/www.assemblee-nationale.fr\/dyn\/17\/dossiers\/reformer_mode_election_membres_Conseil_Paris\" target=\"_blank\" rel=\"nofollow noopener\">proposition de loi<\/a> visant \u00e0 \u00ab\u00a0<strong>r\u00e9former le mode d\u2019\u00e9lection des membres du conseil de Paris et des conseils municipaux de Lyon et de Marseille\u00a0\u00bb<\/strong> (<a href=\"https:\/\/www.assemblee-nationale.fr\/dyn\/17\/scrutins\/2954\" target=\"_blank\" rel=\"nofollow noopener\">117 pour, 34 contre, 2 abstentions<\/a>).\u00a0Le texte, qui devrait en toute logique \u00eatre \u00e0 nouveau rejet\u00e9 au S\u00e9nat o\u00f9 il doit maintenant retourner, fera l&rsquo;objet d&rsquo;un <strong>vote d\u00e9finitif en fin de semaine \u00e0 l&rsquo;Assembl\u00e9e nationale<\/strong>.\u00a0<\/p>\n<p>\u00ab\u00a0Notre motivation est toujours d&rsquo;<strong>am\u00e9liorer la vie d\u00e9mocratique<\/strong> de notre pays et en l&rsquo;occurrence de plus de trois millions de nos compatriotes\u00a0\u00bb, a expliqu\u00e9\u00a0le ministre d\u00e9l\u00e9gu\u00e9 charg\u00e9 des Relations avec le Parlement, <strong>Patrick Mignola<\/strong>, d\u00e9sireux de\u00a0<strong>\u00ab\u00a0rapprocher l&rsquo;\u00e9lection des maires de Paris, de Lyon et de Marseille du droit commun\u00a0\u00bb<\/strong>.\u00a0Aujourd&rsquo;hui, les \u00e9lecteurs de ces trois villes votent par arrondissement ou par secteur. Une partie des conseillers \u00e9lus si\u00e8gent ensuite au conseil municipal\u00a0: ce sont eux qui \u00e9lisent le maire.<\/p>\n<p>La proposition de loi vise \u00e0\u00a0<strong>changer le mode de scrutin<\/strong> dans ces trois grandes villes fran\u00e7aises. <strong>Deux \u00e9lections<\/strong> seraient organis\u00e9es le m\u00eame jour\u00a0: la premi\u00e8re permettrait d&rsquo;\u00e9lire les conseillers d&rsquo;arrondissements, ou de secteurs, et la seconde aurait pour but d&rsquo;\u00e9lire directement le conseil municipal, sur une circonscription unique. \u00ab\u00a0Les habitants pourront voter \u00e0 la fois pour le maire qu&rsquo;ils souhaitent pour leur ville et pour le maire qu&rsquo;ils souhaitent pour leur arrondissement\u00a0\u00bb, a expliqu\u00e9 lundi l&rsquo;un des auteurs du texte, le d\u00e9put\u00e9 de Paris<strong> Sylvain Maillard<\/strong> (Ensemble pour la R\u00e9publique). La proposition de loi pr\u00e9voit aussi d&rsquo;offrir une <strong>prime majoritaire de 25%<\/strong> des si\u00e8ges \u00e0 la liste arriv\u00e9e en t\u00eate (contre 50% dans les autres communes).<\/p>\n<p>Le groupe Socialistes critique le texte<\/p>\n<p>Les d\u00e9bats entre d\u00e9put\u00e9s ont \u00e9t\u00e9 beaucoup moins tendus que lors du premier passage du texte dans l&rsquo;h\u00e9micycle de l&rsquo;Assembl\u00e9e nationale,\u00a0<a data-entity-substitution=\"canonical\" data-entity-type=\"node\" data-entity-uuid=\"941a8eaa-ddb3-43f1-a4b7-717e0a831172\" href=\"https:\/\/lcp.fr\/actualites\/paris-lyon-marseille-le-socle-gouvernemental-se-divise-sur-la-reforme-du-mode-de-scrutin\" target=\"_blank\" title=\"Paris, Lyon, Marseille : le socle gouvernemental se divise sur la r\u00e9forme du mode de scrutin municipal\" rel=\"nofollow noopener\">en avril dernier<\/a>. Les d\u00e9put\u00e9s, qui ont appris en pleine s\u00e9ance le <a data-entity-substitution=\"canonical\" data-entity-type=\"node\" data-entity-uuid=\"c494110f-806c-4fd0-9f03-3236b0483fb0\" href=\"https:\/\/lcp.fr\/actualites\/mort-d-olivier-marleix-le-depute-lr-d-eure-et-loir-a-mis-fin-a-ses-jours-387345\" target=\"_blank\" title=\"Mort d&#039;Olivier Marleix : le d\u00e9put\u00e9 LR d&#039;Eure-et-loir a mis fin \u00e0 ses jours \" rel=\"nofollow noopener\">d\u00e9c\u00e8s de leur coll\u00e8gue <strong>Olivier Marleix<\/strong><\/a> (Droite r\u00e9publicaine), ont r\u00e9p\u00e9t\u00e9 leurs arguments, dans une atmosph\u00e8re apais\u00e9e.\u00a0<\/p>\n<p>Le <strong>groupe Socialistes<\/strong>, par la voix du candidat \u00e0 la mairie de Paris <strong>Emmanuel Gr\u00e9goire<\/strong>, mais aussi par celles de <strong>Sandrine Runel<\/strong> et <strong>C\u00e9line Hervieu<\/strong>, ont longuement d\u00e9nonc\u00e9 un <strong>texte \u00ab\u00a0aux cons\u00e9quences d\u00e9sastreuses\u00a0\u00bb, \u00e9labor\u00e9 \u00ab\u00a0sans concertation r\u00e9elle\u00a0\u00bb, et qui \u00ab\u00a0ouvre la voie \u00e0 un centralisme municipal pr\u00e9judiciable\u00a0\u00bb<\/strong>. Leur coll\u00e8gue\u00a0<strong>L\u00e9a Balage El Mariky<\/strong> (Ecologiste et social) a, pour sa part, mis en cause le socle gouvernemental qui, selon ses mots, \u00ab\u00a0tente de conqu\u00e9rir la mairie de Paris sans passer par les urnes\u00a0\u00bb. Parmi les opposants au texte, figurent aussi \u00e9galement les d\u00e9put\u00e9s du<strong> groupe Horizons<\/strong>, pourtant membres de la coalition pr\u00e9sidentielle.<\/p>\n<p>A l&rsquo;inverse, <strong>Bastien Lachaud <\/strong>(La France insoumise) a salu\u00e9 un texte qui donnera <strong>\u00ab\u00a0une meilleure compr\u00e9hension des enjeux du vote et une meilleure repr\u00e9sentation politique\u00a0\u00bb<\/strong>, tandis que\u00a0<strong>Franck Allisio <\/strong>(Rassemblement national) a soutenu une <strong>\u00ab\u00a0r\u00e9forme attendue depuis 40 ans\u00a0\u00bb<\/strong>. Cette proposition de loi, qui <strong>brouille les clivages habituels<\/strong>, devrait donc \u00eatre d\u00e9finitivement adopt\u00e9e \u00e0 moins d&rsquo;un an des<strong> \u00e9lections municipales <\/strong>qui auront lieu au <strong>printemps 2026<\/strong>.\u00a0<\/p>\n","protected":false},"excerpt":{"rendered":"Les d\u00e9put\u00e9s ont adopt\u00e9, en nouvelle lecture, la proposition de loi visant \u00e0 \u00ab\u00a0r\u00e9former le mode d\u2019\u00e9lection des&hellip;\n","protected":false},"author":2,"featured_media":233586,"comment_status":"","ping_status":"","sticky":false,"template":"","format":"standard","meta":{"footnotes":""},"categories":[1889],"tags":[1111,11,4348,2430,423,5949,1777,674,1011,27,17261,2428,5994,884,12,626,25,4189],"class_list":{"0":"post-233585","1":"post","2":"type-post","3":"status-publish","4":"format-standard","5":"has-post-thumbnail","7":"category-lyon","8":"tag-actu","9":"tag-actualites","10":"tag-assemblee","11":"tag-auvergne-rhone-alpes","12":"tag-deputes","13":"tag-elections","14":"tag-eu","15":"tag-europe","16":"tag-fr","17":"tag-france","18":"tag-gregoire","19":"tag-lyon","20":"tag-maillard","21":"tag-marseille","22":"tag-news","23":"tag-paris","24":"tag-republique-francaise","25":"tag-scrutin"},"share_on_mastodon":{"url":"https:\/\/pubeurope.com\/@fr\/114814184551105740","error":""},"_links":{"self":[{"href":"https:\/\/www.europesays.com\/fr\/wp-json\/wp\/v2\/posts\/233585","targetHints":{"allow":["GET"]}}],"collection":[{"href":"https:\/\/www.europesays.com\/fr\/wp-json\/wp\/v2\/posts"}],"about":[{"href":"https:\/\/www.europesays.com\/fr\/wp-json\/wp\/v2\/types\/post"}],"author":[{"embeddable":true,"href":"https:\/\/www.europesays.com\/fr\/wp-json\/wp\/v2\/users\/2"}],"replies":[{"embeddable":true,"href":"https:\/\/www.europesays.com\/fr\/wp-json\/wp\/v2\/comments?post=233585"}],"version-history":[{"count":0,"href":"https:\/\/www.europesays.com\/fr\/wp-json\/wp\/v2\/posts\/233585\/revisions"}],"wp:featuredmedia":[{"embeddable":true,"href":"https:\/\/www.europesays.com\/fr\/wp-json\/wp\/v2\/media\/233586"}],"wp:attachment":[{"href":"https:\/\/www.europesays.com\/fr\/wp-json\/wp\/v2\/media?parent=233585"}],"wp:term":[{"taxonomy":"category","embeddable":true,"href":"https:\/\/www.europesays.com\/fr\/wp-json\/wp\/v2\/categories?post=233585"},{"taxonomy":"post_tag","embeddable":true,"href":"https:\/\/www.europesays.com\/fr\/wp-json\/wp\/v2\/tags?post=233585"}],"curies":[{"name":"wp","href":"https:\/\/api.w.org\/{rel}","templated":true}]}}