{"id":233596,"date":"2025-07-07T22:01:11","date_gmt":"2025-07-07T22:01:11","guid":{"rendered":"https:\/\/www.europesays.com\/fr\/233596\/"},"modified":"2025-07-07T22:01:11","modified_gmt":"2025-07-07T22:01:11","slug":"lassemblee-adopte-a-nouveau-le-texte-reformant-le-scrutin-municipal-a-paris-lyon-et-marseille","status":"publish","type":"post","link":"https:\/\/www.europesays.com\/fr\/233596\/","title":{"rendered":"L&rsquo;Assembl\u00e9e adopte \u00e0 nouveau le texte r\u00e9formant le scrutin municipal \u00e0 Paris, Lyon et Marseille"},"content":{"rendered":"<p class=\"fig-paragraph\">Les d\u00e9put\u00e9s ont approuv\u00e9 lundi en deuxi\u00e8me lecture\u00a0<a href=\"http:\/\/www.lefigaro.fr\/politique\/municipales-2026-la-reforme-du-mode-de-scrutin-a-paris-lyon-et-marseille-adoptee-a-l-assemblee-20250409\" target=\"_blank\" data-fig-type=\"NewsFlash\" rel=\"noopener nofollow\" data-gtm-custom-categorie=\"navigation\" data-gtm-custom-action=\"crossclick\" data-gtm-custom-label=\"Contextuel\" data-gtm-event=\"customEventSPE\" data-fig-domain=\"LEFIGARO\">la r\u00e9forme du scrutin municipal \u00e0 Paris, Lyon et Marseille<\/a>, \u00e0 laquelle sont majoritairement oppos\u00e9s les s\u00e9nateurs mais que le gouvernement cherche \u00e0 faire adopter au pas de charge. Le texte doit d\u00e9sormais retourner au S\u00e9nat, qui l&rsquo;examinera d\u00e8s mercredi, apr\u00e8s l&rsquo;avoir rejet\u00e9 une premi\u00e8re fois d\u00e9but juin.<\/p>\n<p class=\"fig-paragraph\">Fin juin, une commission mixte paritaire (CMP) r\u00e9unissant d\u00e9put\u00e9s et s\u00e9nateurs avait \u00e9chou\u00e9 \u00e0 aboutir \u00e0 un compromis sur ce texte d&rsquo;origine macroniste, soutenu par le Rassemblement national et La France insoumise. Si le d\u00e9saccord persiste en deuxi\u00e8me lecture au S\u00e9nat, le gouvernement pourrait donner le \u00abdernier mot\u00bb aux d\u00e9put\u00e9s, une hypoth\u00e8se qui h\u00e9risse le S\u00e9nat. Lundi, le ministre des Relations avec le Parlement Patrick Mignola a redit son \u00abespoir\u00bb qu&rsquo;un accord entre les deux chambres puisse \u00eatre trouv\u00e9. \u00abJe ne veux pas, \u00e0 ce stade, (&#8230;) envisager ce que serait le dernier mot. Mais ce sont pr\u00e9cis\u00e9ment ce que nos institutions pr\u00e9voient\u00bb, a-t-il ajout\u00e9.<\/p>\n<p>                                    <a class=\"fig-a11y-skip a11y-hidden\" href=\"#fig-a11y-skip-main-inarticle\"><br \/>\n        Passer la publicit\u00e9<br \/>\n    <\/a><\/p>\n<p>Mettre fin au mode de scrutin mis en place en 1982<\/p>\n<p class=\"fig-paragraph\">\u00c0 moins de neuf mois des municipales de mars 2026, la r\u00e9forme entend mettre fin au mode de scrutin mis en place en 1982. Pour le moment, les \u00e9lecteurs \u00e0 Paris, Lyon et Marseille votent dans chaque arrondissement pour une liste de conseillers, les \u00e9lus du haut de la liste si\u00e9geant au conseil d&rsquo;arrondissement et au conseil municipal. Dans sa version approuv\u00e9e par les d\u00e9put\u00e9s, le texte pr\u00e9voit \u00e0 la place d&rsquo;instaurer deux scrutins, l&rsquo;un pour \u00e9lire les conseillers d&rsquo;arrondissement ou de secteur, l&rsquo;autre pour \u00e9lire ceux du conseil municipal, sur une circonscription unique.<\/p>\n<p class=\"fig-paragraph\">Il s&rsquo;agit \u00abd&rsquo;une avanc\u00e9e majeure pour la d\u00e9mocratie municipale dans nos trois plus grandes villes\u00bb, a d\u00e9clar\u00e9 Jean-Paul Mattei, rapporteur MoDem du texte \u00e0 l&rsquo;Assembl\u00e9e. Le syst\u00e8me actuel est \u00abcomplexe\u00bb et \u00abpeu lisible pour les citoyens\u00bb, tandis que la r\u00e9forme rapprocherait les scrutins \u00e0 Paris, Lyon et Marseille \u00abdu droit commun\u00bb, a-t-il martel\u00e9. Mais la r\u00e9forme cache d&rsquo;importants enjeux \u00e9lectoraux.<\/p>\n<p class=\"fig-paragraph\">Les socialistes y sont oppos\u00e9s, et\u00a0<a href=\"http:\/\/www.lefigaro.fr\/politique\/primaire-socialiste-a-paris-emmanuel-gregoire-revendique-la-victoire-avec-pres-de-53-des-voix-20250630\" target=\"_blank\" data-fig-type=\"NewsFlash\" rel=\"noopener nofollow\" data-gtm-custom-categorie=\"navigation\" data-gtm-custom-action=\"crossclick\" data-gtm-custom-label=\"Contextuel\" data-gtm-event=\"customEventSPE\" data-fig-domain=\"LEFIGARO\">leur candidat \u00e0 la mairie de Paris pour 2026, le d\u00e9put\u00e9 Emmanuel Gr\u00e9goire<\/a>, avait d\u00e9pos\u00e9 de nombreux amendements, notamment pour supprimer les diff\u00e9rents articles du texte. \u00abC&rsquo;est la premi\u00e8re fois dans l&rsquo;histoire que nous allons installer, pour un m\u00eame bloc de comp\u00e9tences, deux niveaux de l\u00e9gitimit\u00e9 politique avec deux scrutins diff\u00e9rents\u00bb, a-t-il fait valoir, ajoutant: \u00abIl reviendra au Conseil constitutionnel de dire s&rsquo;il pense que c&rsquo;est conforme\u00bb \u00e0 la Constitution.<\/p>\n","protected":false},"excerpt":{"rendered":"Les d\u00e9put\u00e9s ont approuv\u00e9 lundi en deuxi\u00e8me lecture\u00a0la r\u00e9forme du scrutin municipal \u00e0 Paris, Lyon et Marseille, \u00e0&hellip;\n","protected":false},"author":2,"featured_media":233597,"comment_status":"","ping_status":"","sticky":false,"template":"","format":"standard","meta":{"footnotes":""},"categories":[1888],"tags":[11,416,1777,674,1011,27,2428,884,12,626,25],"class_list":{"0":"post-233596","1":"post","2":"type-post","3":"status-publish","4":"format-standard","5":"has-post-thumbnail","7":"category-paris","8":"tag-actualites","9":"tag-assemblee-nationale","10":"tag-eu","11":"tag-europe","12":"tag-fr","13":"tag-france","14":"tag-lyon","15":"tag-marseille","16":"tag-news","17":"tag-paris","18":"tag-republique-francaise"},"share_on_mastodon":{"url":"https:\/\/pubeurope.com\/@fr\/114814208303452369","error":""},"_links":{"self":[{"href":"https:\/\/www.europesays.com\/fr\/wp-json\/wp\/v2\/posts\/233596","targetHints":{"allow":["GET"]}}],"collection":[{"href":"https:\/\/www.europesays.com\/fr\/wp-json\/wp\/v2\/posts"}],"about":[{"href":"https:\/\/www.europesays.com\/fr\/wp-json\/wp\/v2\/types\/post"}],"author":[{"embeddable":true,"href":"https:\/\/www.europesays.com\/fr\/wp-json\/wp\/v2\/users\/2"}],"replies":[{"embeddable":true,"href":"https:\/\/www.europesays.com\/fr\/wp-json\/wp\/v2\/comments?post=233596"}],"version-history":[{"count":0,"href":"https:\/\/www.europesays.com\/fr\/wp-json\/wp\/v2\/posts\/233596\/revisions"}],"wp:featuredmedia":[{"embeddable":true,"href":"https:\/\/www.europesays.com\/fr\/wp-json\/wp\/v2\/media\/233597"}],"wp:attachment":[{"href":"https:\/\/www.europesays.com\/fr\/wp-json\/wp\/v2\/media?parent=233596"}],"wp:term":[{"taxonomy":"category","embeddable":true,"href":"https:\/\/www.europesays.com\/fr\/wp-json\/wp\/v2\/categories?post=233596"},{"taxonomy":"post_tag","embeddable":true,"href":"https:\/\/www.europesays.com\/fr\/wp-json\/wp\/v2\/tags?post=233596"}],"curies":[{"name":"wp","href":"https:\/\/api.w.org\/{rel}","templated":true}]}}