{"id":233606,"date":"2025-07-07T22:06:09","date_gmt":"2025-07-07T22:06:09","guid":{"rendered":"https:\/\/www.europesays.com\/fr\/233606\/"},"modified":"2025-07-07T22:06:09","modified_gmt":"2025-07-07T22:06:09","slug":"premier-entretien-entre-nasser-bourita-et-johann-wadephul","status":"publish","type":"post","link":"https:\/\/www.europesays.com\/fr\/233606\/","title":{"rendered":"Premier entretien entre Nasser Bourita et Johann Wadephul"},"content":{"rendered":"<p>Le ministre des Affaires \u00e9trang\u00e8res, Nasser Bourita, a \u00e9chang\u00e9 ce lundi 7 juillet par t\u00e9l\u00e9phone avec son nouvel homologue allemand, Johann David Wadephul, r\u00e9cemment nomm\u00e9 le 6 mai. \u00abCet entretien inaugural a permis de souligner l&rsquo;excellence des relations entre le Royaume du Maroc et la R\u00e9publique F\u00e9d\u00e9rale d&rsquo;Allemagne, tout en r\u00e9affirmant l&rsquo;engagement des deux nations \u00e0 maintenir la dynamique positive de leur coop\u00e9ration bilat\u00e9rale\u00bb, indique la diplomatie marocaine <a href=\"https:\/\/x.com\/MarocDiplomatie\/status\/1942249209442263445\" target=\"_blank\" rel=\"nofollow\">dans un communiqu\u00e9.<\/a><\/p>\n<p>\u00abLes deux ministres ont exprim\u00e9 leur volont\u00e9 de renforcer davantage ces liens, en les orientant vers un partenariat strat\u00e9gique tourn\u00e9 vers l&rsquo;avenir. Ils ont confirm\u00e9, \u00e0 cet \u00e9gard, leur intention de poursuivre le Dialogue Strat\u00e9gique, initi\u00e9 par la D\u00e9claration conjointe de Rabat en 2022.\u00bb La prochaine session de ce cadre de partenariat de haut niveau \u00abse tiendra \u00e0 Rabat\u00bb.<\/p>\n<p>Nasser Bourita et Johann Wadephul ont mis en avant \u00abl&rsquo;importance d&rsquo;intensifier la concertation et la coordination sur les questions r\u00e9gionales et internationales d&rsquo;int\u00e9r\u00eat commun, notamment celles rev\u00eatant une importance strat\u00e9gique et prioritaire pour chacun des deux pays\u00bb.<\/p>\n<p>Pour rappel, dans la <a href=\"https:\/\/diplomatie.ma\/sites\/default\/files\/inline-files\/D%C3%A9claration%20conjointe%20%20Maroc-Allemagne-VF-_0.pdf\" target=\"_blank\" rel=\"nofollow noopener\">D\u00e9claration conjointe du 25 ao\u00fbt 2022<\/a>, mentionn\u00e9e dans le communiqu\u00e9 du 7 juillet du minist\u00e8re des Affaires \u00e9trang\u00e8res, Berlin r\u00e9affirme, au paragraphe 15, que sur \u00abla question du Sahara occidental, la Ministre allemande (Mme Annalena Baerbock, ndlr) a renouvel\u00e9 le soutien de longue date de l\u2019Allemagne au processus men\u00e9 par les Nations Unies pour une solution politique r\u00e9aliste, pragmatique, durable et mutuellement acceptable pour les parties. Les deux parties conviennent de l\u2019exclusivit\u00e9 de l\u2019ONU dans le processus politique et r\u00e9it\u00e8rent leur soutien \u00e0 la r\u00e9solution 2602 du Conseil de s\u00e9curit\u00e9 de l\u2019ONU, qui souligne le r\u00f4le et la responsabilit\u00e9 des parties dans la recherche d\u2019une solution politique r\u00e9aliste, pragmatique, durable et fond\u00e9e sur le compromis\u00bb.<\/p>\n<p>Il est pr\u00e9cis\u00e9 que \u00abl\u2019Allemagne consid\u00e8re, \u00e0 cet effet, le plan d\u2019autonomie pr\u00e9sent\u00e9 en 2007 comme un effort s\u00e9rieux et cr\u00e9dible du Maroc et comme une bonne base pour une solution accept\u00e9e par les deux parties. Le Maroc et l\u2019Allemagne saluent la nomination de l\u2019Envoy\u00e9 personnel du Secr\u00e9taire G\u00e9n\u00e9ral des Nations Unies, M. Staffan de Mistura, et r\u00e9affirment leur soutien actif \u00e0 ses efforts pour faire avancer le processus politique sur la base des r\u00e9solutions pertinentes du Conseil de S\u00e9curit\u00e9 des Nations Unies. Ils r\u00e9it\u00e8rent \u00e9galement leur soutien \u00e0 la MINURSO\u00bb.<\/p>\n","protected":false},"excerpt":{"rendered":"Le ministre des Affaires \u00e9trang\u00e8res, Nasser Bourita, a \u00e9chang\u00e9 ce lundi 7 juillet par t\u00e9l\u00e9phone avec son nouvel&hellip;\n","protected":false},"author":2,"featured_media":233607,"comment_status":"","ping_status":"","sticky":false,"template":"","format":"standard","meta":{"footnotes":""},"categories":[1587],"tags":[11,672,1804,1805,1803,1777,674,1801,12,1802],"class_list":{"0":"post-233606","1":"post","2":"type-post","3":"status-publish","4":"format-standard","5":"has-post-thumbnail","7":"category-allemagne","8":"tag-actualites","9":"tag-allemagne","10":"tag-bundesrepublik-deutschland","11":"tag-de","12":"tag-deutschland","13":"tag-eu","14":"tag-europe","15":"tag-germany","16":"tag-news","17":"tag-republique-federale-dallemagne"},"share_on_mastodon":{"url":"https:\/\/pubeurope.com\/@fr\/114814227901490686","error":""},"_links":{"self":[{"href":"https:\/\/www.europesays.com\/fr\/wp-json\/wp\/v2\/posts\/233606","targetHints":{"allow":["GET"]}}],"collection":[{"href":"https:\/\/www.europesays.com\/fr\/wp-json\/wp\/v2\/posts"}],"about":[{"href":"https:\/\/www.europesays.com\/fr\/wp-json\/wp\/v2\/types\/post"}],"author":[{"embeddable":true,"href":"https:\/\/www.europesays.com\/fr\/wp-json\/wp\/v2\/users\/2"}],"replies":[{"embeddable":true,"href":"https:\/\/www.europesays.com\/fr\/wp-json\/wp\/v2\/comments?post=233606"}],"version-history":[{"count":0,"href":"https:\/\/www.europesays.com\/fr\/wp-json\/wp\/v2\/posts\/233606\/revisions"}],"wp:featuredmedia":[{"embeddable":true,"href":"https:\/\/www.europesays.com\/fr\/wp-json\/wp\/v2\/media\/233607"}],"wp:attachment":[{"href":"https:\/\/www.europesays.com\/fr\/wp-json\/wp\/v2\/media?parent=233606"}],"wp:term":[{"taxonomy":"category","embeddable":true,"href":"https:\/\/www.europesays.com\/fr\/wp-json\/wp\/v2\/categories?post=233606"},{"taxonomy":"post_tag","embeddable":true,"href":"https:\/\/www.europesays.com\/fr\/wp-json\/wp\/v2\/tags?post=233606"}],"curies":[{"name":"wp","href":"https:\/\/api.w.org\/{rel}","templated":true}]}}