{"id":233612,"date":"2025-07-07T22:09:10","date_gmt":"2025-07-07T22:09:10","guid":{"rendered":"https:\/\/www.europesays.com\/fr\/233612\/"},"modified":"2025-07-07T22:09:10","modified_gmt":"2025-07-07T22:09:10","slug":"gaza-mettre-fin-a-la-guerre-est-la-priorite-absolue-de-donald-trump-le-figaro","status":"publish","type":"post","link":"https:\/\/www.europesays.com\/fr\/233612\/","title":{"rendered":"Gaza : mettre fin \u00e0 la guerre est la \u00abpriorit\u00e9 absolue\u00bb de Donald Trump &#8211; Le Figaro"},"content":{"rendered":"<ol>\n<li><a href=\"https:\/\/news.google.com\/rss\/articles\/CBMitAFBVV95cUxONk53eGhTTjdfUENCVU1kVnZkdnNPNm5zZEMwaE1aclcyeGR4eUhIRHIteVd4cnpHWkFGX2o1dW5JbEoyTnJIRTdHMnlldnlDV3RnM1p3dkM5bnFkelB3N3FwYlI5NU5ZZEg2ZG9ZUHJ3allfZVFhQ2luMWdCR1JmNWhwQ0RRbkN0cnFUN1lyRXFucWVLQko3YzFIaVJ1WWE2cXotN2FJZW4zYV9wRldWQkpldF8?oc=5\" target=\"_blank\" rel=\"nofollow noopener\">Gaza : mettre fin \u00e0 la guerre est la \u00abpriorit\u00e9 absolue\u00bb de Donald Trump<\/a>&nbsp;&nbsp;Le Figaro<\/li>\n<li><a href=\"https:\/\/news.google.com\/rss\/articles\/CBMiqwJBVV95cUxQZ3VhcHpscXJVTjhVTUZabUwwNzU1dVVXZkhFQkhyVnhWczlOSkpqejlaa0had3NDVW4tYmN4TzRHT2xwMTdvT0IweW1wRnpXb2ZhU0QzOTJEVFRVYS04MUp2eldmWlJHWlAxWUM5ME1iS1pOYmVGMFh6ZzVHMzRZTFVXWDdhRzFtR2RIZDBqTi1INnVuaVY5ZGdHeDliRUJZZWNaN3pPMUtsck5ZODM2Rnlhajk5LTdHR0VyM1c2N0YyYkJSUmdHZGpfSnk4dnlqV3lxVUx5MkI2X2NMOTJaTjU5NFE4RTk0U0JpelJ5dUNCdWcxTGVITll5dDVwS3lIM0NQTWZWcmwyRTJlQXBNY0dCZzUxaFA2QXhlaXUxaFIzOVEyclJJWUZDOA?oc=5\" target=\"_blank\" rel=\"nofollow noopener\">Benyamin N\u00e9tanyahou re\u00e7u \u00e0 la Maison Blanche par Donald Trump pour la troisi\u00e8me fois en moins de six mois<\/a>&nbsp;&nbsp;Le Monde.fr<\/li>\n<li><a href=\"https:\/\/news.google.com\/rss\/articles\/CBMiiwJBVV95cUxPeWpFa0k5NUxFQVE2Ym1fUE5OOWVhUE9fSWxVbXFnRHdiYWs5X1lBVWVQTUppRG5LY1lINzFuaGkzMHRPRnRMa3Z2SkNlNVp1V2FldlNQcFJqbzNLd2duTGNzeXBmbXdGYW50R3BGTHpCSXl1cDJDWXFCdlBXejF6YUlpTXVVZVdTaVh1VktWb29tSUFBQXl6RmxoNjFGZlpwUnQ0Ry12TXZqRmxnU0VtVDlBdldoVUFEbjhraHpZQzNJZU1rX1d6X3JTa2lycTQ2MnlNWWR1dm9DNGFoV1dnV3FWaC0zRDQtWlJVcEs3YzE5VThzajZ6NDRBREJ5Mi11ZUt4QXJzYWxnRWs?oc=5\" target=\"_blank\" rel=\"nofollow noopener\">Gaza: ces points de blocage pour un accord de cessez-le-feu avant la rencontre entre Netanyahu et Trump<\/a>&nbsp;&nbsp;BFMTV<\/li>\n<li><a href=\"https:\/\/news.google.com\/rss\/articles\/CBMiqAFBVV95cUxNRXBSYktMc1luV2Vqb1doMTYwUWtseW5pR1ZHWU9aRExqM0RoNm1qaXJJMXJfQzdSMy1nd1pzNUVmSHBaR2ZqUEV6VVVVUWtDYWNCTFJVM3NZakFOZS1uSEhYMW54aldDOFotcTdzOXk2eWJZV1EwejJoWmxwNkhOUXV1VDZuTkh4RFBGd2s5N3prYnU1UXA4ZGIyMUppUm85elVOcFRvZFY?oc=5\" target=\"_blank\" rel=\"nofollow noopener\">Pr\u00e9visions internationales du lundi 7 juillet 2025 (\u00e0 15H30 GMT)<\/a>&nbsp;&nbsp;Notretemps.com<\/li>\n<li><a href=\"https:\/\/news.google.com\/rss\/articles\/CBMi2AFBVV95cUxObEwzaUptSGJmeWtiVFFnRmsyamVwMmZRM2lhcGJ3VmlUWkRkYjdEWE1FbEp6OUEwT01jaG9CcmUwUld1UTYybHBNYVZkcGRaa1dUZlE5NXhLNDlhdHI4WEdSMzN3N3h0Ujl6WTFLQTFsNXVQdnRJTlExdEJDN0tRcF8teEdJRWF2b3VzLVA4eW8zTEtnY2N5NWRJaEQ1TEVRZ051dVRUUU5vb0hZU0RkdDk2aVNIbVFiUGNIYmJnSUZVTElyZE1pWW12aVBpY2dOTXpBNUt4Q0U?oc=5\" target=\"_blank\" rel=\"nofollow noopener\">Trump et N\u00e9tanyahou r\u00eavent de redessiner le Moyen-Orient, mais leurs objectifs diff\u00e8rent<\/a>&nbsp;&nbsp;Mediapart<\/li>\n<\/ol>\n","protected":false},"excerpt":{"rendered":"Gaza : mettre fin \u00e0 la guerre est la \u00abpriorit\u00e9 absolue\u00bb de Donald Trump&nbsp;&nbsp;Le Figaro Benyamin N\u00e9tanyahou re\u00e7u&hellip;\n","protected":false},"author":2,"featured_media":233613,"comment_status":"","ping_status":"","sticky":false,"template":"","format":"standard","meta":{"footnotes":""},"categories":[2],"tags":[11,75,1011,27,665,12,25],"class_list":{"0":"post-233612","1":"post","2":"type-post","3":"status-publish","4":"format-standard","5":"has-post-thumbnail","7":"category-actualites","8":"tag-actualites","9":"tag-donald-trump","10":"tag-fr","11":"tag-france","12":"tag-gaza","13":"tag-news","14":"tag-republique-francaise"},"share_on_mastodon":{"url":"https:\/\/pubeurope.com\/@fr\/114814239721728098","error":""},"_links":{"self":[{"href":"https:\/\/www.europesays.com\/fr\/wp-json\/wp\/v2\/posts\/233612","targetHints":{"allow":["GET"]}}],"collection":[{"href":"https:\/\/www.europesays.com\/fr\/wp-json\/wp\/v2\/posts"}],"about":[{"href":"https:\/\/www.europesays.com\/fr\/wp-json\/wp\/v2\/types\/post"}],"author":[{"embeddable":true,"href":"https:\/\/www.europesays.com\/fr\/wp-json\/wp\/v2\/users\/2"}],"replies":[{"embeddable":true,"href":"https:\/\/www.europesays.com\/fr\/wp-json\/wp\/v2\/comments?post=233612"}],"version-history":[{"count":0,"href":"https:\/\/www.europesays.com\/fr\/wp-json\/wp\/v2\/posts\/233612\/revisions"}],"wp:featuredmedia":[{"embeddable":true,"href":"https:\/\/www.europesays.com\/fr\/wp-json\/wp\/v2\/media\/233613"}],"wp:attachment":[{"href":"https:\/\/www.europesays.com\/fr\/wp-json\/wp\/v2\/media?parent=233612"}],"wp:term":[{"taxonomy":"category","embeddable":true,"href":"https:\/\/www.europesays.com\/fr\/wp-json\/wp\/v2\/categories?post=233612"},{"taxonomy":"post_tag","embeddable":true,"href":"https:\/\/www.europesays.com\/fr\/wp-json\/wp\/v2\/tags?post=233612"}],"curies":[{"name":"wp","href":"https:\/\/api.w.org\/{rel}","templated":true}]}}