{"id":233620,"date":"2025-07-07T22:13:13","date_gmt":"2025-07-07T22:13:13","guid":{"rendered":"https:\/\/www.europesays.com\/fr\/233620\/"},"modified":"2025-07-07T22:13:13","modified_gmt":"2025-07-07T22:13:13","slug":"royan-a-presente-un-dossier-suffisamment-solide","status":"publish","type":"post","link":"https:\/\/www.europesays.com\/fr\/233620\/","title":{"rendered":"Royan a pr\u00e9sent\u00e9 un dossier suffisamment solide"},"content":{"rendered":"<p>\u00ab\u00a0Je suis ravi de cette issue\u00a0\u00bb, r\u00e9agissait, samedi 5 juillet, David Guelle, pr\u00e9sident et joueur du club royannais. <a href=\"https:\/\/www.sudouest.fr\/sport\/volley-ball\/volley-ball-ligue-b-les-pirates-de-royan-relegues-pour-insuffisances-financieres-24786644.php\" target=\"_blank\" rel=\"follow nofollow noopener\">D\u2019abord rel\u00e9gu\u00e9s pour des raisons financi\u00e8res<\/a>, les Pirates ont pr\u00e9sent\u00e9 un dossier suffisamment solide pour demeurer en Ligue B. \u00ab\u00a0Les collectivit\u00e9s locales, la mairie de Royan et la Communaut\u00e9 d\u2019agglom\u00e9ration de Royan Atlantique ont jou\u00e9 le jeu. Des supporters et des partenaires ont aussi particip\u00e9 \u00e0 notre campagne de financement participatif et je les remercie\u00a0\u00bb, a poursuivi Guelle, qui va pouvoir pr\u00e9parer la saison prochaine dans la s\u00e9r\u00e9nit\u00e9. <\/p>\n<p>Mais, cette fois, il se garde bien de fixer un objectif. La saison pass\u00e9e, ils avaient annonc\u00e9 leur volont\u00e9 de disputer les playoffs (qui concernaient 8 des 10 formations engag\u00e9es) et avaient termin\u00e9 \u00e0 la derni\u00e8re place (avec 1 victoire pour 17 d\u00e9faites successives&#8230;). <\/p>\n<p>Cinq nouveaux pour le moment<\/p>\n<p>Pour la saison 2025-2026, la donne a encore chang\u00e9. \u00ab\u00a0Il y aura 11 \u00e9quipes engag\u00e9es et il n\u2019y aura plus de playoffs\u00a0\u00bb, pr\u00e9cise le pr\u00e9sident-passeur. Les \u00e9quipes disputeront trois rencontres face au m\u00eame adversaire. \u00c0 l\u2019issue de la comp\u00e9tition, une seule acc\u00e9dera \u00e0 la premi\u00e8re division\u2026 et aucune ne sera rel\u00e9gu\u00e9e. Rassur\u00e9s pour leur proche avenir, les Royannais visent toujours, \u00ab\u00a0le plus rapidement possible\u00a0\u00bb pour David Guelle, l\u2019accession au plus haut niveau national. <\/p>\n<p>Avec cinq nouveaux joueurs (Bonnefoy, Varier, Diop, Loupias et Gabali), l\u2019\u00e9quipe sera \u00ab\u00a0coh\u00e9rente\u00a0\u00bb, en attendant l\u2019\u00e9ventuel recrutement de Swan Ngapeth (le fr\u00e8re d\u2019Earvin, le double champion olympique). \u00ab\u00a0Il va commencer par nous donner un coup de main lors des entra\u00eenements. On verra ensuite si nous pouvons officiellement l\u2019int\u00e9grer dans notre effectif\u00a0\u00bb, annonce le Royannais. Ses co\u00e9quipiers et lui reprendront l\u2019entra\u00eenement lundi 25\u00a0ao\u00fbt et le championnat mardi 21\u00a0octobre. <\/p>\n<p>Des rencontres de pr\u00e9paration (face \u00e0 Saint-Jean-d\u2019Illac, Rennes, Saint-Nazaire et Toulouse) sont aussi pr\u00e9vues. L\u2019espace Cordouan accueillera notamment le tournoi de l\u2019Atlantique vendredi 19 et samedi 20\u00a0septembre.<\/p>\n","protected":false},"excerpt":{"rendered":"\u00ab\u00a0Je suis ravi de cette issue\u00a0\u00bb, r\u00e9agissait, samedi 5 juillet, David Guelle, pr\u00e9sident et joueur du club royannais.&hellip;\n","protected":false},"author":2,"featured_media":233621,"comment_status":"","ping_status":"","sticky":false,"template":"","format":"standard","meta":{"footnotes":""},"categories":[1417],"tags":[1011,27,60,1470,1469],"class_list":{"0":"post-233620","1":"post","2":"type-post","3":"status-publish","4":"format-standard","5":"has-post-thumbnail","7":"category-volley","8":"tag-fr","9":"tag-france","10":"tag-sports","11":"tag-volley","12":"tag-volleyball"},"share_on_mastodon":{"url":"https:\/\/pubeurope.com\/@fr\/114814255362342298","error":""},"_links":{"self":[{"href":"https:\/\/www.europesays.com\/fr\/wp-json\/wp\/v2\/posts\/233620","targetHints":{"allow":["GET"]}}],"collection":[{"href":"https:\/\/www.europesays.com\/fr\/wp-json\/wp\/v2\/posts"}],"about":[{"href":"https:\/\/www.europesays.com\/fr\/wp-json\/wp\/v2\/types\/post"}],"author":[{"embeddable":true,"href":"https:\/\/www.europesays.com\/fr\/wp-json\/wp\/v2\/users\/2"}],"replies":[{"embeddable":true,"href":"https:\/\/www.europesays.com\/fr\/wp-json\/wp\/v2\/comments?post=233620"}],"version-history":[{"count":0,"href":"https:\/\/www.europesays.com\/fr\/wp-json\/wp\/v2\/posts\/233620\/revisions"}],"wp:featuredmedia":[{"embeddable":true,"href":"https:\/\/www.europesays.com\/fr\/wp-json\/wp\/v2\/media\/233621"}],"wp:attachment":[{"href":"https:\/\/www.europesays.com\/fr\/wp-json\/wp\/v2\/media?parent=233620"}],"wp:term":[{"taxonomy":"category","embeddable":true,"href":"https:\/\/www.europesays.com\/fr\/wp-json\/wp\/v2\/categories?post=233620"},{"taxonomy":"post_tag","embeddable":true,"href":"https:\/\/www.europesays.com\/fr\/wp-json\/wp\/v2\/tags?post=233620"}],"curies":[{"name":"wp","href":"https:\/\/api.w.org\/{rel}","templated":true}]}}