{"id":233622,"date":"2025-07-07T22:14:09","date_gmt":"2025-07-07T22:14:09","guid":{"rendered":"https:\/\/www.europesays.com\/fr\/233622\/"},"modified":"2025-07-07T22:14:09","modified_gmt":"2025-07-07T22:14:09","slug":"ces-2-joueurs-toulousains-qui-ont-joue-les-7-finales-des-7-derniers-titres","status":"publish","type":"post","link":"https:\/\/www.europesays.com\/fr\/233622\/","title":{"rendered":"Ces 2 joueurs Toulousains qui ont jou\u00e9 les 7 finales des 7 derniers titres !"},"content":{"rendered":"<p>Le saviez-vous ?<\/p>\n<p>Sur les sept derniers titres remport\u00e9s par le Stade-Toulousain, seulement deux joueurs ont jou\u00e9 les sept finales ?<\/p>\n<p>Ces deux joueurs sont Fran\u00e7ois Cros et Thomas Ramos.<\/p>\n<p><strong>Interrog\u00e9 par <a href=\"https:\/\/www.rugbyrama.fr\/2025\/07\/03\/top-14-entretien-exclusif-ugo-mola-toulouse-tu-ne-fais-pas-un-triple-avec-des-mecs-normaux-12803416.php\" rel=\"nofollow noopener\" target=\"_blank\">Midi Olympique<\/a>, le manager Toulousain Ugo Mola a \u00e9voqu\u00e9 cette sp\u00e9cificit\u00e9. Extrait:<\/strong><\/p>\n<p>Pour \u00eatre pr\u00e9cis, Fran\u00e7ois est le seul qui a \u00e9t\u00e9 titulaire \u00e0 chaque fois, Thomas \u00e9tait rempla\u00e7ant lors des deux finales de Champions Cup. Il est \u00e9vident que le retour de Thomas, comme celui de Kinghorn, a \u00e9t\u00e9 essentiel dans notre r\u00e9ussite sur la fin. Ils font \u00e9videmment partie de cette trempe de mecs, comme Ahki qui nous fait une rentr\u00e9e monstrueuse, ou Meafou qui en a terriblement bav\u00e9 pour revenir de son infection pulmonaire et des efforts consentis pour jouer en \u00e9quipe de France.<\/p>\n<p><strong>Il conc\u00e8de dans la foul\u00e9e taquiner souvent ses joueurs pour tenter d\u2019effectuer un quadrupl\u00e9 Top 14 suite \u00e0 ce troisi\u00e8me Bouclier remport\u00e9 au mois de juin dernier. Extrait:<\/strong><\/p>\n<p>Pour l\u2019instant, on a un peu de r\u00e9ussite sur nos finales, pourvu que \u00e7a dure ! Sa r\u00e9ponse ne m\u2019\u00e9tonne pas. Je vous cache pas que, d\u00e8s que j\u2019ai l\u2019occasion, je leur mets des pi\u00e8ces au sujet de ce qu\u2019a r\u00e9ussi la g\u00e9n\u00e9ration des ann\u00e9es 90, qu\u2019ils c\u00f4toient au quotidien avec les Christophe Guiter, Didier Lacroix, Michel Marfaing, Emile Ntamack, J\u00e9r\u00f4me Cazabou\u2026 <\/p>\n<p>\u00c9videmment que pour \u00eatre une g\u00e9n\u00e9ration marquante du club, il faut passer par un moment un peu sp\u00e9cial. Tu n\u2019es pas champion, tu ne r\u00e9alises pas de tripl\u00e9 qu\u2019avec des mecs normaux, qui suivent la bonne parole. Il faut des gens un peu diff\u00e9rents.<\/p>\n<p><strong>Questionn\u00e9 sur ses leviers pour faire performer son \u00e9quipe, il r\u00e9agit. Extrait:<\/strong><\/p>\n<p>C\u2019est terrible ce que je vais vous dire, mais je ne suis pas obs\u00e9d\u00e9 par les records, les titres\u2026 Ma motivation quotidienne est de tirer le meilleur de la g\u00e9n\u00e9ration qu\u2019il m\u2019a \u00e9t\u00e9 donn\u00e9 d\u2019avoir. Pour moi, il n\u2019y a rien de plus frustrant pour un coach que de ne pas exploiter les qualit\u00e9s de son \u00e9quipe. M\u00eame quand Antoine et Peato nous manquaient, et que je voyais bien que tout le monde commen\u00e7ait \u00e0 capituler, \u00e0 se dire que ce n\u2019\u00e9tait pas tr\u00e8s grave si on perdait cette ann\u00e9e\u2026 <\/p>\n<p>Non, ce n\u2019\u00e9tait pas une histoire grave ou pas. M\u00eame sans certains joueurs, le potentiel \u00e9tait l\u00e0. On pr\u00e9f\u00e8re \u00e9videmment quand les meilleurs joueurs du monde sont \u00e0 disposition mais cette \u00e9quipe, m\u00eame sans eux, elle ne l\u00e2che pas.<\/p>\n","protected":false},"excerpt":{"rendered":"Le saviez-vous ? Sur les sept derniers titres remport\u00e9s par le Stade-Toulousain, seulement deux joueurs ont jou\u00e9 les&hellip;\n","protected":false},"author":2,"featured_media":233623,"comment_status":"","ping_status":"","sticky":false,"template":"","format":"standard","meta":{"footnotes":""},"categories":[1416],"tags":[1011,27,479,1468,60],"class_list":{"0":"post-233622","1":"post","2":"type-post","3":"status-publish","4":"format-standard","5":"has-post-thumbnail","7":"category-rugby","8":"tag-fr","9":"tag-france","10":"tag-rugby","11":"tag-rugby-football","12":"tag-sports"},"share_on_mastodon":{"url":"https:\/\/pubeurope.com\/@fr\/114814259270691429","error":""},"_links":{"self":[{"href":"https:\/\/www.europesays.com\/fr\/wp-json\/wp\/v2\/posts\/233622","targetHints":{"allow":["GET"]}}],"collection":[{"href":"https:\/\/www.europesays.com\/fr\/wp-json\/wp\/v2\/posts"}],"about":[{"href":"https:\/\/www.europesays.com\/fr\/wp-json\/wp\/v2\/types\/post"}],"author":[{"embeddable":true,"href":"https:\/\/www.europesays.com\/fr\/wp-json\/wp\/v2\/users\/2"}],"replies":[{"embeddable":true,"href":"https:\/\/www.europesays.com\/fr\/wp-json\/wp\/v2\/comments?post=233622"}],"version-history":[{"count":0,"href":"https:\/\/www.europesays.com\/fr\/wp-json\/wp\/v2\/posts\/233622\/revisions"}],"wp:featuredmedia":[{"embeddable":true,"href":"https:\/\/www.europesays.com\/fr\/wp-json\/wp\/v2\/media\/233623"}],"wp:attachment":[{"href":"https:\/\/www.europesays.com\/fr\/wp-json\/wp\/v2\/media?parent=233622"}],"wp:term":[{"taxonomy":"category","embeddable":true,"href":"https:\/\/www.europesays.com\/fr\/wp-json\/wp\/v2\/categories?post=233622"},{"taxonomy":"post_tag","embeddable":true,"href":"https:\/\/www.europesays.com\/fr\/wp-json\/wp\/v2\/tags?post=233622"}],"curies":[{"name":"wp","href":"https:\/\/api.w.org\/{rel}","templated":true}]}}