{"id":233630,"date":"2025-07-07T22:20:12","date_gmt":"2025-07-07T22:20:12","guid":{"rendered":"https:\/\/www.europesays.com\/fr\/233630\/"},"modified":"2025-07-07T22:20:12","modified_gmt":"2025-07-07T22:20:12","slug":"le-talk-7-recrues-des-girondins-passees-au-crible-les-4-piliers-du-plan-de-continuation","status":"publish","type":"post","link":"https:\/\/www.europesays.com\/fr\/233630\/","title":{"rendered":"Le Talk : 7 recrues des Girondins pass\u00e9es au crible, les 4 piliers du plan de continuation"},"content":{"rendered":"<p><img decoding=\"async\" src=\"https:\/\/www.europesays.com\/fr\/wp-content\/uploads\/2025\/04\/671_89132610973d8a7e10af26016efd81f3.jpg\" alt=\"Le Talk : 7 recrues des Girondins pass\u00e9es au crible, les 4 piliers du plan de continuation\" class=\"img-responsive mt-3\"\/><\/p>\n<p class=\"text-center mb-3\" style=\"font-size: 14px\">\u00a9 Iconsport<\/p>\n<p style=\"text-align: justify;\">Cette \u00e9mission est plac\u00e9e sous le signe du d\u00e9bat, de l&rsquo;information et de l&rsquo;analyse.<\/p>\n<p class=\"p1\">&gt;&gt; <a href=\"https:\/\/www.youtube.com\/watch?v=3pBv1XulKgo\" target=\"_blank\" rel=\"noopener\">Elle est diffus\u00e9e sur la cha\u00eene YouTube de WebGirondins <\/a><\/p>\n<p>Ce navigateur ne supporte pas les iframes<\/p>\n<p class=\"p1\" style=\"text-align: justify;\">Ils sont pr\u00e9sents : le journaliste Samuel Vaslin, le sp\u00e9cialiste de l&rsquo;\u00e9conomie du football David Gluzman, les supporters et chroniqueurs Jonathan d&rsquo;Agostino et Djino Fort\u00e9, avec Nicolas Pietrelli \u00e0 la pr\u00e9sentation.<\/p>\n<p>\u00c9mission r\u00e9alis\u00e9e avec le <a href=\"https:\/\/fr.tipeee.com\/webgirondins\" target=\"_blank\" rel=\"noopener\">soutien des socios<\/a>.<\/p>\n<p class=\"p1\" style=\"text-align: justify;\">Le programme :<\/p>\n<p class=\"p1\"><img decoding=\"async\" src=\"https:\/\/www.europesays.com\/fr\/wp-content\/uploads\/2025\/07\/INFOGRAPHIES E\u0301MISSIONS (17).jpg\" alt=\"INFOGRAPHIES E\u0301MISSIONS (17).jpg (117 KB)\" style=\"width:700px;max-width:100%;\"\/><\/p>\n<p>\u00a0<\/p>\n<p>\u00c0 lire &gt;&gt;\u00a0<strong><a href=\"https:\/\/www.webgirondins.com\/actualite-girondins-girondins-les-noms-des-premieres-recrues-devoilees-a-bordeaux-129644\" target=\"_blank\" rel=\"noopener\">les noms des premi\u00e8res recrues d\u00e9voil\u00e9es \u00e0 Bordeaux<\/a><br \/><\/strong><\/p>\n<p>\u00a0<\/p>\n","protected":false},"excerpt":{"rendered":"\u00a9 Iconsport Cette \u00e9mission est plac\u00e9e sous le signe du d\u00e9bat, de l&rsquo;information et de l&rsquo;analyse. &gt;&gt; Elle&hellip;\n","protected":false},"author":2,"featured_media":10861,"comment_status":"","ping_status":"","sticky":false,"template":"","format":"standard","meta":{"footnotes":""},"categories":[1410],"tags":[23286,1111,9237,3396,1997,3477,27703,21464,18298,1446,2889,23285,63,1011,27,1987,4059,9865,1434,2845,37237,37238,5355,14174,3389,3467,7499,60,5237,5234],"class_list":{"0":"post-233630","1":"post","2":"type-post","3":"status-publish","4":"format-standard","5":"has-post-thumbnail","7":"category-football","8":"tag-abordes","9":"tag-actu","10":"tag-arrivee","11":"tag-avec","12":"tag-bordeaux","13":"tag-cette","14":"tag-chaude","15":"tag-continuation","16":"tag-crible","17":"tag-dans","18":"tag-emission","19":"tag-extrasportifs","20":"tag-football","21":"tag-fr","22":"tag-france","23":"tag-girondins","24":"tag-joueurs","25":"tag-lundi","26":"tag-mercato","27":"tag-nouveaux","28":"tag-passees","29":"tag-piliers","30":"tag-plan","31":"tag-recrues","32":"tag-seront","33":"tag-soir","34":"tag-sportif","35":"tag-sports","36":"tag-suivez","37":"tag-talk"},"share_on_mastodon":{"url":"https:\/\/pubeurope.com\/@fr\/114814283190723724","error":""},"_links":{"self":[{"href":"https:\/\/www.europesays.com\/fr\/wp-json\/wp\/v2\/posts\/233630","targetHints":{"allow":["GET"]}}],"collection":[{"href":"https:\/\/www.europesays.com\/fr\/wp-json\/wp\/v2\/posts"}],"about":[{"href":"https:\/\/www.europesays.com\/fr\/wp-json\/wp\/v2\/types\/post"}],"author":[{"embeddable":true,"href":"https:\/\/www.europesays.com\/fr\/wp-json\/wp\/v2\/users\/2"}],"replies":[{"embeddable":true,"href":"https:\/\/www.europesays.com\/fr\/wp-json\/wp\/v2\/comments?post=233630"}],"version-history":[{"count":0,"href":"https:\/\/www.europesays.com\/fr\/wp-json\/wp\/v2\/posts\/233630\/revisions"}],"wp:featuredmedia":[{"embeddable":true,"href":"https:\/\/www.europesays.com\/fr\/wp-json\/wp\/v2\/media\/10861"}],"wp:attachment":[{"href":"https:\/\/www.europesays.com\/fr\/wp-json\/wp\/v2\/media?parent=233630"}],"wp:term":[{"taxonomy":"category","embeddable":true,"href":"https:\/\/www.europesays.com\/fr\/wp-json\/wp\/v2\/categories?post=233630"},{"taxonomy":"post_tag","embeddable":true,"href":"https:\/\/www.europesays.com\/fr\/wp-json\/wp\/v2\/tags?post=233630"}],"curies":[{"name":"wp","href":"https:\/\/api.w.org\/{rel}","templated":true}]}}