{"id":233631,"date":"2025-07-07T22:21:11","date_gmt":"2025-07-07T22:21:11","guid":{"rendered":"https:\/\/www.europesays.com\/fr\/233631\/"},"modified":"2025-07-07T22:21:11","modified_gmt":"2025-07-07T22:21:11","slug":"un-sketch-m-pokora-decroche-le-premier-role-dans-oradour-ne-moublie-pas-sur-tf1-la-fiction-et-le-chanteur-deja-dezingues","status":"publish","type":"post","link":"https:\/\/www.europesays.com\/fr\/233631\/","title":{"rendered":"\u00ab\u00a0Un sketch\u00a0\u00bb, M. Pokora d\u00e9croche le premier r\u00f4le dans \u00ab\u00a0Oradour, ne m\u2019oublie pas\u00a0\u00bb sur TF1 : la fiction et le chanteur d\u00e9j\u00e0 d\u00e9zingu\u00e9s"},"content":{"rendered":"<p>      R\u00e9sum\u00e9<\/p>\n<p>M. Pokora incarne un officier des Forces Fran\u00e7aises Libres dans une fiction sur le massacre d&rsquo;Oradour-sur-Glane, qui suscite d\u00e9j\u00e0 des critiques avant sa diffusion sur TF1.<\/p>\n<p>        Sommaire<\/p>\n<p>Si <a href=\"https:\/\/www.public.fr\/tag\/m-pokora\" rel=\"nofollow noopener\" target=\"_blank\">M. Pokora<\/a> a d\u00e9j\u00e0 jou\u00e9 les acteurs, notamment dans\u00a0Le premier oubli\u00e9\u00a0en 2019 avec <a href=\"https:\/\/www.public.fr\/tag\/muriel-robin\" rel=\"nofollow noopener\" target=\"_blank\">Muriel Robin<\/a>. Et pourtant, son travail n\u2019a visiblement pas convaincu tout le monde.\u00a0<\/p>\n<p>S\u2019il va falloir encore attendre avant de d\u00e9couvrir <strong>\u00ab\u00a0Oradour ne m\u2019oublie pas\u00a0\u00bb<\/strong> sur TF1, nos confr\u00e8res de Lib\u00e9ration ont d\u00e9j\u00e0 pu voir le travail du chanteur et celui-ci ne les a visiblement pas convaincu. <\/p>\n<p>Comme l\u2019a relay\u00e9 notre conf\u00e8re Nicolas Malaboeuf, <strong>le quotidien a d\u00e9voil\u00e9 une critique<\/strong> de cette fiction \u00e0 venir sur la Une et n\u2019a pas \u00e9t\u00e9 tendre avec le compagnon de <a href=\"https:\/\/vsd.fr\/tag\/christina-milian\/\" rel=\"nofollow noopener\" target=\"_blank\">Christina Milian<\/a>.\u00a0<\/p>\n<p>M. Pokora d\u00e9croche le 1er r\u00f4le d&rsquo;une nouvelle fiction<\/p>\n<p>Pour rappel, le 18 juin dernier, le PDG de la Une, Rodolphe Belmer, faisait part de son souhait au Figaro de\u00a0\u00ab\u00a0toucher des foyers qui n&rsquo;auraient peut-\u00eatre pas vu nos contenus autrement\u00a0\u00bb, en annon\u00e7ant deux s\u00e9ries historiques \u00e0 venir en partenariat avec Disney+ et Netflix.<\/p>\n<p>Quelques jours plus tard, TF1 annon\u00e7ait le tournage d\u2019un film consacr\u00e9 au massacre d&rsquo;Oradour-sur-Glane, l&rsquo;un des carnages de\u00a0la Seconde guerre mondiale\u00a0qui a caus\u00e9 le plus de morts parmi les civils fran\u00e7ais.\u00a0<\/p>\n<p>Pour \u00ab\u00a0redonner vie\u00a0\u00bb \u00e0 ce triste \u00e9v\u00e9nement, <strong>la cha\u00eene a choisi M. Pokora pour le premier r\u00f4le.<\/strong> De fait, le compagnon de Christina Milian va interpr\u00e9ter un officier des Forces Fran\u00e7aises Libres, parachut\u00e9 pr\u00e8s de la commune situ\u00e9e dans le d\u00e9partement de la Haute-Vienne. Il se trouvera \u00e0 la t\u00eate d&rsquo;une mission pour la R\u00e9sistance en juin 1944.\u00a0<\/p>\n<p>Le chanteur atomis\u00e9 avant m\u00eame la diffusion<\/p>\n<p>\u00ab\u00a0Cinq jours avant le plus important massacre de civils fran\u00e7ais pendant la Seconde Guerre mondiale\u00a0\u00bb, indique Le Parisien en reprenant le dossier de presse de TF1 qui explique le r\u00f4le que va tenir M. Pokora. Ce dernier, au cours de sa \u00ab\u00a0mission\u00a0\u00bb, va retrouver \u00ab\u00a0son amour de jeunesse, qui fuit donc avec sa fille un mari violent. Tandis que le pass\u00e9 refait surface, leurs destins se m\u00ealent au drame historique d\u2019Oradour-sur-Glane\u00a0\u00bb.<\/p>\n<p>N\u00e9anmoins, m\u00eame si nous devons encore patienter avant de d\u00e9couvrir le travail du chanteur, nos confr\u00e8res de Lib\u00e9ration n\u2019ont visiblement pas appr\u00e9ci\u00e9 l\u2019interpr\u00e9tation, en plus de l\u2019affiche promotionnelle du t\u00e9l\u00e9film \u00e0 venir.<\/p>\n<p>\u00ab\u00a0La t\u00e9l\u00e9 fran\u00e7aise est capable de tout, c\u2019est \u00e0 \u00e7a qu\u2019on la reconna\u00eet. M\u00eame de produire une fiction historique sur Oradour-sur-Glane et de <strong>prendre M. Pokora en 1er r\u00f4le<\/strong>. <strong>L\u2019affiche est un sketch \u00e0 elle toute seule<\/strong>\u00ab\u00a0, ont estim\u00e9 nos confr\u00e8res comme l\u2019a relay\u00e9 le journaliste Nicolas Malaboeuf.<\/p>\n<p>      Mentionn\u00e9s dans cet article<\/p>\n<p>\u00c0 lire aussi<\/p>\n","protected":false},"excerpt":{"rendered":"R\u00e9sum\u00e9 M. Pokora incarne un officier des Forces Fran\u00e7aises Libres dans une fiction sur le massacre d&rsquo;Oradour-sur-Glane, qui&hellip;\n","protected":false},"author":2,"featured_media":233632,"comment_status":"","ping_status":"","sticky":false,"template":"","format":"standard","meta":{"footnotes":""},"categories":[1359],"tags":[37239,58,59,381,1011,27,10824,973,12809,199],"class_list":{"0":"post-233631","1":"post","2":"type-post","3":"status-publish","4":"format-standard","5":"has-post-thumbnail","7":"category-people","8":"tag-christina-milian","9":"tag-divertissement","10":"tag-entertainment","11":"tag-fiction","12":"tag-fr","13":"tag-france","14":"tag-m-pokora","15":"tag-people","16":"tag-telefilm","17":"tag-tf1"},"share_on_mastodon":{"url":"https:\/\/pubeurope.com\/@fr\/114814286862568149","error":""},"_links":{"self":[{"href":"https:\/\/www.europesays.com\/fr\/wp-json\/wp\/v2\/posts\/233631","targetHints":{"allow":["GET"]}}],"collection":[{"href":"https:\/\/www.europesays.com\/fr\/wp-json\/wp\/v2\/posts"}],"about":[{"href":"https:\/\/www.europesays.com\/fr\/wp-json\/wp\/v2\/types\/post"}],"author":[{"embeddable":true,"href":"https:\/\/www.europesays.com\/fr\/wp-json\/wp\/v2\/users\/2"}],"replies":[{"embeddable":true,"href":"https:\/\/www.europesays.com\/fr\/wp-json\/wp\/v2\/comments?post=233631"}],"version-history":[{"count":0,"href":"https:\/\/www.europesays.com\/fr\/wp-json\/wp\/v2\/posts\/233631\/revisions"}],"wp:featuredmedia":[{"embeddable":true,"href":"https:\/\/www.europesays.com\/fr\/wp-json\/wp\/v2\/media\/233632"}],"wp:attachment":[{"href":"https:\/\/www.europesays.com\/fr\/wp-json\/wp\/v2\/media?parent=233631"}],"wp:term":[{"taxonomy":"category","embeddable":true,"href":"https:\/\/www.europesays.com\/fr\/wp-json\/wp\/v2\/categories?post=233631"},{"taxonomy":"post_tag","embeddable":true,"href":"https:\/\/www.europesays.com\/fr\/wp-json\/wp\/v2\/tags?post=233631"}],"curies":[{"name":"wp","href":"https:\/\/api.w.org\/{rel}","templated":true}]}}