{"id":233633,"date":"2025-07-07T22:22:18","date_gmt":"2025-07-07T22:22:18","guid":{"rendered":"https:\/\/www.europesays.com\/fr\/233633\/"},"modified":"2025-07-07T22:22:18","modified_gmt":"2025-07-07T22:22:18","slug":"new-york-un-loft-de-110m2-au-decor-sensuel-et-cinematographique","status":"publish","type":"post","link":"https:\/\/www.europesays.com\/fr\/233633\/","title":{"rendered":"New York : un loft de 110m2 au d\u00e9cor sensuel et cin\u00e9matographique"},"content":{"rendered":"<p><img fetchpriority=\"high\" decoding=\"async\" width=\"1920\" height=\"1279\" src=\"https:\/\/www.europesays.com\/fr\/wp-content\/uploads\/2025\/07\/23042024-jett-projects-prince-st-victor-stonem-16.jpg\" alt=\"\" class=\"wp-image-69904\"  \/><\/p>\n<p><strong>Qui \u00eates-vous et quel est votre parcours ?<\/strong><\/p>\n<p>Je m\u2019appelle Darren Jett, je suis un architecte et designer install\u00e9 \u00e0 <a href=\"https:\/\/www.milkdecoration.com\/tag\/new-york\/\" target=\"_blank\" rel=\"noopener\">New York<\/a>. Pour revenir sur mon parcours avant de travailler dans le design d\u2019int\u00e9rieur, j\u2019ai commenc\u00e9 ma carri\u00e8re dans l\u2019architecture.<\/p>\n<p><strong>Comment d\u00e9cririez-vous votre style ?<\/strong><\/p>\n<p>Mon travail est cin\u00e9matographique, sensuel et dramatique. Je suis attir\u00e9 par des projets qui provoque une \u00e9motion. De l\u2019\u00e9clairage au choix de mat\u00e9riaux luxueux associ\u00e9s de mani\u00e8re inattendue, je souhaite que mes projets ressemblent \u00e0 un film\u2026 d\u00e8s que vous franchissez la porte, il doit y avoir un fil conducteur, une histoire qui se tisse, des plus petits espaces aux plus impressionnants. Mon approche du <a href=\"https:\/\/www.milkdecoration.com\/categorie\/design\/\" target=\"_blank\" rel=\"noopener\">design <\/a>s\u2019inspire directement du client et de l\u2019espace dans lequel j\u2019op\u00e8re.<\/p>\n<p><strong>Pour qui avez-vous compos\u00e9 cet int\u00e9rieur ? <\/strong><\/p>\n<p>Un c\u00e9libataire qui achetait sa premi\u00e8re maison \u00e0 New York.<\/p>\n<p class=\"is-style-question\">Pouvez-vous revenir sur votre intervention ici ?<\/p>\n<p>Nous avons compl\u00e8tement redistribu\u00e9 l\u2019<a href=\"https:\/\/www.milkdecoration.com\/tag\/appartement-paris\/\" target=\"_blank\" rel=\"noreferrer noopener\">appartement<\/a> de 110 m\u00b2, avec deux chambres et deux salles de bain, en d\u00e9molissant chaque mur jusqu\u2019\u00e0 ce qu\u2019il ne reste que la coque architecturale brute. L\u2019objectif de notre client \u00e9tait de conserver le m\u00eame nombre de chambres et de salles de bains, mais d\u2019optimiser l\u2019emplacement et d\u2019ajouter des fonctionnalit\u00e9s suppl\u00e9mentaires, telles qu\u2019un dressing et une baignoire profonde, qui ne faisaient pas partie de l\u2019appartement d\u2019origine. Il souhaitait \u00e9galement que l\u2019espace destin\u00e9 \u00e0 recevoir soit plus coh\u00e9rent. Enfin, il voulait ajouter un \u00e9l\u00e9ment de th\u00e9\u00e2tralit\u00e9 \u00e0 la douche de l\u2019appartement.<\/p>\n<p><img loading=\"lazy\" decoding=\"async\" width=\"1920\" height=\"1279\" src=\"https:\/\/www.europesays.com\/fr\/wp-content\/uploads\/2025\/07\/23042024-jett-projects-prince-st-victor-stonem-10.jpg\" alt=\"\" class=\"wp-image-69903\"  \/><\/p>\n<p><strong>Avez-vous rencontr\u00e9 des difficult\u00e9s sp\u00e9cifiques pendant ce projet ?<\/strong><\/p>\n<p>Nous avons fait face \u00e0 plusieurs d\u00e9fis. L\u2019immeuble \u00e9tait extr\u00eamement strict concernant l\u2019emplacement des \u201czones humides\u201d (cuisine et salles de bains). Nous avons donc d\u00fb \u00eatre tr\u00e8s pr\u00e9cis car ces espaces ont consid\u00e9rablement augment\u00e9 par rapport \u00e0 leur emplacement initial. Nous avons aussi eu la probl\u00e9matique d\u2019ajouter plus de lumi\u00e8re dans un appartement assez sombre. Nous avons utilis\u00e9 de nombreux \u00e9l\u00e9ments r\u00e9fl\u00e9chissants pour apporter de la lumi\u00e8re dans l\u2019espace\u2026 des murs miroirs, des surfaces en acier inoxydable et des pierres polies qui font p\u00e9n\u00e9trer la lumi\u00e8re dans l\u2019espace. Dans les zones o\u00f9 la lumi\u00e8re \u00e9tait absente, nous avons choisi d\u2019embrasser des moments plus sombres et plus intimes, mettant ainsi en valeur les espaces plus lumineux.<\/p>\n<p><img loading=\"lazy\" decoding=\"async\" width=\"1920\" height=\"1279\" src=\"https:\/\/www.europesays.com\/fr\/wp-content\/uploads\/2025\/07\/23042024-jett-projects-prince-st-victor-stonem-4.jpg\" alt=\"\" class=\"wp-image-69902\"  \/><\/p>\n<p><strong>Comment proc\u00e9dez-vous lorsque vous commencez \u00e0 travailler sur un projet ? Quel \u00e9tait votre point de d\u00e9part et quels \u00e9taient vos souhaits pour cet int\u00e9rieur ?<\/strong><\/p>\n<p>La premi\u00e8re \u00e9tape est toujours de comprendre le client. Je veux vraiment entrer dans sa t\u00eate, comprendre ce qui l\u2019a attir\u00e9 dans cet espace au d\u00e9part, et o\u00f9 il veut aller. Qui il veut devenir et comment il veut se sentir. Je deviens un peu psychologue finalement. L\u2019\u00e9tape suivante consiste toujours \u00e0 comprendre l\u2019histoire de l\u2019espace, en l\u2019\u00e9coutant activement. Je passe beaucoup de temps seul dans de nouveaux projets, en essayant d\u2019imaginer son pass\u00e9 et comment cela pourrait influencer son avenir.<\/p>\n<p>Pour ce loft, cette \u00e9tape d\u2019\u00e9coute active de l\u2019espace a \u00e9t\u00e9 cruciale. J\u2019ai commenc\u00e9 \u00e0 d\u00e9couvrir le langage d\u2019un loft industriel de Soho, sa vie dans les ann\u00e9es 60 et 70, lorsque le quartier est devenu un lieu pour les artistes, et comment il a pu \u00eatre r\u00e9nov\u00e9 au fil du temps par les g\u00e9n\u00e9rations pr\u00e9c\u00e9dentes. Ces \u00e9poques ont guid\u00e9 les films que nous avons regard\u00e9s pour mieux comprendre cette p\u00e9riode, ainsi que les livres et projets que nous avons r\u00e9f\u00e9renc\u00e9s. Cela a m\u00eame influenc\u00e9 le choix des mat\u00e9riaux (blocs de verre, bois d\u2019\u00e9rable, plateformes recouvertes de tapis, miroirs, etc.)<\/p>\n<p>La phase en collaboration avec mon client m\u2019a permis de comprendre comment il voulait utiliser l\u2019espace, comment il imaginait les lieux de vie et sa fa\u00e7on d\u2019envisager le c\u00e9libat. L\u2019espace devait \u00eatre incroyablement sexy, avec des moments de r\u00e9v\u00e9lations dramatiques, culminant dans la douche ronde ouverte de la chambre principale.<\/p>\n<p><strong>Pourriez-vous revenir sur le choix des mat\u00e9riaux ? <\/strong><\/p>\n<p>Notre choix de mat\u00e9riaux a \u00e9t\u00e9 initialement dict\u00e9 par mon go\u00fbt pour les ann\u00e9es 1970 : l\u2019utilisation de moquette et de blocs de verre. Ce choix a aussi \u00e9t\u00e9 dict\u00e9 par les envies de mon client, notamment celle de composer un espace sensuel qui se r\u00e9v\u00e9lerait petit \u00e0 petit. Nous avons aussi choisi des mat\u00e9riaux forts pour contraster avec l\u2019architecture du loft.  Nous voulions cr\u00e9er un contraster entre le mur en briques et le noyau architectural qui abrite les salles de bains et la cuisine, donc nous les avons habill\u00e9s d\u2019acier inoxydable et de miroirs. Cela renfor\u00e7ait les r\u00e9f\u00e9rences aux ann\u00e9es 1970, tout en mettant encore plus en valeur l\u2019architecture du loft par le contraste.<\/p>\n<p>Pour le mobilier, nous avons utilis\u00e9 principalement des plateformes int\u00e9gr\u00e9es recouvertes de moquette, mais autrement nous avons choisi des ic\u00f4nes des ann\u00e9es 1980 et 90 comme Ingo Maurer, des formes des ann\u00e9es 1960 et 1970 comme les chaises de salle \u00e0 manger inspir\u00e9es de l\u2019\u00e2ge spatial, ou des pi\u00e8ces contemporaines monolithiques \u00e0 l\u2019image de table de salle \u00e0 manger en b\u00e9ton de James de Wulf.<\/p>\n<p><img loading=\"lazy\" decoding=\"async\" width=\"1920\" height=\"1215\" src=\"https:\/\/www.europesays.com\/fr\/wp-content\/uploads\/2025\/07\/image.jpeg\" alt=\"L\u2019attribut alt de cette image est vide, son nom de fichier est 23042024-jett-projects-prince-st-victor-stonem-19.jpg.\" class=\"wp-image-69926\"  \/><\/p>\n<p><strong>Pouvez-vous expliquer votre choix chromatique ?<\/strong><\/p>\n<p>Nous avons commenc\u00e9 avec une palette sobre de noir, blanc et acier inoxydable. Notre objectif au d\u00e9part \u00e9tait d\u2019avoir un ensemble tr\u00e8s new-yorkaise et urbain, qui sur un minimalisme \u00e9l\u00e9gant. Au fur et \u00e0 mesure que le projet avan\u00e7ait, nous avons d\u00e9cid\u00e9 d\u2019introduire les trois couleurs pr\u00e9f\u00e9r\u00e9es de notre client (le rouge, le bleu et le vert) mais d\u2019une mani\u00e8re plus sophistiqu\u00e9e. Notre client aime le rouge, car c\u2019est une couleur porte-bonheur dans sa culture chinoise, donc nous avons habill\u00e9 l\u2019entr\u00e9e et son bureau de tons rouges sophistiqu\u00e9s dans les endroits o\u00f9 il \u00abgagne de l\u2019argent \u00bb et o\u00f9 il entre et sort chaque jour. Pour les bleus et les verts, nous avons opt\u00e9 pour des teintes de bleu-vert et de mousse de mer, qui se marient magnifiquement avec notre base noire, que ce soit pour les murs de la salle de bain ou pour les plateformes recouvertes de moquette et la chambre dans un renfoncement avec ses meubles recouverts de moquette.<\/p>\n<p><img loading=\"lazy\" decoding=\"async\" width=\"1920\" height=\"1279\" src=\"https:\/\/www.europesays.com\/fr\/wp-content\/uploads\/2025\/07\/23042024-jett-projects-prince-st-victor-stonem-20.jpg\" alt=\"\" class=\"wp-image-69908\"  \/>Chaises vintage de Pierre Gauriche, cuir Kvadrat.\u00a0Suspension Ingo Maurer, 1980.<\/p>\n<p><strong>Sur quels projets travaillez-vous actuellement ?<\/strong><\/p>\n<p>Je travaille sur de nombreux projets passionnants \u00e0 travers le monde\u2026 Une grande propri\u00e9t\u00e9 avec des clients indo-am\u00e9ricains, o\u00f9 toute la maison repr\u00e9sente un univers fantastique de saris brod\u00e9s vintage, de fresques murales, de carrelages et de patines avec une narration inspir\u00e9e par l\u2019histoire de nos clients. Un loft incroyablement riche et stratifi\u00e9 \u00e0 New York, inspir\u00e9 de l\u2019Art nouveau et du Londres des ann\u00e9es 1960. Et \u00e9galement des projets, dont un appartement \u00e0 New York, un projet plus minimaliste sur la High Line, une grande maison \u00e0 Atlanta en G\u00e9orgie et un appartement classique \u00e0 Chicago.<\/p>\n","protected":false},"excerpt":{"rendered":"Qui \u00eates-vous et quel est votre parcours ? Je m\u2019appelle Darren Jett, je suis un architecte et designer&hellip;\n","protected":false},"author":2,"featured_media":233634,"comment_status":"","ping_status":"","sticky":false,"template":"","format":"standard","meta":{"footnotes":""},"categories":[1358],"tags":[9071,1348,1384,1385,1386,58,59,1011,27,16978,34615,415],"class_list":{"0":"post-233633","1":"post","2":"type-post","3":"status-publish","4":"format-standard","5":"has-post-thumbnail","7":"category-arts-et-design","8":"tag-appartement","9":"tag-arts","10":"tag-arts-and-design","11":"tag-arts-et-design","12":"tag-design","13":"tag-divertissement","14":"tag-entertainment","15":"tag-fr","16":"tag-france","17":"tag-interieur","18":"tag-loft","19":"tag-new-york"},"share_on_mastodon":{"url":"https:\/\/pubeurope.com\/@fr\/114814291905459260","error":""},"_links":{"self":[{"href":"https:\/\/www.europesays.com\/fr\/wp-json\/wp\/v2\/posts\/233633","targetHints":{"allow":["GET"]}}],"collection":[{"href":"https:\/\/www.europesays.com\/fr\/wp-json\/wp\/v2\/posts"}],"about":[{"href":"https:\/\/www.europesays.com\/fr\/wp-json\/wp\/v2\/types\/post"}],"author":[{"embeddable":true,"href":"https:\/\/www.europesays.com\/fr\/wp-json\/wp\/v2\/users\/2"}],"replies":[{"embeddable":true,"href":"https:\/\/www.europesays.com\/fr\/wp-json\/wp\/v2\/comments?post=233633"}],"version-history":[{"count":0,"href":"https:\/\/www.europesays.com\/fr\/wp-json\/wp\/v2\/posts\/233633\/revisions"}],"wp:featuredmedia":[{"embeddable":true,"href":"https:\/\/www.europesays.com\/fr\/wp-json\/wp\/v2\/media\/233634"}],"wp:attachment":[{"href":"https:\/\/www.europesays.com\/fr\/wp-json\/wp\/v2\/media?parent=233633"}],"wp:term":[{"taxonomy":"category","embeddable":true,"href":"https:\/\/www.europesays.com\/fr\/wp-json\/wp\/v2\/categories?post=233633"},{"taxonomy":"post_tag","embeddable":true,"href":"https:\/\/www.europesays.com\/fr\/wp-json\/wp\/v2\/tags?post=233633"}],"curies":[{"name":"wp","href":"https:\/\/api.w.org\/{rel}","templated":true}]}}