{"id":233635,"date":"2025-07-07T22:23:12","date_gmt":"2025-07-07T22:23:12","guid":{"rendered":"https:\/\/www.europesays.com\/fr\/233635\/"},"modified":"2025-07-07T22:23:12","modified_gmt":"2025-07-07T22:23:12","slug":"raphael-quenard-clamser-a-tataouine-aller-chercher-dans-les-trefonds-de-nos-ames-cest-lessence-meme-du-processus-cathartique","status":"publish","type":"post","link":"https:\/\/www.europesays.com\/fr\/233635\/","title":{"rendered":"Rapha\u00ebl Quenard (\u201cClamser \u00e0 Tataouine\u201d) : \u00ab Aller chercher dans les tr\u00e9fonds de nos \u00e2mes, c&rsquo;est l\u2019essence-m\u00eame du processus cathartique \u00bb"},"content":{"rendered":"<p class=\"has-medium-font-size\"><strong>R\u00e9dig\u00e9 \u00e0 l\u2019encre noire sarcastico-caustique, Clamser \u00e0 Tataouine est le premier roman de Rapha\u00ebl Quenard o\u00f9 il transpose \u00e0 l\u2019\u00e9crit cette verve qui a fait son succ\u00e8s \u00e0 l\u2019\u00e9cran. Mais si cette histoire de tueur en s\u00e9rie en bout de course, caracole en t\u00eate des ventes, l\u2019aventure du livre ne fut pourtant pas une sin\u00e9cure. Entretien avec l\u2019auteur.<\/strong><\/p>\n<p><strong>Habituellement, les com\u00e9diens sont \u201cemplis\u201d des mots des autres, mais il n\u2019est pas rare qu\u2019ils donnent \u00e0 entendre leur propre voix \u2014 tout particuli\u00e8rement\u00a0 parmi les acteurs fran\u00e7ais. Si l\u2019on remonte avant vous, il y a d\u2019autres experts de la \u201cscience-diction\u201c tels que Edouard Baer, Fabrice Luchini\u2026<\/strong><\/p>\n<p><strong>Rapha\u00ebl Quenard\u00a0 :<\/strong> Sacha Guitry\u2026<\/p>\n<p><strong>Tous ceux-l\u00e0 continuent \u00e0 jouer ; d\u2019autres comme Yasmina Reza ou Andr\u00e9 Roussin ont presque arr\u00eat\u00e9 de le faire lorsqu\u2019ils ont pris la plume pour donner leur voix aux autres\u2026<\/strong><\/p>\n<p>Ce qui se comprend parce que c\u2019est plus libre, quand m\u00eame, quand tu \u00e9cris. Moi, j\u2019aime bien les analogies. J\u2019ai pratiqu\u00e9 football pendant 16 ans et c\u2019est vrai que c\u2019est plus simple et plus direct au foot : tu peux jeter des t-shirts par terre, une canette, une bouteille et faire un match tout de suite. Pour pouvoir cr\u00e9er quelque chose, tu as juste besoin d\u2019une feuille, d\u2019un stylo et il n\u2019y a pas de barri\u00e8re \u00e0 l\u2019entr\u00e9e.\u00a0<\/p>\n<p>Le cin\u00e9ma, c\u2019est trop dur de devoir d\u00e9j\u00e0 convaincre des gens ; qu\u2019ils te fassent confiance, qu\u2019ils le laissent cr\u00e9er ce que tu as envie de faire. Les r\u00e9alisateurs, ils doivent gratter un petit espace de libert\u00e9 au fil des films\u2026 Mais c\u2019est trop dur de convaincre des gens de donner des millions d\u2019euros sur des choses dont ils doutent qu\u2019elles vont \u00eatre efficaces, profitables\u2026 Il y a la n\u00e9cessit\u00e9 \u00e9conomique.\u00a0<\/p>\n<p>Il n\u2019y a pas beaucoup d\u2019investissement sur un livre. Je crois statistiquement (sourire) que l\u2019avance moyenne, c\u2019est 3000 euros pour \u00e9crire un livre, pour un premier livre. Donc, il n\u2019y a pas d\u2019argent. Si tu veux faire un film dans les r\u00e8gles en payant tout le monde, sans cascade, sans tourbillons de cam\u00e9ras, sans b\u00e2timents qui explosent, en mettant des gens dans une pi\u00e8ce avec des face \u00e0 face, o\u00f9 on se chuchote \u00e0 l\u2019oreille et on s\u2019\u00e9change des banalit\u00e9s, d\u00e9j\u00e0, \u00e7a co\u00fbte un million d\u2019euros !<\/p>\n<p><strong>Un film de \u201cchambre de bonne\u2026\u201d<\/strong><\/p>\n<p>M\u00eame un huis clos comme \u00e7a, \u00e7a co\u00fbte un million d\u2019euros si tu veux payer tout le monde. Sauf si tu le fais dans des configurations comme <a href=\"https:\/\/www.stimento.fr\/2025\/07\/07\/raphael-quenard-hugo-david-i-love-peru\/\" rel=\"nofollow noopener\" target=\"_blank\">\ud83d\udd17<strong>I Love Peru<\/strong><\/a>, qu\u2019on a fait \u00e0 l\u2019appareil photo, \u00e0 deux. Le tournage ne co\u00fbte rien, mis \u00e0 part du temps et de l\u2019\u00e9nergie de notre part. Mais tout le processus d\u2019apr\u00e8s a co\u00fbt\u00e9 450 000 euros pour monter le film, l\u2019\u00e9talonner, le mixer, faire en sorte qu\u2019il puisse \u00eatre projet\u00e9 dans des salles\u2026\u00a0 \u00c7a co\u00fbte trop cher.\u00a0<\/p>\n<p>Alors que l\u00e0, c\u2019est bien, c\u2019est direct. Donc, je pense que tu te sens plus libre. En plus de \u00e7a, il y a moins d\u2019interm\u00e9diaires, l\u00e0 o\u00f9 dans le film, il y en a beaucoup qui viennent donner leur avis, t\u2019imposer des sens de r\u00e9\u00e9criture. L\u00e0, il n\u2019y a vraiment que l\u2019\u00e9ditrice Alix Penent d\u2019Izarn qui est exceptionnelle et que je ne peux que remercier. Il n\u2019y a qu\u2019elle entre toi et la personne qui va consulter la cr\u00e9ation.<\/p>\n<p><strong>L\u2019\u00e9crivain est malgr\u00e9 tout un interm\u00e9diaire \u00e0 sa fa\u00e7on : celui de sa propre inspiration. On conna\u00eet votre mani\u00e8re de vous exprimer, votre \u00e9locution, votre talent pour l\u2019improvisation\u2026\u00a0Est-ce que cette fluidit\u00e9 \u00e0 l\u2019oral est la m\u00eame lorsque vous \u00e9crivez ? Improvisez-vous aussi \u00e0 l\u2019\u00e9crit ?<\/strong><\/p>\n<p>Alors moi, je prends beaucoup de notes dans la vie et je croise des gens, je note des comportements \u2014 soit des phrases, soit des parcours de vie qu\u2019on me d\u00e9crit. L\u00e0, j\u2019ai rencontr\u00e9 un chirurgien dentiste qui a tout plaqu\u00e9 pour partir en Afrique mettre des balles dans des t\u00eates d\u2019animaux, se renvoyer des l\u00e9opards empaill\u00e9s chez lui et essayer de les vendre en cash \u00e0 des gens au pif. Bon, je me suis dit : \u00ab il est bien, lui. \u00bb. Je prends des notes, comme \u00e7a\u2026<\/p>\n<p>Apr\u00e8s, c\u2019est un cocktail, tu m\u00e9langes : un peu de traits de caract\u00e8re d\u2019une personne de ta famille, de ta m\u00e8re ; m\u00e9lang\u00e9 avec une exp\u00e9rience personnelle\u2026 En fait, c\u2019est un amas qui est satisfaisant quand tu vas refouiller dedans et que tu peux tout m\u00e9langer parce que tu concoctes ta petite soupe id\u00e9ale. Comme tu jetterais un sac de l\u00e9gumes ; c\u2019est un pot-au-feu.<\/p>\n<p><strong>Un pot-au-feu, \u00e7a a besoin de cuire longtemps\u2026<\/strong><\/p>\n<p>Commeun livre ! Moi, \u00e7a m\u2019a pris sept ans, on va dire. Le temps de l\u2019\u00e9crire et apr\u00e8s de l\u2019envoyer \u00e0 tout le monde. D\u2019aller comme un malheureux et de le donner aux maisons d\u2019\u00e9dition qui, bien s\u00fbr, ne donnent pas suite\u00a0\u2014\u00a0ou alors, en disant : \u00ab on a pris beaucoup de plaisir \u00e0 lire votre ouvrage, mais malheureusement, il ne s\u2019inscrit pas dans notre ligne \u00e9ditoriale.\u00a0\u00bb. En fait, tu ne re\u00e7ois que des lettres comme \u00e7a. Apr\u00e8s, j\u2019ai rencontr\u00e9 deux \u00e9ditrices, j\u2019ai commenc\u00e9 \u00e0 travailler avec elles : \u00e7a ne l\u2019a pas fait, j\u2019ai beaucoup procrastin\u00e9 parce qu\u2019il y avait des films et que je faisais d\u2019autres trucs\u2026 Du coup, je l\u2019ai laiss\u00e9 de c\u00f4t\u00e9.\u00a0<\/p>\n<p>Jusqu\u2019\u00e0 ce qu\u2019une fois, \u00e0 la radio une dame me dise : \u00ab mais toi, tu r\u00e9\u00e9cris les r\u00e9pliques dans tes films ? \u00bb \u2014\u00a0\u00e7a, c\u2019est vrai, moi, j\u2019aime bien. Je lui dis oui. \u00ab mais tu r\u00e9\u00e9cris pas que les r\u00e9pliques, tu \u00e9cris d\u2019autres choses ? \u2014Ouais, j\u2019ai un livre, il s\u2019appelle <strong>Clamser \u00e0 Tataouine<\/strong>, commencez pas \u00e0 me voler mon titre !\u00a0\u00bb Et c\u2019est retomb\u00e9 dans les oreilles de la chef de Flammarion\u2026<\/p>\n<p><strong>Venons-en au contenu. Le commencement de l\u2019aventure du narrateur est un pas \u2014 et m\u00eame un saut \u2014 en arri\u00e8re ; curieusement, le d\u00e9but de la vie du livre est aussi un pas en arri\u00e8re puisqu\u2019avant de le sortir sous votre nom, vous avez failli le publier sous le nom de Pierrot Tchitch. Cette esp\u00e8ce de mise en abyme \u00e9tait-elle volontaire ?<\/strong><\/p>\n<p>Aucunement pas, c\u2019\u00e9tait une pure erreur de notre part, une pure maladresse. Il serait faux de vous dire que tout \u00e7a \u00e9tait calcul\u00e9 ; il n\u2019y a rien \u00e0 part de la b\u00eatise et de l\u2019incoh\u00e9rence ! Au d\u00e9but, j\u2019ai voulu mettre \u00e7a. J\u2019adorais ce nom, qui est le patois du nom de ma m\u00e8re. Et la personne, c\u2019est un personnage du village de ma grand-m\u00e8re, un peu illustre, quelqu\u2019un de qui on parle ; autour de qui il y a des histoires qui circulent \u2014 un personnage magnifique.<\/p>\n<p>La premi\u00e8re agent que j\u2019ai eue m\u2019avait dit que Quenard, c\u2019\u00e9tait \u00ab\u00a0immonde\u00a0\u00bb, pour reprendre ses mots. Elle m\u2019avait dit : \u00ab Tu pourrais changer de nom. \u00bb Et j\u2019avais pens\u00e9 \u00e0 ce pseudo. Apr\u00e8s, j\u2019ai chang\u00e9 d\u2019agent avant de changer de pseudo ; du coup, j\u2019ai sign\u00e9 \u00e0 mon nom. Ensuite, comme il y a des gens qui font la confusion entre un r\u00f4le et mon nom, mon identit\u00e9 civile, j\u2019avais envie de dissocier l\u2019activit\u00e9 de l\u2019auteur, Et j\u2019avais trouv\u00e9 cette id\u00e9e au bout de laquelle on n\u2019est pas arriv\u00e9\u2026 Mais peut-\u00eatre un jour, j\u2019arriverai \u00e0 signer sous un alias.<\/p>\n<p><strong>Comme une sorte de d\u00e9fi ?<\/strong><\/p>\n<p>Oui, mais c\u2019est marrant, en fait. Apr\u00e8s, \u00e7a a \u00e9t\u00e9 fait par une palanqu\u00e9e d\u2019auteurs \u2014 Pessoa bien s\u00fbr ! \u00c7a doit \u00eatre jouissif \u00e0 voir : imaginer la cr\u00e9ation d\u2019un autre. Moi, j\u2019aimerais bien une configuration o\u00f9 c\u2019est mon cousin qui part \u00e0 la t\u00e9l\u00e9 et qui fait comme s\u2019il avait \u00e9crit mon roman. J\u2019aimerais bien imaginer des petites configurations comme \u00e7a, c\u2019est amusant. Faut bien distraire (sourire)<\/p>\n<p><strong>\u00c0 propos de distraction, le personnage essaie de donner un sens \u00e0 sa vie en donnant la mort \u2014 dit comme \u00e7a, \u00e7a peut refroidir\u2026<\/strong><\/p>\n<p>Je ne sais pas s\u2019il veut donner un sens \u00e0 sa vie. En tout cas, il veut mettre sur pied quelque chose qui est une forme de planification funeste, malheureusement, regrettable. Mais c\u2019est un peu son champ du cygne. Son dernier truc. Il n\u2019imagine pas non plus couler des jours compl\u00e8tement heureux des suites de ses agissements qui sont probl\u00e9matiques. Je pense qu\u2019il veut juste faire un dernier coup d\u2019\u00e9clat, un peu comme on le voit dans le parcours de gens qui \u00e9crivent un manifeste \u2014 comme Anders Breivik ou des gens comme \u00e7a qui prennent le soin d\u2019\u00e9crire 1500 pages qui d\u00e9taillent leur id\u00e9ologie et qui ensuite vont commettre un massacre de masse\u2026\u00a0<\/p>\n<p>En fait, tu n\u2019arrives pas \u00e0 imaginer l\u2019int\u00e9rieur de ces cerveaux-l\u00e0 qui mettent en place des \u0153uvres aussi macabres. Lui, il le fait avec un peu plus de l\u00e9g\u00e8ret\u00e9 on va dire \u2014 d\u2019autant plus que c\u2019est un personnage de fiction. Ces personnages prennent la place de Dieu en d\u00e9cidant qu\u2019il y a tant de personnes qui doivent mourir tel jour\u2026 Ils sont aussi fascinants et aussi mystifiants que peuvent l\u2019\u00eatre les cr\u00e9atures divines. C\u2019est pour \u00e7a qu\u2019ils sont aussi int\u00e9ressants. Je m\u2019endors quasiment tous les soirs devant une \u00e9mission o\u00f9 ils racontent le parcours d\u2019illustres barjots comme \u00e7a !<\/p>\n<p><strong>Cette mani\u00e8re de traiter du crime, \u00e7a fait un peu penser \u00e0 une version contemporaine <\/strong><strong>De\u00a0l\u2019assassinat consid\u00e9r\u00e9\u00a0comme un des beaux-arts<\/strong><strong> de Thomas de Quincey. Il y a quelque chose de l\u2019ordre de cet humour noir qui pars\u00e8me tout votre livre\u2026<\/strong><\/p>\n<p>Sans en faire \u00e9videmment ni l\u2019apologie ni un \u00e9loge ni une incitation. Mais oui, c\u2019est vrai qu\u2019il y a plein d\u2019artistes qui esth\u00e9tisent la violence sans que pour autant leurs \u0153uvres n\u2019en deviennent probl\u00e9matiques. Tu vois, Tarantino : tous ses films esth\u00e9tisent une forme de violence qu\u2019il rend folklorique, dr\u00f4le, un peu magique et surr\u00e9aliste\u2026 Et on arrive \u00e0 profiter devant \u00e7a. Mais c\u2019est normal, il faut bien que ce soit abord\u00e9s : \u00e7a existe dans la vie. M\u00eame si c\u2019est des actes un peu extr\u00eames, \u00e7a ne doit pas \u00eatre interdit de les aborder dans une \u0153uvre artistique. Et c\u2019est l\u2019essence-m\u00eame du processus cathartique, qu\u2019on aille chercher dans les abysses; les tr\u00e9fonds de nos \u00e2mes pour qu\u2019on puisse accepter de se regarder en face et de regarder la monstruosit\u00e9 qui nous constitue.<\/p>\n<p><img decoding=\"async\" src=\"https:\/\/www.europesays.com\/fr\/wp-content\/uploads\/2025\/07\/JAP_photo-2-\u00a9Carole-Bethuel-300x170.jpeg\"  alt=\"\u201cJuliette au printemps\u201d, \u201cExcursion\u201d en salle le 12 juin 2024\"\/>Trending<a class=\"monsterinsights-inline-popular-posts-title\" href=\"https:\/\/www.stimento.fr\/2024\/06\/12\/juliette-au-printemps-excursion-en-salle-le-12-juin-2024\/\" rel=\"nofollow noopener\" target=\"_blank\">\u201cJuliette au printemps\u201d, \u201cExcursion\u201d en salle le 12 juin 2024<\/a><\/p>\n<p><strong>Une question \u201cChristine Angot\u201c. Pourquoi Tataouine ?<\/strong><\/p>\n<p>Pour moi, ce n\u2019\u00e9tait pas vraiment Tataouine pour le lieu en Tunisie ; c\u2019est plus l\u2019expression : \u00e7a aurait pu s\u2019appeler <strong>Clamser \u00e0 P\u00e9taouchnok<\/strong>. Mais par contre, moi, j\u2019ai un Tataouine en t\u00eate. Je visualise un Tataouine dont je peux affirmer une seule chose ; c\u2019est une \u00eele paradisiaque. Et c\u2019est pour \u00e7a qu\u2019il y aura un ticket d\u2019or dans un des livres qui va permettre de remporter un voyage \u00e0 Tataouine. je ne vais pas divulg\u00e2cher ce qui se cache derri\u00e8re cette destination, mais je ne vais le dire dans pas longtemps Tataouine existe, en tout cas..<\/p>\n<p><strong>Le livre abrite une autre g\u00e9ographie : des morceaux de Grenoble. Il \u00e9tait indispensable de partager un peu de cette g\u00e9ographie qui est la v\u00f4tre avec le personnage \u2014 qui n\u2019est \u00e9videmment pas vous\u2026<\/strong><\/p>\n<p>Oui, oui. Il y a notamment un des meurtres qui se d\u00e9roule dans un cadre qui m\u2019est familier, puisqu\u2019on parle d\u2019une montagne qui surplombe ma ville natale, Grenoble \u2014 la plus belle ville du monde, apr\u00e8s Lyon, bien s\u00fbr (sourire) Je l\u2019ai utilis\u00e9e comme on utilise des r\u00e9f\u00e9rences communes. En fait, il y avait des cadres qui me parlent, que j\u2019\u00e9tais en mesure de d\u00e9crire, que j\u2019avais \u00e9videmment envie d\u2019utiliser parce qu\u2019ils sont des sources d\u2019inspiration du quotidien.\u00a0<\/p>\n<p>Et m\u00eame dans chacun de mes r\u00f4les, il y a Grenoble dans le sens o\u00f9 mes amis d\u2019enfance, ma famille, ma m\u00e8re, mes oncles, tous les gens que je rencontre et tous les gens que je connais \u00e0 Grenoble, sont en moi. \u00ab\u00a0Les artistes sont des vampires\u00a0\u00bb, c\u2019est une vraie phrase que j\u2019ai entendue, mais c\u2019est vrai. Tu t\u2019inspires des gens qui sont autour de toi. Et comme l\u2019inspiration est \u00e0 chaque point d\u2019attitude, de regard, de gestes, etc. ; que moi, j\u2019ai pass\u00e9 22 ans de ma vie \u00e0 Grenoble, ben, c\u2019est parti !<\/p>\n<p><strong>Est-ce que c\u2019est jouissif, ce sentiment d\u2019\u00eatre un vampire ou est-ce qu\u2019on le ressent avec une forme de culpabilit\u00e9 ?<\/strong><\/p>\n<p>Pour ma part, aucune culpabilit\u00e9, au contraire ! Par exemple,, j\u2019utilise beaucoup d\u2019expressions de gens de chez moi. Il y en a des sp\u00e9cialistes \u00e0 qui les expressions appartiennent, quasiment, et que je peux r\u00e9utiliser. Si j\u2019en mets une dans un film, ils vont m\u2019appeler, ils sont contents, c\u2019est comme une d\u00e9dicace, Par exemple, j\u2019ai un ami peintre en b\u00e2timentqui est riche en cr\u00e9ations lexicales. Il ne veut pas faire artiste, \u00e7a ne l\u2019int\u00e9resse pas de faire profession de dire des textes. Mais quand \u00e7a lui fait des d\u00e9dicaces comme \u00e7a par film interpos\u00e9, il est content. Apr\u00e8s, il va au bar PMU et il dit : \u00ab\u00a0t\u2019as vu la phrase qu\u2019il a dite ?\u00a0\u00bb\u00a0 (sourire)<\/p>\n<p><strong>Mais vous n\u2019avez pas fait que \u201cvoler\u201c des expressions\u2026<\/strong><\/p>\n<p>Ah mais non. La construction, c\u2019est un m\u00e9lange. Apr\u00e8s, je ne sais pas d\u2019o\u00f9 les choses viennent. C\u2019est aussi des choses que moi, je vis personnellement, des exp\u00e9riences que je traverse tout seul, mais c\u2019est \u00e0 chaque fois infime, tu grappilles. Par contre, je crois vraiment qu\u2019on est chacun le cocktail de tous les gens qu\u2019on a rencontr\u00e9s, vu qu\u2019on se construit par mim\u00e9tisme et que le r\u00e9flexe depuis l\u2019enfance, c\u2019est d\u2019imiter la personne qui est en face.\u00a0<\/p>\n<p>Il n\u2019y a qu\u2019\u00e0 voir quand tu es avec une personne calme et apais\u00e9e, tu te fixes sur son pouls et tu te mets \u00e0 son diapason. Du coup, tu te cales sur la personne : m\u00eame toi, tu es changeant et tu es en mutation permanente. Tu es le r\u00e9sultat de tous les gens que tu as crois\u00e9s au pr\u00e9alable et qui t\u2019ont marqu\u00e9, m\u00eame de fa\u00e7on inconsciente.<\/p>\n<p><strong>C\u2019est l\u2019effet des neurones miroirs\u2026<\/strong><\/p>\n<p>C\u2019est l\u2019effet des neurones miroirs ! L\u2019empathie.<\/p>\n<p><strong>En parlant de cette impr\u00e9gnation ou du mim\u00e9tisme, avez-vous \u00e9t\u00e9 inspir\u00e9 au niveau de l\u2019\u00e9criture par un Is\u00e9rois fameux ?<\/strong><\/p>\n<p>Le plus grand, le plus grand ? Le plus grand \u00e9crivain is\u00e9rois ? Sans aucune esp\u00e8ce de comp\u00e9tition, c\u2019est Stendhal.<\/p>\n<p><strong>Je ne pensais pas \u00e0 un Grenoblois, mais \u00e0 un Berjallien : Fr\u00e9d\u00e9ric Dard.<\/strong><\/p>\n<p>Ah, Fr\u00e9d\u00e9ric Dard. Je sais qu\u2019il a \u00e9crit San-Antonio. je ne l\u2019ai jamais lu San-Antonio. Mais on m\u2019a dit que \u00e7a pouvait s\u2019inscrire dans la veine de ce que lui avait fait. Donc, il faut que je dise. J\u2019avoue, j\u2019ai command\u00e9 des livre de San-Antonio pour me mettre \u00e0 la page.<\/p>\n<blockquote>\n<p>L\u2019artiste, c\u2019est un mod\u00e8le \u00e9conomique qui ne marche pas. Parce que tu travailles tout le temps. La rentabilit\u00e9 ne fait pas partie des premiers \u00e9l\u00e9ments que tu dois consid\u00e9rer si tu veux faire artiste.<\/p>\n<p>Rapha\u00ebl Quenard<\/p><\/blockquote>\n<p><strong>Est-ce que \u00e7a a \u00e9t\u00e9 difficile pour vous d\u2019abandonner ce personnage ?<\/strong><\/p>\n<p>Alors je n\u2019ai pas du tout ce truc en tant que com\u00e9dien. Franchement, on finit un tournage, il y a la derni\u00e8re sc\u00e8ne \u00e0 16h, \u00e0 16h15, je suis dans la r\u00e9gie, je n\u2019ai aucune esp\u00e8ce de probl\u00e8me. \u00c7a me ferait rire moi-m\u00eame que de m\u2019imaginer dire des phrases comme \u00e7a ! J\u2019ai h\u00e2te plut\u00f4t de d\u00e9velopper la nouvelle id\u00e9e que j\u2019ai et qui m\u2019excite au plus haut point. Non, je suis plus excit\u00e9 par le prochain truc qu\u2019en regret d\u2019un truc qui est fini. L\u2019accouchement a \u00e9t\u00e9 quand m\u00eame long : 7 ans d\u2019accouchement !<\/p>\n<p>Bon, ce n\u2019est pas 7 ans parce que \u00e7a a \u00e9t\u00e9 tellement\u2026 fragment\u00e9. Je ne saurais pas te dire m\u00eame, mis bout \u00e0 bout, le temps que \u00e7a repr\u00e9sente. De toute fa\u00e7on, si tu veux faire artiste, il ne faut pas mesurer. Si tu commences \u00e0 travailler au taux horaire\u2026\u00a0L\u2019artiste, c\u2019est un mod\u00e8le \u00e9conomique qui ne marche pas. Parce que tu travailles tout le temps. La rentabilit\u00e9 ne fait pas partie des premiers \u00e9l\u00e9ments que tu dois consid\u00e9rer si tu veux faire artiste.\u00a0<\/p>\n<p>En tout cas, je sais qu\u2019\u00e0 la fin, quand j\u2019ai connu la date de sortie, j\u2019ai vu un mur face \u00e0 moi et je me disais : \u00ab\u00a0non, non, non, \u00e7a ne va pas sortir comme \u00e7a\u00a0\u00bb je voulais le relire \u00e0 haute voix et tout. En plus, on finissait les films<strong> <\/strong><strong>I Love Peru<\/strong> en m\u00eame temps, je finissais \u00e0 3h du matin, je me levais \u00e0 7h\u2026 Les cernes venaient toucher le bord de l\u2019\u0153il, je te le dis !<\/p>\n<p><img loading=\"lazy\" decoding=\"async\" width=\"293\" height=\"456\" src=\"https:\/\/www.europesays.com\/fr\/wp-content\/uploads\/2025\/07\/9782080471024.jpg\" alt=\"\" class=\"wp-image-6752 size-full\"  \/><\/p>\n<p class=\"has-medium-font-size\"><strong>Clamser \u00e0 Tataouine, Rapha\u00ebl Quenard, Flammarion (192 p., 3h de lecture), 22\u20ac<\/strong><\/p>\n","protected":false},"excerpt":{"rendered":"R\u00e9dig\u00e9 \u00e0 l\u2019encre noire sarcastico-caustique, Clamser \u00e0 Tataouine est le premier roman de Rapha\u00ebl Quenard o\u00f9 il transpose&hellip;\n","protected":false},"author":2,"featured_media":233636,"comment_status":"","ping_status":"","sticky":false,"template":"","format":"standard","meta":{"footnotes":""},"categories":[1357],"tags":[1379,37240,58,59,10599,1011,27,37241,1380,22261,37242],"class_list":{"0":"post-233635","1":"post","2":"type-post","3":"status-publish","4":"format-standard","5":"has-post-thumbnail","7":"category-livres","8":"tag-books","9":"tag-clamser-a-tataouine","10":"tag-divertissement","11":"tag-entertainment","12":"tag-flammarion","13":"tag-fr","14":"tag-france","15":"tag-i-love-peru","16":"tag-livres","17":"tag-raphael-quenard","18":"tag-roman-noir"},"share_on_mastodon":{"url":"https:\/\/pubeurope.com\/@fr\/114814295027205599","error":""},"_links":{"self":[{"href":"https:\/\/www.europesays.com\/fr\/wp-json\/wp\/v2\/posts\/233635","targetHints":{"allow":["GET"]}}],"collection":[{"href":"https:\/\/www.europesays.com\/fr\/wp-json\/wp\/v2\/posts"}],"about":[{"href":"https:\/\/www.europesays.com\/fr\/wp-json\/wp\/v2\/types\/post"}],"author":[{"embeddable":true,"href":"https:\/\/www.europesays.com\/fr\/wp-json\/wp\/v2\/users\/2"}],"replies":[{"embeddable":true,"href":"https:\/\/www.europesays.com\/fr\/wp-json\/wp\/v2\/comments?post=233635"}],"version-history":[{"count":0,"href":"https:\/\/www.europesays.com\/fr\/wp-json\/wp\/v2\/posts\/233635\/revisions"}],"wp:featuredmedia":[{"embeddable":true,"href":"https:\/\/www.europesays.com\/fr\/wp-json\/wp\/v2\/media\/233636"}],"wp:attachment":[{"href":"https:\/\/www.europesays.com\/fr\/wp-json\/wp\/v2\/media?parent=233635"}],"wp:term":[{"taxonomy":"category","embeddable":true,"href":"https:\/\/www.europesays.com\/fr\/wp-json\/wp\/v2\/categories?post=233635"},{"taxonomy":"post_tag","embeddable":true,"href":"https:\/\/www.europesays.com\/fr\/wp-json\/wp\/v2\/tags?post=233635"}],"curies":[{"name":"wp","href":"https:\/\/api.w.org\/{rel}","templated":true}]}}