{"id":233652,"date":"2025-07-07T22:32:09","date_gmt":"2025-07-07T22:32:09","guid":{"rendered":"https:\/\/www.europesays.com\/fr\/233652\/"},"modified":"2025-07-07T22:32:09","modified_gmt":"2025-07-07T22:32:09","slug":"le-proces-dun-homme-accuse-davoir-decapite-son-pere-et-davoir-exhibe-sa-tete-sur-internet-debute","status":"publish","type":"post","link":"https:\/\/www.europesays.com\/fr\/233652\/","title":{"rendered":"Le proc\u00e8s d\u2019un homme accus\u00e9 d\u2019avoir d\u00e9capit\u00e9 son p\u00e8re et d\u2019avoir exhib\u00e9 sa t\u00eate sur Internet d\u00e9bute"},"content":{"rendered":"<p>Le proc\u00e8s de Justin D. Mohn s\u2019ouvre dans la banlieue de Philadelphie, plus d\u2019un an apr\u00e8s un crime qui a choqu\u00e9 les <a href=\"https:\/\/www.20minutes.fr\/monde\/etats-unis\/\" target=\"_blank\" class=\"color-ultramarine c-link\" rel=\"nofollow noopener\">Etats-Unis<\/a>, rapporte <a href=\"https:\/\/abcnews.go.com\/US\/wireStory\/pennsylvania-man-accused-beheading-father-posting-video-severed-123526764\" rel=\"nofollow noopener\" target=\"_blank\" class=\"color-ultramarine c-link\">ABC News<\/a>. Cet homme de 33 ans est accus\u00e9 d\u2019avoir tu\u00e9 son p\u00e8re, Michael F. Mohn, avant de publier une vid\u00e9o de sa <a href=\"https:\/\/www.20minutes.fr\/dossier\/decapitations\" target=\"_blank\" class=\"color-ultramarine c-link\" rel=\"nofollow noopener\">t\u00eate d\u00e9capit\u00e9e<\/a> sur <a href=\"https:\/\/www.20minutes.fr\/high-tech\/youtube\/\" target=\"_blank\" class=\"color-ultramarine c-link\" rel=\"nofollow noopener\">YouTube<\/a>. La s\u00e9quence de 14 minutes, rest\u00e9e en ligne pendant plusieurs heures, comprenait \u00e9galement un long discours appelant \u00e0 renverser le gouvernement f\u00e9d\u00e9ral.<\/p>\n<p>Les faits remontent \u00e0\u00a02024. Le corps sans vie de Michael F. Mohn, 68 ans, a \u00e9t\u00e9 retrouv\u00e9 dans la salle de bains du domicile familial de Levittown, en <a href=\"https:\/\/www.20minutes.fr\/dossier\/pennsylvanie\" target=\"_blank\" class=\"color-ultramarine c-link\" rel=\"nofollow noopener\">Pennsylvanie<\/a>, par l\u2019\u00e9pouse de la victime. Selon les procureurs, Justin Mohn aurait d\u2019abord abattu son p\u00e8re avec une arme fra\u00eechement acquise, avant de le d\u00e9capiter \u00e0 l\u2019aide d\u2019un couteau de cuisine et d\u2019une machette.<\/p>\n<p>Il voulait aussi renverser le gouvernement f\u00e9d\u00e9ral<\/p>\n<p>Mais ce crime atroce ne serait que la premi\u00e8re \u00e9tape d\u2019un projet plus vaste. Lors de son arrestation, survenue quelques heures plus tard alors qu\u2019il tentait de p\u00e9n\u00e9trer dans le quartier g\u00e9n\u00e9ral de la Garde nationale \u00e0 Fort Indiantown Gap, Justin D. Mohn portait une arme de poing et esp\u00e9rait convaincre les soldats de \u00ab\u00a0prendre les armes contre le gouvernement f\u00e9d\u00e9ral\u00a0\u00bb, a d\u00e9clar\u00e9 Jennifer Schorn, procureure du comt\u00e9 de Bucks, cit\u00e9e par <a href=\"https:\/\/www.20minutes.fr\/dossier\/abc\" target=\"_blank\" class=\"color-ultramarine c-link\" rel=\"nofollow noopener\">ABC News<\/a>.<\/p>\n<\/p>\n<p>Les autorit\u00e9s ont saisi une cl\u00e9 USB contenant des photos de b\u00e2timents f\u00e9d\u00e9raux et des instructions pour fabriquer des explosifs. Justin D. Mohn avait aussi publi\u00e9 en ligne des \u00e9crits \u00e0 teneur antigouvernementale, d\u00e9non\u00e7ant l\u2019immigration, la politique budg\u00e9taire, la criminalit\u00e9 urbaine et la guerre en Ukraine.<\/p>\n<p>La d\u00e9fense devrait plaider des troubles mentaux<\/p>\n<p>Dans la vid\u00e9o diffus\u00e9e sur YouTube, il qualifie son p\u00e8re de \u00ab\u00a0tra\u00eetre\u00a0\u00bb, \u00e9voquant ses vingt ann\u00e9es de service au sein du Corps des ing\u00e9nieurs de l\u2019arm\u00e9e am\u00e9ricaine. Ing\u00e9nieur en g\u00e9o-environnement, Justin D. Mohn travaillait encore dans ce secteur au moment de sa mort.<\/p>\n<p><a href=\"https:\/\/www.20minutes.fr\/monde\/etats-unis\/\" target=\"_blank\" class=\"c-link c-btn c-btn--primary\" rel=\"nofollow noopener\">Tous nos articles sur les Etats-Unis<\/a><\/p>\n<p>La d\u00e9fense, qui n\u2019envisage pas d\u2019accord de plaidoyer \u00e0 ce stade, a tent\u00e9 de faire valoir des troubles mentaux. Lors d\u2019une audience de comp\u00e9tence en\u00a02024, un expert a r\u00e9v\u00e9l\u00e9 que Justin D. Mohn avait r\u00e9dig\u00e9 une lettre \u00e0 l\u2019ambassadeur de Russie aux Etats-Unis, sollicitant l\u2019asile. Justin D. Mohn est poursuivi pour meurtre, profanation de cadavre, crimes \u00e0 caract\u00e8re terroriste et autres d\u00e9lits. Le proc\u00e8s s\u2019annonce sensible, tant pour sa port\u00e9e judiciaire que pour les implications politiques de l\u2019affaire.<\/p>\n","protected":false},"excerpt":{"rendered":"Le proc\u00e8s de Justin D. Mohn s\u2019ouvre dans la banlieue de Philadelphie, plus d\u2019un an apr\u00e8s un crime&hellip;\n","protected":false},"author":2,"featured_media":233653,"comment_status":"","ping_status":"","sticky":false,"template":"","format":"standard","meta":{"footnotes":""},"categories":[5],"tags":[47,11,35242,73,1011,27,14,303,777,74,12,2694,28],"class_list":{"0":"post-233652","1":"post","2":"type-post","3":"status-publish","4":"format-standard","5":"has-post-thumbnail","7":"category-international","8":"tag-actualite","9":"tag-actualites","10":"tag-decapitations","11":"tag-etats-unis","12":"tag-fr","13":"tag-france","14":"tag-international","15":"tag-justice","16":"tag-meurtre","17":"tag-monde","18":"tag-news","19":"tag-proces","20":"tag-world"},"share_on_mastodon":{"url":"https:\/\/pubeurope.com\/@fr\/114814329997255968","error":""},"_links":{"self":[{"href":"https:\/\/www.europesays.com\/fr\/wp-json\/wp\/v2\/posts\/233652","targetHints":{"allow":["GET"]}}],"collection":[{"href":"https:\/\/www.europesays.com\/fr\/wp-json\/wp\/v2\/posts"}],"about":[{"href":"https:\/\/www.europesays.com\/fr\/wp-json\/wp\/v2\/types\/post"}],"author":[{"embeddable":true,"href":"https:\/\/www.europesays.com\/fr\/wp-json\/wp\/v2\/users\/2"}],"replies":[{"embeddable":true,"href":"https:\/\/www.europesays.com\/fr\/wp-json\/wp\/v2\/comments?post=233652"}],"version-history":[{"count":0,"href":"https:\/\/www.europesays.com\/fr\/wp-json\/wp\/v2\/posts\/233652\/revisions"}],"wp:featuredmedia":[{"embeddable":true,"href":"https:\/\/www.europesays.com\/fr\/wp-json\/wp\/v2\/media\/233653"}],"wp:attachment":[{"href":"https:\/\/www.europesays.com\/fr\/wp-json\/wp\/v2\/media?parent=233652"}],"wp:term":[{"taxonomy":"category","embeddable":true,"href":"https:\/\/www.europesays.com\/fr\/wp-json\/wp\/v2\/categories?post=233652"},{"taxonomy":"post_tag","embeddable":true,"href":"https:\/\/www.europesays.com\/fr\/wp-json\/wp\/v2\/tags?post=233652"}],"curies":[{"name":"wp","href":"https:\/\/api.w.org\/{rel}","templated":true}]}}