{"id":233656,"date":"2025-07-07T22:34:12","date_gmt":"2025-07-07T22:34:12","guid":{"rendered":"https:\/\/www.europesays.com\/fr\/233656\/"},"modified":"2025-07-07T22:34:12","modified_gmt":"2025-07-07T22:34:12","slug":"le-vrai-cout-de-lelectricite-renouvelable-pour-la-france","status":"publish","type":"post","link":"https:\/\/www.europesays.com\/fr\/233656\/","title":{"rendered":"le vrai co\u00fbt de l\u2019\u00e9lectricit\u00e9 renouvelable pour la France"},"content":{"rendered":"<p><strong>D\u00c9CRYPTAGE <\/strong>&#8211; Objet de discordes, ce soutien public fait l\u2019objet d\u2019un chiffrage pr\u00e9cis. Il devrait diminuer \u00e0 l\u2019avenir.<\/p>\n<p class=\"fig-paragraph\">Les\u00a0<a href=\"http:\/\/www.lefigaro.fr\/marseille\/bouches-du-rhone-la-plus-puissante-ferme-eolienne-flottante-francaise-mise-en-service-au-large-de-port-de-bouc-20250624\" data-fig-type=\"NewsFlash\" data-gtm-custom-categorie=\"navigation\" data-gtm-custom-action=\"crossclick\" data-gtm-custom-label=\"Contextuel\" data-gtm-event=\"customEventSPE\" data-fig-domain=\"LEFIGARO\" target=\"_blank\" rel=\"noopener\">\u00e9oliennes\u00a0<\/a>et les<a href=\"http:\/\/www.lefigaro.fr\/societes\/la-france-a-t-elle-besoin-d-autant-de-panneaux-solaires-et-d-eoliennes-20250427\" data-fig-type=\"Article\" data-gtm-custom-categorie=\"navigation\" data-gtm-custom-action=\"crossclick\" data-gtm-custom-label=\"Contextuel\" data-gtm-event=\"customEventSPE\" data-fig-domain=\"LEFIGARO\" target=\"_blank\" rel=\"noopener\">\u00a0panneaux solaires<\/a>\u00a0vont-ils vraiment co\u00fbter<a href=\"http:\/\/www.lefigaro.fr\/vox\/economie\/bernard-accoyer-et-xavier-moreno-combien-de-francais-savent-que-l-eolien-et-le-solaire-ont-fait-doubler-leur-facture-d-electricite-depuis-dix-ans-20250623\" data-fig-type=\"Article\" data-gtm-custom-categorie=\"navigation\" data-gtm-custom-action=\"crossclick\" data-gtm-custom-label=\"Contextuel\" data-gtm-event=\"customEventSPE\" data-fig-domain=\"LEFIGARO\" target=\"_blank\" rel=\"noopener\">\u00a0300\u00a0milliards d\u2019euros \u00e0 la France<\/a>\u00a0? Le sujet est devenu \u00e9minemment politique en plein d\u00e9bat sur le futur texte de programmation pluriannuelle de l\u2019\u00e9nergie (PPE3). Le RN s\u2019en est empar\u00e9, suivi par les LR. \u00ab\u00a0L\u2019\u00e9olien et le photovolta\u00efque n\u2019apportent au mix \u00e9nerg\u00e9tique fran\u00e7ais qu\u2019une intermittence co\u00fbteuse \u00e0 g\u00e9rer\u00a0\u00bb, affirme Bruno Retailleau, ministre de l\u2019Int\u00e9rieur, cosignataire d\u2019une<a href=\"http:\/\/www.lefigaro.fr\/politique\/tribune-cosignee-par-retailleau-sur-l-energie-dans-le-figaro-du-populo-trumpisme-raille-glucksmann-20250706\" data-fig-type=\"NewsFlash\" data-gtm-custom-categorie=\"navigation\" data-gtm-custom-action=\"crossclick\" data-gtm-custom-label=\"Contextuel\" data-gtm-event=\"customEventSPE\" data-fig-domain=\"LEFIGARO\" target=\"_blank\" rel=\"noopener\">\u00a0tribune\u00a0<\/a>parue dans Le Figaro. Qui souhaite arr\u00eater de les subventionner. Du \u00ab\u00a0populisme le plus basique\u00a0\u00bb, r\u00e9torque la ministre de la Transition \u00e9nerg\u00e9tique, Agn\u00e8s Pannier-Runacher. Mais de quoi parle-t-on\u00a0?<\/p>\n<p class=\"fig-paragraph\">Le soutien public aux \u00e9nergies renouvelables a augment\u00e9 tout au long de la derni\u00e8re d\u00e9cennie, pour atteindre pr\u00e8s de 6\u00a0milliards d\u2019euros par an avant la crise \u00e9nerg\u00e9tique de 2021-2023. Un niveau qui devrait redevenir la norme dans les prochaines ann\u00e9es, pour ensuite d\u00e9cro\u00eetre en raison des m\u00e9canismes en place. La construction\u2026<\/p>\n<p class=\"fig-premium-paywall__infos\">\n        Cet article est r\u00e9serv\u00e9 aux abonn\u00e9s.        Il vous reste 86% \u00e0 d\u00e9couvrir.\n    <\/p>\n<p>                <img  data- alt=\"Le Figaro\" class=\"fig-img--complete fig-img\"\/><\/p>\n<p class=\"fig-premium-paywall__title\">Vous avez envie de lire la suite ?<\/p>\n<p class=\"fig-premium-paywall__subtitle\">D\u00e9bloquez tous les articles imm\u00e9diatement.<\/p>\n<p class=\"fig-premium-paywall__connect\">\n                D\u00e9j\u00e0 abonn\u00e9\u00a0?                <a class=\"fig-premium-paywall__connect-link\" href=\"https:\/\/connect.lefigaro.fr\/login?client=horizon_web&amp;type=main&amp;redirect_uri=https%3A%2F%2Fwww.lefigaro.fr%2Fsocietes%2Feolien-solaire-le-vrai-cout-de-l-electricite-renouvelable-pour-la-france-20250707\" data-js-gtm=\"{&quot;customCategorie&quot;: &quot;conversion&quot;, &quot;customAction&quot;: &quot;before_Landing_Connexion_paywall_auto&quot;, &quot;customLabel&quot;: &quot;bGVmaWdhcm8uZnJfXzFmMDViM2JhLTMxNzAtNmI1Mi05NTEzLTIzMzRkNjAyMzYxN19fQXJ0aWNsZQ==_\u00c9olien, solaire\u00a0: le vrai co\u00fbt de l\u2019\u00e9lectricit\u00e9 renouvelable pour la France_322&quot;, &quot;customIDSPE&quot;: &quot;bGVmaWdhcm8uZnJfXzFmMDViM2JhLTMxNzAtNmI1Mi05NTEzLTIzMzRkNjAyMzYxN19fQXJ0aWNsZQ==&quot;, &quot;event&quot;: &quot;customEventSPE&quot;}\" target=\"_blank\" rel=\"noopener\"><br \/>\n                    Connectez-vous<br \/>\n                <\/a>\n            <\/p>\n","protected":false},"excerpt":{"rendered":"D\u00c9CRYPTAGE &#8211; Objet de discordes, ce soutien public fait l\u2019objet d\u2019un chiffrage pr\u00e9cis. Il devrait diminuer \u00e0 l\u2019avenir.&hellip;\n","protected":false},"author":2,"featured_media":233657,"comment_status":"","ping_status":"","sticky":false,"template":"","format":"standard","meta":{"footnotes":""},"categories":[2],"tags":[11,1647,21253,1011,27,12,5654],"class_list":{"0":"post-233656","1":"post","2":"type-post","3":"status-publish","4":"format-standard","5":"has-post-thumbnail","7":"category-actualites","8":"tag-actualites","9":"tag-edf","10":"tag-energie-renouvelable","11":"tag-fr","12":"tag-france","13":"tag-news","14":"tag-nucleaire"},"share_on_mastodon":{"url":"https:\/\/pubeurope.com\/@fr\/114814337878729817","error":""},"_links":{"self":[{"href":"https:\/\/www.europesays.com\/fr\/wp-json\/wp\/v2\/posts\/233656","targetHints":{"allow":["GET"]}}],"collection":[{"href":"https:\/\/www.europesays.com\/fr\/wp-json\/wp\/v2\/posts"}],"about":[{"href":"https:\/\/www.europesays.com\/fr\/wp-json\/wp\/v2\/types\/post"}],"author":[{"embeddable":true,"href":"https:\/\/www.europesays.com\/fr\/wp-json\/wp\/v2\/users\/2"}],"replies":[{"embeddable":true,"href":"https:\/\/www.europesays.com\/fr\/wp-json\/wp\/v2\/comments?post=233656"}],"version-history":[{"count":0,"href":"https:\/\/www.europesays.com\/fr\/wp-json\/wp\/v2\/posts\/233656\/revisions"}],"wp:featuredmedia":[{"embeddable":true,"href":"https:\/\/www.europesays.com\/fr\/wp-json\/wp\/v2\/media\/233657"}],"wp:attachment":[{"href":"https:\/\/www.europesays.com\/fr\/wp-json\/wp\/v2\/media?parent=233656"}],"wp:term":[{"taxonomy":"category","embeddable":true,"href":"https:\/\/www.europesays.com\/fr\/wp-json\/wp\/v2\/categories?post=233656"},{"taxonomy":"post_tag","embeddable":true,"href":"https:\/\/www.europesays.com\/fr\/wp-json\/wp\/v2\/tags?post=233656"}],"curies":[{"name":"wp","href":"https:\/\/api.w.org\/{rel}","templated":true}]}}