{"id":233658,"date":"2025-07-07T22:35:23","date_gmt":"2025-07-07T22:35:23","guid":{"rendered":"https:\/\/www.europesays.com\/fr\/233658\/"},"modified":"2025-07-07T22:35:23","modified_gmt":"2025-07-07T22:35:23","slug":"saint-priest-en-jarez-le-club-astromia-42-a-devoile-le-prochain-celestival-de-septembre","status":"publish","type":"post","link":"https:\/\/www.europesays.com\/fr\/233658\/","title":{"rendered":"Saint-Priest-en-Jarez. Le club Astromia 42 a d\u00e9voil\u00e9 le prochain C\u00e9lest\u2019ival de septembre"},"content":{"rendered":"<p>les 12 et 13\u00a0septembre, le club Astromia 42 organise le C\u00e9lest\u2019ival. Au programme\u00a0: des animations, des jeux s\u2019adressant \u00e0 tous les \u00e2ges, des s\u00e9ances d\u2019observation du ciel et des conf\u00e9rences au Clos Bayard, au Cr\u00eat et au Nec (Nouvel espace culturel). Tout est gratuit.<\/p>\n<p>Pour bien pr\u00e9parer ce rendez-vous, le 26\u00a0juin, Astromia 42, les associations et les entreprises partenaires se sont retrouv\u00e9es en mairie de Saint-Priest-en-Jarez pour une pr\u00e9sentation de&#8230;<\/p>\n","protected":false},"excerpt":{"rendered":"les 12 et 13\u00a0septembre, le club Astromia 42 organise le C\u00e9lest\u2019ival. Au programme\u00a0: des animations, des jeux s\u2019adressant&hellip;\n","protected":false},"author":2,"featured_media":233659,"comment_status":"","ping_status":"","sticky":false,"template":"","format":"standard","meta":{"footnotes":""},"categories":[9653],"tags":[1111,11,2430,7539,1777,674,1011,27,12,25,4001,9664,15696,767],"class_list":{"0":"post-233658","1":"post","2":"type-post","3":"status-publish","4":"format-standard","5":"has-post-thumbnail","7":"category-saint-etienne","8":"tag-actu","9":"tag-actualites","10":"tag-auvergne-rhone-alpes","11":"tag-edition-loire-sud","12":"tag-eu","13":"tag-europe","14":"tag-fr","15":"tag-france","16":"tag-news","17":"tag-republique-francaise","18":"tag-saint-etienne","19":"tag-saint-etienne-bassin","20":"tag-saint-priest-en-jarez","21":"tag-science-et-technologie"},"share_on_mastodon":{"url":"https:\/\/pubeurope.com\/@fr\/114814341853610271","error":""},"_links":{"self":[{"href":"https:\/\/www.europesays.com\/fr\/wp-json\/wp\/v2\/posts\/233658","targetHints":{"allow":["GET"]}}],"collection":[{"href":"https:\/\/www.europesays.com\/fr\/wp-json\/wp\/v2\/posts"}],"about":[{"href":"https:\/\/www.europesays.com\/fr\/wp-json\/wp\/v2\/types\/post"}],"author":[{"embeddable":true,"href":"https:\/\/www.europesays.com\/fr\/wp-json\/wp\/v2\/users\/2"}],"replies":[{"embeddable":true,"href":"https:\/\/www.europesays.com\/fr\/wp-json\/wp\/v2\/comments?post=233658"}],"version-history":[{"count":0,"href":"https:\/\/www.europesays.com\/fr\/wp-json\/wp\/v2\/posts\/233658\/revisions"}],"wp:featuredmedia":[{"embeddable":true,"href":"https:\/\/www.europesays.com\/fr\/wp-json\/wp\/v2\/media\/233659"}],"wp:attachment":[{"href":"https:\/\/www.europesays.com\/fr\/wp-json\/wp\/v2\/media?parent=233658"}],"wp:term":[{"taxonomy":"category","embeddable":true,"href":"https:\/\/www.europesays.com\/fr\/wp-json\/wp\/v2\/categories?post=233658"},{"taxonomy":"post_tag","embeddable":true,"href":"https:\/\/www.europesays.com\/fr\/wp-json\/wp\/v2\/tags?post=233658"}],"curies":[{"name":"wp","href":"https:\/\/api.w.org\/{rel}","templated":true}]}}