{"id":233660,"date":"2025-07-07T22:36:30","date_gmt":"2025-07-07T22:36:30","guid":{"rendered":"https:\/\/www.europesays.com\/fr\/233660\/"},"modified":"2025-07-07T22:36:30","modified_gmt":"2025-07-07T22:36:30","slug":"la-ville-fait-appel-a-une-entreprise-privee","status":"publish","type":"post","link":"https:\/\/www.europesays.com\/fr\/233660\/","title":{"rendered":"la Ville fait appel \u00e0 une entreprise priv\u00e9e"},"content":{"rendered":"<p>La menace du mouvement de gr\u00e8ve les week-ends que conna\u00eet la piscine municipale Raymond-Sommet, depuis le d\u00e9but de la saison estivale, n\u2019a pas emp\u00each\u00e9 l\u2019ouverture au public samedi dernier, contrairement au pr\u00e9c\u00e9dent. \ufeffMalgr\u00e9 un nombre suffisamment important de gr\u00e9vistes chez les agents d\u2019hygi\u00e8ne, \u00ab\u00a0100\u00a0%\u00a0\u00bb selon le syndicat CGT, l\u2019\u00e9tablissement a pu accueillir les baigneurs venus se rafra\u00eechir dans les seuls bassins st\u00e9phanois ouverts cet \u00e9t\u00e9.<\/p>\n<p>  Contraint d\u2019ouvrir les bassins de mani\u00e8re restreinte<\/p>\n<p>Afin de palier \u00e0 un effectif r\u00e9duit d\u2019agents, la municipalit\u00e9 a fait appel \u00e0 une entreprise priv\u00e9e pour remplacer une partie du personnel en gr\u00e8ve. Si trois personnes ont rejoint l\u2019\u00e9quipement public samedi, la direction de la piscine a tout de m\u00eame \u00e9t\u00e9 contrainte d\u2019ouvrir les bassins de mani\u00e8re restreinte.<\/p>\n<p>  \u00c0 l\u2019int\u00e9rieur le matin pour les nageurs, \u00e0 l\u2019ext\u00e9rieur l\u2019apr\u00e8s-midi pour les familles<\/p>\n<p>Le matin, de 10 \u00e0 14 heures, seuls les bassins int\u00e9rieurs \u00e9taient accessibles aux nageurs, ces derniers \u00e9tant souvent plus nombreux en matin\u00e9e. Les bassins ext\u00e9rieurs, ferm\u00e9s le matin, ont \u00e9t\u00e9 ouverts l\u2019apr\u00e8s-midi de 14\u00a0h\u00a030 \u00e0 20 heures, tandis que les bassins \u00e0 l\u2019int\u00e9rieur \u00e9taient ferm\u00e9s au public. Les apr\u00e8s-midi sont plus propices aux jeux autour des bassins ext\u00e9rieurs, tr\u00e8s fr\u00e9quent\u00e9s par les familles avec enfants.<\/p>\n<p>Le lendemain, dimanche, la piscine Raymond-Sommet a ouvert normalement toute la journ\u00e9e, en deux fois, de 10 \u00e0 14 heures et de 14\u00a0h\u00a030 \u00e0 20 heures. Les week-ends, il est donc conseill\u00e9 aux usagers d\u2019appeler la piscine Raymond-Sommet avant de s\u2019y rendre. Sollicit\u00e9e par nos soins, la ville n\u2019a pas souhait\u00e9 faire \u00ab\u00a0de commentaire\u00a0\u00bb sur le mouvement.<\/p>\n<p class=\"note\">Piscine Raymond-Sommet, 2 Boulevard Jules-Janin \u00e0 Saint-\u00c9tienne &#8211; T\u00e9l. 04\u00a077\u00a043\u00a038\u00a038.<\/p>\n","protected":false},"excerpt":{"rendered":"La menace du mouvement de gr\u00e8ve les week-ends que conna\u00eet la piscine municipale Raymond-Sommet, depuis le d\u00e9but de&hellip;\n","protected":false},"author":2,"featured_media":233661,"comment_status":"","ping_status":"","sticky":false,"template":"","format":"standard","meta":{"footnotes":""},"categories":[9653],"tags":[1111,11,2430,4406,9671,33,7539,1777,674,1011,27,12,25,4001,7538,801],"class_list":{"0":"post-233660","1":"post","2":"type-post","3":"status-publish","4":"format-standard","5":"has-post-thumbnail","7":"category-saint-etienne","8":"tag-actu","9":"tag-actualites","10":"tag-auvergne-rhone-alpes","11":"tag-commerce-et-services","12":"tag-conflit-social","13":"tag-economie","14":"tag-edition-loire-sud","15":"tag-eu","16":"tag-europe","17":"tag-fr","18":"tag-france","19":"tag-news","20":"tag-republique-francaise","21":"tag-saint-etienne","22":"tag-saint-etienne-ville","23":"tag-social"},"share_on_mastodon":{"url":"https:\/\/pubeurope.com\/@fr\/114814345786978033","error":""},"_links":{"self":[{"href":"https:\/\/www.europesays.com\/fr\/wp-json\/wp\/v2\/posts\/233660","targetHints":{"allow":["GET"]}}],"collection":[{"href":"https:\/\/www.europesays.com\/fr\/wp-json\/wp\/v2\/posts"}],"about":[{"href":"https:\/\/www.europesays.com\/fr\/wp-json\/wp\/v2\/types\/post"}],"author":[{"embeddable":true,"href":"https:\/\/www.europesays.com\/fr\/wp-json\/wp\/v2\/users\/2"}],"replies":[{"embeddable":true,"href":"https:\/\/www.europesays.com\/fr\/wp-json\/wp\/v2\/comments?post=233660"}],"version-history":[{"count":0,"href":"https:\/\/www.europesays.com\/fr\/wp-json\/wp\/v2\/posts\/233660\/revisions"}],"wp:featuredmedia":[{"embeddable":true,"href":"https:\/\/www.europesays.com\/fr\/wp-json\/wp\/v2\/media\/233661"}],"wp:attachment":[{"href":"https:\/\/www.europesays.com\/fr\/wp-json\/wp\/v2\/media?parent=233660"}],"wp:term":[{"taxonomy":"category","embeddable":true,"href":"https:\/\/www.europesays.com\/fr\/wp-json\/wp\/v2\/categories?post=233660"},{"taxonomy":"post_tag","embeddable":true,"href":"https:\/\/www.europesays.com\/fr\/wp-json\/wp\/v2\/tags?post=233660"}],"curies":[{"name":"wp","href":"https:\/\/api.w.org\/{rel}","templated":true}]}}