{"id":233664,"date":"2025-07-07T22:38:21","date_gmt":"2025-07-07T22:38:21","guid":{"rendered":"https:\/\/www.europesays.com\/fr\/233664\/"},"modified":"2025-07-07T22:38:21","modified_gmt":"2025-07-07T22:38:21","slug":"une-eleve-recompensee-a-nancy","status":"publish","type":"post","link":"https:\/\/www.europesays.com\/fr\/233664\/","title":{"rendered":"une \u00e9l\u00e8ve r\u00e9compens\u00e9e \u00e0 Nancy"},"content":{"rendered":"<p>Lylou Satos, Falckoise et lyc\u00e9enne au lyc\u00e9e Charles-Jully de Saint-Avold, a brillamment particip\u00e9 aux Olympiades de chimie, un concours national qui met en lumi\u00e8re l\u2019excellence scientifique des lyc\u00e9ens fran\u00e7ais.<\/p>\n<p>\u00c0 l\u2019occasion de la remise des r\u00e9compenses \u00e0 Nancy, le maire Pascal Rapp ainsi que la premi\u00e8re adjointe, \u00c9l\u00e9onore Przybyla, \u00e9taient pr\u00e9sents afin de la f\u00e9liciter et de l\u2019encourager dans son beau parcours. \u00c0 l\u2019issue de la c\u00e9r\u00e9monie, Pascal Rapp lui a remis un bon cadeau pour saluer ses efforts et son engagement. Bravo \u00e0 Lylou pour ce parcours inspirant et prometteur\u00a0!<\/p>\n","protected":false},"excerpt":{"rendered":"Lylou Satos, Falckoise et lyc\u00e9enne au lyc\u00e9e Charles-Jully de Saint-Avold, a brillamment particip\u00e9 aux Olympiades de chimie, un&hellip;\n","protected":false},"author":2,"featured_media":233665,"comment_status":"","ping_status":"","sticky":false,"template":"","format":"standard","meta":{"footnotes":""},"categories":[9635],"tags":[1111,11,37248,15835,1777,674,37247,1011,27,775,1702,12,25,104],"class_list":{"0":"post-233664","1":"post","2":"type-post","3":"status-publish","4":"format-standard","5":"has-post-thumbnail","7":"category-nancy","8":"tag-actu","9":"tag-actualites","10":"tag-cc-houve-pays-boulageois-57e","11":"tag-edition-saint-avold-creutzwald","12":"tag-eu","13":"tag-europe","14":"tag-falck","15":"tag-fr","16":"tag-france","17":"tag-grand-est","18":"tag-nancy","19":"tag-news","20":"tag-republique-francaise","21":"tag-societe"},"share_on_mastodon":{"url":"https:\/\/pubeurope.com\/@fr\/114814353658981759","error":""},"_links":{"self":[{"href":"https:\/\/www.europesays.com\/fr\/wp-json\/wp\/v2\/posts\/233664","targetHints":{"allow":["GET"]}}],"collection":[{"href":"https:\/\/www.europesays.com\/fr\/wp-json\/wp\/v2\/posts"}],"about":[{"href":"https:\/\/www.europesays.com\/fr\/wp-json\/wp\/v2\/types\/post"}],"author":[{"embeddable":true,"href":"https:\/\/www.europesays.com\/fr\/wp-json\/wp\/v2\/users\/2"}],"replies":[{"embeddable":true,"href":"https:\/\/www.europesays.com\/fr\/wp-json\/wp\/v2\/comments?post=233664"}],"version-history":[{"count":0,"href":"https:\/\/www.europesays.com\/fr\/wp-json\/wp\/v2\/posts\/233664\/revisions"}],"wp:featuredmedia":[{"embeddable":true,"href":"https:\/\/www.europesays.com\/fr\/wp-json\/wp\/v2\/media\/233665"}],"wp:attachment":[{"href":"https:\/\/www.europesays.com\/fr\/wp-json\/wp\/v2\/media?parent=233664"}],"wp:term":[{"taxonomy":"category","embeddable":true,"href":"https:\/\/www.europesays.com\/fr\/wp-json\/wp\/v2\/categories?post=233664"},{"taxonomy":"post_tag","embeddable":true,"href":"https:\/\/www.europesays.com\/fr\/wp-json\/wp\/v2\/tags?post=233664"}],"curies":[{"name":"wp","href":"https:\/\/api.w.org\/{rel}","templated":true}]}}