{"id":233683,"date":"2025-07-07T22:49:18","date_gmt":"2025-07-07T22:49:18","guid":{"rendered":"https:\/\/www.europesays.com\/fr\/233683\/"},"modified":"2025-07-07T22:49:18","modified_gmt":"2025-07-07T22:49:18","slug":"wolfisheim-la-deuxieme-partie-des-miserables-de-victor-hugo-restituee-sur-scene-par-la-troupe-du-thenso","status":"publish","type":"post","link":"https:\/\/www.europesays.com\/fr\/233683\/","title":{"rendered":"Wolfisheim. La deuxi\u00e8me partie des \u00ab Mis\u00e9rables\u00a0\u00bb de Victor Hugo restitu\u00e9e sur sc\u00e8ne par la troupe du Thenso"},"content":{"rendered":"<p>La premi\u00e8re partie avait fait mouche aupr\u00e8s du public lors de sa repr\u00e9sentation en juillet\u00a02024. La suite du roman est la restitution d\u2019un deuxi\u00e8me stage du Thenso toujours dirig\u00e9 par Christa Wolff qui, par une r\u00e9\u00e9criture th\u00e9\u00e2trale et une mise en sc\u00e8ne burlesque, \u00e9pate \u00e0 chaque fois le public.<\/p>\n<p>  Un spectacle po\u00e9tique<\/p>\n<p>Si <a href=\"https:\/\/www.dna.fr\/culture-loisirs\/2024\/10\/29\/les-miserables-la-version-populaire-et-energique-de-la-troupe-du-thenso\" target=\"_blank\" rel=\"nofollow noopener\">la premi\u00e8re partie du roman est connue<\/a> par le biais des lectures scolaires, la partie parisienne qui fait suite est bien moins dans les m\u00e9moires. Il faut l\u2019exp\u00e9rience et l\u2019audace de Christa Wolff pour aboutir \u00e0 l\u2019\u00e9criture d\u2019un spectacle po\u00e9tique, dr\u00f4le, \u00e9mouvant, en revisitant la bataille de Waterloo, les \u00e9gouts de Paris, le jardin du Luxembourg, les barricades, la Seine et les bas-fonds de Paris.<\/p>\n<p>On y retrouve le courageux et d\u00e9brouillard Gavroche, les amoureux, Cosette et Marius, l\u2019intransigeant commissaire de police Javert, ennemi jur\u00e9 de Jean Valjean, la cohorte des soldats et des insurg\u00e9s.<\/p>\n<p>Les acteurs de toutes les g\u00e9n\u00e9rations (dix lyc\u00e9ens, coll\u00e9giens, \u00e9l\u00e8ves de primaire, et six adultes), tous amateurs et form\u00e9s au sein du Thenso, incarnent successivement les quelque cinquante personnages, parfois en ch\u0153ur (soldats, statues, insurg\u00e9s et m\u00eame les rats des \u00e9gouts), ou cach\u00e9s derri\u00e8re les masques de la Commedia dell\u2019arte.<\/p>\n<p>C\u2019est un \u00e9v\u00e9nement th\u00e9\u00e2tral original et vivant d\u2019une dur\u00e9e de deux\u00a0heures avec entracte.<\/p>\n<p>Il reste tr\u00e8s peu de places mais l\u2019int\u00e9grale sera rejou\u00e9e au centre socioculturel de Wolfisheim les 1er et 2\u00a0novembre 2025. Les places s\u2019arrachent d\u00e9j\u00e0 pour ces dates-l\u00e0\u00a0!<\/p>\n<p class=\"note\">Uniquement sur r\u00e9servation. Ouverture de la salle et petite restauration\u00a0: 2 heures avant le spectacle. Tarif libre\u00a0: participation au chapeau selon l\u2019appr\u00e9ciation de chacun. Renseignements et r\u00e9servations\u00a0: www.theatredesenfantsdusoleil.com ou 06\u00a060\u00a010\u00a011\u00a098.<\/p>\n","protected":false},"excerpt":{"rendered":"La premi\u00e8re partie avait fait mouche aupr\u00e8s du public lors de sa repr\u00e9sentation en juillet\u00a02024. La suite du&hellip;\n","protected":false},"author":2,"featured_media":233684,"comment_status":"","ping_status":"","sticky":false,"template":"","format":"standard","meta":{"footnotes":""},"categories":[2820],"tags":[1111,11,1687,2880,1777,674,107,1011,27,775,12,25,3140,640,3089,24070],"class_list":{"0":"post-233683","1":"post","2":"type-post","3":"status-publish","4":"format-standard","5":"has-post-thumbnail","7":"category-strasbourg","8":"tag-actu","9":"tag-actualites","10":"tag-culture-loisirs","11":"tag-edition-strasbourg","12":"tag-eu","13":"tag-europe","14":"tag-fil-info","15":"tag-fr","16":"tag-france","17":"tag-grand-est","18":"tag-news","19":"tag-republique-francaise","20":"tag-spectacle","21":"tag-strasbourg","22":"tag-strasbourg-sud","23":"tag-wolfisheim"},"share_on_mastodon":{"url":"https:\/\/pubeurope.com\/@fr\/114814396853831034","error":""},"_links":{"self":[{"href":"https:\/\/www.europesays.com\/fr\/wp-json\/wp\/v2\/posts\/233683","targetHints":{"allow":["GET"]}}],"collection":[{"href":"https:\/\/www.europesays.com\/fr\/wp-json\/wp\/v2\/posts"}],"about":[{"href":"https:\/\/www.europesays.com\/fr\/wp-json\/wp\/v2\/types\/post"}],"author":[{"embeddable":true,"href":"https:\/\/www.europesays.com\/fr\/wp-json\/wp\/v2\/users\/2"}],"replies":[{"embeddable":true,"href":"https:\/\/www.europesays.com\/fr\/wp-json\/wp\/v2\/comments?post=233683"}],"version-history":[{"count":0,"href":"https:\/\/www.europesays.com\/fr\/wp-json\/wp\/v2\/posts\/233683\/revisions"}],"wp:featuredmedia":[{"embeddable":true,"href":"https:\/\/www.europesays.com\/fr\/wp-json\/wp\/v2\/media\/233684"}],"wp:attachment":[{"href":"https:\/\/www.europesays.com\/fr\/wp-json\/wp\/v2\/media?parent=233683"}],"wp:term":[{"taxonomy":"category","embeddable":true,"href":"https:\/\/www.europesays.com\/fr\/wp-json\/wp\/v2\/categories?post=233683"},{"taxonomy":"post_tag","embeddable":true,"href":"https:\/\/www.europesays.com\/fr\/wp-json\/wp\/v2\/tags?post=233683"}],"curies":[{"name":"wp","href":"https:\/\/api.w.org\/{rel}","templated":true}]}}