{"id":233689,"date":"2025-07-07T22:52:09","date_gmt":"2025-07-07T22:52:09","guid":{"rendered":"https:\/\/www.europesays.com\/fr\/233689\/"},"modified":"2025-07-07T22:52:09","modified_gmt":"2025-07-07T22:52:09","slug":"la-declaration-politique-de-la-conference-sur-locean-de-nice-formellement-adoptee","status":"publish","type":"post","link":"https:\/\/www.europesays.com\/fr\/233689\/","title":{"rendered":"La d\u00e9claration politique de la Conf\u00e9rence sur l\u2019oc\u00e9an de Nice formellement adopt\u00e9e"},"content":{"rendered":"<p>\n      Adopt\u00e9e par acclamation \u00e0 l\u2019issue de l\u2019UNOC, elle a n\u00e9cessit\u00e9 un vote par l\u2019Assembl\u00e9e g\u00e9n\u00e9rale de l\u2019ONU, \u00e0 la demande des Etats-Unis. Absents \u00e0 Nice, ils ont vot\u00e9 contre.\n    <\/p>\n<p>Cent-soixante-deux voix pour, une contre, et aucune abstention. \u00ab\u00a0L\u2019Assembl\u00e9e g\u00e9n\u00e9rale a fait sienne la <a href=\"https:\/\/www.meretmarine.com\/fr\/science-et-environnement\/a-nice-l-unoc-s-acheve-avec-plusieurs-avancees-significatives-sur-la-0\" target=\"_blank\" rel=\"noopener\">d\u00e9claration politique de la Conf\u00e9rence sur l\u2019oc\u00e9an qui consacre une gouvernance multilat\u00e9rale de l\u2019oc\u00e9an<\/a>\u00a0\u00bb, s\u2019est f\u00e9licit\u00e9 l\u2019ONU.\u00a0<\/p>\n<p>\u00ab\u00a0Cette mise aux voix a \u00e9t\u00e9 d\u00e9plor\u00e9e par de nombreuses d\u00e9l\u00e9gations \u00e0 commencer par la France, co-h\u00f4te de la conf\u00e9rence aux c\u00f4t\u00e9s du Costa Rica\u00a0\u00bb, ont pr\u00e9cis\u00e9 les Nations unies dans un communiqu\u00e9 de presse.<\/p>\n<p>Les Etats-Unis se sont justifi\u00e9s en expliquant que la d\u00e9claration politique mettait trop fortement l\u2019accent sur l\u2019ODD 14 (Objectif de d\u00e9veloppement durable n\u00b014), qui vise \u00e0 prot\u00e9ger et utiliser de fa\u00e7on durable les oc\u00e9ans et les ressources marines et qui fait partie du Programme 2030 des Nations unies, un ensemble de 17 objectifs mondiaux pour un d\u00e9veloppement durable adopt\u00e9 par la communaut\u00e9 internationale en 2015.\u00a0<\/p>\n<p>Un programme aujourd\u2019hui rejet\u00e9 par l\u2019administration Trump, au motif que ses objectifs imposent des contraintes ou des politiques internationales qui ne correspondent pas \u00e0 ses priorit\u00e9s nationales.\u00a0<\/p>\n<p><strong>\u00a9 Un article de la r\u00e9daction de Mer et Marine. Reproduction interdite sans consentement du ou des auteurs.<\/strong><\/p>\n","protected":false},"excerpt":{"rendered":"Adopt\u00e9e par acclamation \u00e0 l\u2019issue de l\u2019UNOC, elle a n\u00e9cessit\u00e9 un vote par l\u2019Assembl\u00e9e g\u00e9n\u00e9rale de l\u2019ONU, \u00e0&hellip;\n","protected":false},"author":2,"featured_media":233690,"comment_status":"","ping_status":"","sticky":false,"template":"","format":"standard","meta":{"footnotes":""},"categories":[2819],"tags":[1111,11,6130,6141,6131,6138,2380,6135,554,1777,6136,674,1011,27,6139,6134,3135,6128,567,6129,6127,12,2401,6132,4838,882,6133,25,6140,6137],"class_list":{"0":"post-233689","1":"post","2":"type-post","3":"status-publish","4":"format-standard","5":"has-post-thumbnail","7":"category-nice","8":"tag-actu","9":"tag-actualites","10":"tag-chantiers","11":"tag-commando","12":"tag-construction-navale","13":"tag-costa","14":"tag-croisiere","15":"tag-dcns","16":"tag-defense","17":"tag-eu","18":"tag-euronaval","19":"tag-europe","20":"tag-fr","21":"tag-france","22":"tag-fremm","23":"tag-interviews","24":"tag-littoral","25":"tag-marine","26":"tag-marine-nationale","27":"tag-maritime","28":"tag-mer","29":"tag-news","30":"tag-nice","31":"tag-offshore","32":"tag-peche","33":"tag-provence-alpes-cote-dazur","34":"tag-reportages","35":"tag-republique-francaise","36":"tag-sncm","37":"tag-stx"},"share_on_mastodon":{"url":"https:\/\/pubeurope.com\/@fr\/114814408647067502","error":""},"_links":{"self":[{"href":"https:\/\/www.europesays.com\/fr\/wp-json\/wp\/v2\/posts\/233689","targetHints":{"allow":["GET"]}}],"collection":[{"href":"https:\/\/www.europesays.com\/fr\/wp-json\/wp\/v2\/posts"}],"about":[{"href":"https:\/\/www.europesays.com\/fr\/wp-json\/wp\/v2\/types\/post"}],"author":[{"embeddable":true,"href":"https:\/\/www.europesays.com\/fr\/wp-json\/wp\/v2\/users\/2"}],"replies":[{"embeddable":true,"href":"https:\/\/www.europesays.com\/fr\/wp-json\/wp\/v2\/comments?post=233689"}],"version-history":[{"count":0,"href":"https:\/\/www.europesays.com\/fr\/wp-json\/wp\/v2\/posts\/233689\/revisions"}],"wp:featuredmedia":[{"embeddable":true,"href":"https:\/\/www.europesays.com\/fr\/wp-json\/wp\/v2\/media\/233690"}],"wp:attachment":[{"href":"https:\/\/www.europesays.com\/fr\/wp-json\/wp\/v2\/media?parent=233689"}],"wp:term":[{"taxonomy":"category","embeddable":true,"href":"https:\/\/www.europesays.com\/fr\/wp-json\/wp\/v2\/categories?post=233689"},{"taxonomy":"post_tag","embeddable":true,"href":"https:\/\/www.europesays.com\/fr\/wp-json\/wp\/v2\/tags?post=233689"}],"curies":[{"name":"wp","href":"https:\/\/api.w.org\/{rel}","templated":true}]}}