{"id":233691,"date":"2025-07-07T22:55:10","date_gmt":"2025-07-07T22:55:10","guid":{"rendered":"https:\/\/www.europesays.com\/fr\/233691\/"},"modified":"2025-07-07T22:55:10","modified_gmt":"2025-07-07T22:55:10","slug":"mercato-nantes-dehmaine-tabibou-prolonge-la-signature-prevue-ce-mardi","status":"publish","type":"post","link":"https:\/\/www.europesays.com\/fr\/233691\/","title":{"rendered":"Mercato Nantes\u00a0: Dehmaine Tabibou prolonge, la signature pr\u00e9vue ce mardi"},"content":{"rendered":"<p class=\"paragraph text_align_left lp-f-body-02\">Dehmaine Tabibou va poursuivre l\u2019aventure avec le FC Nantes. Alors que des discussions avaient \u00e9t\u00e9 entam\u00e9es pour prolonger son contrat qui se termine en 2026, le milieu offensif de 20 ans, apparu 12 fois la saison pass\u00e9e en <a href=\"https:\/\/www.leparisien.fr\/sports\/football\/ligue-1\/\" target=\"_blank\" rel=\"nofollow noopener\">Ligue 1<\/a>, a d\u00e9cid\u00e9 de s\u2019inscrire sur la dur\u00e9e.<\/p>\n<p class=\"paragraph text_align_left lp-f-body-02\">D\u2019apr\u00e8s une information de<a href=\"https:\/\/www.lequipe.fr\/Football\/Actualites\/Dehmaine-tabibou-parti-pour-prolonger-avec-nantes-jusqu-en-2030\/1576088\" target=\"_self\" rel=\"nofollow noopener\"> L\u2019\u00c9quipe<\/a> que nous pouvons confirmer, l\u2019espoir nantais va \u00e9tendre son bail pour quatre ann\u00e9es suppl\u00e9mentaires, soit jusqu\u2019en 2030. N\u00e9 \u00e0 Drancy, il signera son nouveau contrat, ce mardi, de source proche du club.<\/p>\n<p class=\"paragraph text_align_left lp-f-body-02\">Acteur important du sacre nantais en championnat U19 2023, finaliste de l\u2019Euro U19 2024, le jeune Tabibou s\u2019est signal\u00e9 le mois dernier lors du Tournoi Maurice-Revello remport\u00e9 par l\u2019\u00e9quipe de France U20 de Bernard Diom\u00e8de, en marquant en demi-finales et en finale contre l\u2019Arabie saoudite (3-1). \u00c0 l\u2019instar de Louis Leroux ou Herba Guirassy, il est l\u2019un des derniers \u00e9l\u00e9ments issus de l\u2019acad\u00e9mie \u00e0 avoir point\u00e9 le bout de son nez dans l\u2019\u00e9lite.<\/p>\n","protected":false},"excerpt":{"rendered":"Dehmaine Tabibou va poursuivre l\u2019aventure avec le FC Nantes. Alors que des discussions avaient \u00e9t\u00e9 entam\u00e9es pour prolonger&hellip;\n","protected":false},"author":2,"featured_media":233692,"comment_status":"","ping_status":"","sticky":false,"template":"","format":"standard","meta":{"footnotes":""},"categories":[2818],"tags":[1111,11,1777,674,63,1011,27,66,766,12,2636,25,60],"class_list":{"0":"post-233691","1":"post","2":"type-post","3":"status-publish","4":"format-standard","5":"has-post-thumbnail","7":"category-nantes","8":"tag-actu","9":"tag-actualites","10":"tag-eu","11":"tag-europe","12":"tag-football","13":"tag-fr","14":"tag-france","15":"tag-ligue-1","16":"tag-nantes","17":"tag-news","18":"tag-pays-de-la-loire","19":"tag-republique-francaise","20":"tag-sports"},"share_on_mastodon":{"url":"https:\/\/pubeurope.com\/@fr\/114814420569016536","error":""},"_links":{"self":[{"href":"https:\/\/www.europesays.com\/fr\/wp-json\/wp\/v2\/posts\/233691","targetHints":{"allow":["GET"]}}],"collection":[{"href":"https:\/\/www.europesays.com\/fr\/wp-json\/wp\/v2\/posts"}],"about":[{"href":"https:\/\/www.europesays.com\/fr\/wp-json\/wp\/v2\/types\/post"}],"author":[{"embeddable":true,"href":"https:\/\/www.europesays.com\/fr\/wp-json\/wp\/v2\/users\/2"}],"replies":[{"embeddable":true,"href":"https:\/\/www.europesays.com\/fr\/wp-json\/wp\/v2\/comments?post=233691"}],"version-history":[{"count":0,"href":"https:\/\/www.europesays.com\/fr\/wp-json\/wp\/v2\/posts\/233691\/revisions"}],"wp:featuredmedia":[{"embeddable":true,"href":"https:\/\/www.europesays.com\/fr\/wp-json\/wp\/v2\/media\/233692"}],"wp:attachment":[{"href":"https:\/\/www.europesays.com\/fr\/wp-json\/wp\/v2\/media?parent=233691"}],"wp:term":[{"taxonomy":"category","embeddable":true,"href":"https:\/\/www.europesays.com\/fr\/wp-json\/wp\/v2\/categories?post=233691"},{"taxonomy":"post_tag","embeddable":true,"href":"https:\/\/www.europesays.com\/fr\/wp-json\/wp\/v2\/tags?post=233691"}],"curies":[{"name":"wp","href":"https:\/\/api.w.org\/{rel}","templated":true}]}}