{"id":233693,"date":"2025-07-07T22:56:09","date_gmt":"2025-07-07T22:56:09","guid":{"rendered":"https:\/\/www.europesays.com\/fr\/233693\/"},"modified":"2025-07-07T22:56:09","modified_gmt":"2025-07-07T22:56:09","slug":"des-fonds-et-le-soutien-dune-fondation-pour-seaturns","status":"publish","type":"post","link":"https:\/\/www.europesays.com\/fr\/233693\/","title":{"rendered":"des fonds et le soutien d&rsquo;une fondation pour Seaturns"},"content":{"rendered":"<p>\n\t\t\t\t\t\t\t\t\tCap vers Le Croisic pour le prototype \u00e9chelle 1. Cr\u00e9dit : Seaturns\n\t\t\t\t\t\t\t\t<\/p>\n<p>Seaturns vient de boucler une lev\u00e9e de fonds pour industrialiser sa technologie de production d\u2019\u00e9lectricit\u00e9 \u00e0 partir de l\u2019\u00e9nergie de la houle. Elle va par ailleurs s\u2019appuyer sur la fondation Open-C.<\/p>\n<p>Plus que jamais, la phase industrielle se rapproche pour Seaturns, soci\u00e9t\u00e9 bordelaise qui f\u00eatera sa premi\u00e8re d\u00e9cennie d\u2019existence en fin d\u2019ann\u00e9e. Elle annonce avoir boucl\u00e9 une lev\u00e9e de fonds d\u2019un montant de 2,45 millions d\u2019euros. L\u2019op\u00e9ration, qui a \u00e9t\u00e9 \u00ab\u00a0principalement r\u00e9alis\u00e9e via la plateforme Keenest\u00a0\u00bb avec la participation de 1.543 investisseurs individuels, a \u00e9galement b\u00e9n\u00e9fici\u00e9\u00a0\u00ab\u00a0d\u2019un soutien significatif des actionnaires historiques Team For The Planet et S\u00e9bastien Duez\u00a0\u00bb et a \u00e9galement vu l\u2019entr\u00e9e au capital de la directrice g\u00e9n\u00e9rale adjointe Lawrence Sigaud, est-il indiqu\u00e9 dans un communiqu\u00e9.<\/p>\n<p style=\"margin-left: 25px;\"><b>\u00c0 lire \u00e9galement &#8211; <a href=\"https:\/\/www.placeco.fr\/gironde\/strategie\/article\/energies-renouvelables-le-flotteur-houlomoteur-de-seaturns-pret-a-changer-dechelle-7163\" target=\"_blank\" rel=\"nofollow noopener\">\u00c9nergies renouvelables : le flotteur houlomoteur de Seaturns pr\u00eat \u00e0 changer d\u2019\u00e9chelle<\/a><\/b><\/p>\n<p>Depuis sa fondation, la SAS planche sur une techno innovante de production d\u2019\u00e9nergie renouvelable\u00a0qui s\u2019appuie sur la force de la houle. Au centre de sa solution, un flotteur dont un prototype \u00e0 l\u2019\u00e9chelle 1\/4 a pass\u00e9 18 mois en rade de Brest jusqu\u2019en f\u00e9vrier dernier, prouvant sa robustesse et sa capacit\u00e9 \u00e0 produire la quantit\u00e9 attendue d\u2019\u00e9lectricit\u00e9. \u00ab\u00a0J\u2019ai investi dans Seaturns car nous d\u00e9veloppons une technologie \u00e9mergente \u00e0 fort potentiel pour le mix \u00e9nerg\u00e9tique europ\u00e9en. Nous apportons une r\u00e9ponse concr\u00e8te aux enjeux de d\u00e9carbonation et pr\u00e9parons activement le passage \u00e0 l\u2019\u00e9chelle industrielle\u00a0\u00bb, d\u00e9clarait il y a quelques jours la directrice g\u00e9n\u00e9rale adjointe.<\/p>\n<p>Encore un an et demi de tests<\/p>\n<p>Cette manne sera fl\u00e9ch\u00e9e selon trois axes strat\u00e9giques : la finalisation de la R&amp;D, avec le d\u00e9ploiement d\u2019un d\u00e9monstrateur \u00e0 l\u2019\u00e9chelle r\u00e9elle d\u00e8s cet \u00e9t\u00e9, le lancement de l\u2019industrialisation et enfin l\u2019acc\u00e9l\u00e9ration de la commercialisation \u00e0 l\u2019international. Sur le premier point, Seaturns a r\u00e9cemment sign\u00e9 une convention avec la fondation Open-C, qui a agr\u00e9g\u00e9 l\u2019ann\u00e9e derni\u00e8re le site d\u2019essais hydroliens de Bordeaux. Mais ce n\u2019est pas ce dernier qui sera mobilis\u00e9, faute de houle.<\/p>\n<p style=\"margin-left: 25px;\"><b>Dans le r\u00e9tro &#8211; <a href=\"https:\/\/www.placeco.fr\/gironde\/strategie\/article\/energies-marines-le-site-dessais-hydroliens-de-bordeaux-change-de-dimension-5188\" target=\"_blank\" rel=\"nofollow noopener\">\u00c9nergies marines : le site d\u2019essais hydroliens de Bordeaux change de dimension<\/a><\/b><\/p>\n<p>Cet \u00e9t\u00e9, c\u2019est sur le site d\u2019essais en mer SEM-REV, au large du Croisic (Loire-Atlantique), qu\u2019un nouveau d\u00e9monstrateur sera mis \u00e0 l\u2019eau par Seaturns. Avec un enjeu d\u2019importance : poursuivre les validations techniques, industrielles et \u00e9conomiques avec un mod\u00e8le de test \u00e0 l\u2019\u00e9chelle 1. \u00ab\u00a0Notre syst\u00e8me a \u00e9t\u00e9 pens\u00e9 pour \u00eatre \u00e0 la fois efficace et facilement industrialisable\u00a0\u00bb, explique Vincent Tournerie, fondateur et pr\u00e9sident de la PME bordelaise. Une nouvelle s\u00e9quence de 18 mois de tests sera n\u00e9cessaire. D\u00e8s 2026, l\u2019entreprise pr\u00e9voit de d\u00e9ployer ses premi\u00e8res fermes houlomotrices commerciales.<\/p>\n<p><b><a href=\"https:\/\/seaturns.com\/fr\/\" target=\"_blank\" rel=\"nofollow noopener\">Seaturns<\/a><\/b><br \/>SAS fond\u00e9e en d\u00e9cembre 2015<br \/>Si\u00e8ge social : Bordeaux<br \/>Effectif : une dizaine de personnes<br \/>CA : n. c.<\/p>\n","protected":false},"excerpt":{"rendered":"Cap vers Le Croisic pour le prototype \u00e9chelle 1. Cr\u00e9dit : Seaturns Seaturns vient de boucler une lev\u00e9e&hellip;\n","protected":false},"author":2,"featured_media":233694,"comment_status":"","ping_status":"","sticky":false,"template":"","format":"standard","meta":{"footnotes":""},"categories":[2817],"tags":[1111,11,1997,1777,674,1011,27,12,2219,5645,25],"class_list":{"0":"post-233693","1":"post","2":"type-post","3":"status-publish","4":"format-standard","5":"has-post-thumbnail","7":"category-bordeaux","8":"tag-actu","9":"tag-actualites","10":"tag-bordeaux","11":"tag-eu","12":"tag-europe","13":"tag-fr","14":"tag-france","15":"tag-news","16":"tag-nouvelle-aquitaine","17":"tag-placco-placeco","18":"tag-republique-francaise"},"share_on_mastodon":{"url":"https:\/\/pubeurope.com\/@fr\/114814424441509344","error":""},"_links":{"self":[{"href":"https:\/\/www.europesays.com\/fr\/wp-json\/wp\/v2\/posts\/233693","targetHints":{"allow":["GET"]}}],"collection":[{"href":"https:\/\/www.europesays.com\/fr\/wp-json\/wp\/v2\/posts"}],"about":[{"href":"https:\/\/www.europesays.com\/fr\/wp-json\/wp\/v2\/types\/post"}],"author":[{"embeddable":true,"href":"https:\/\/www.europesays.com\/fr\/wp-json\/wp\/v2\/users\/2"}],"replies":[{"embeddable":true,"href":"https:\/\/www.europesays.com\/fr\/wp-json\/wp\/v2\/comments?post=233693"}],"version-history":[{"count":0,"href":"https:\/\/www.europesays.com\/fr\/wp-json\/wp\/v2\/posts\/233693\/revisions"}],"wp:featuredmedia":[{"embeddable":true,"href":"https:\/\/www.europesays.com\/fr\/wp-json\/wp\/v2\/media\/233694"}],"wp:attachment":[{"href":"https:\/\/www.europesays.com\/fr\/wp-json\/wp\/v2\/media?parent=233693"}],"wp:term":[{"taxonomy":"category","embeddable":true,"href":"https:\/\/www.europesays.com\/fr\/wp-json\/wp\/v2\/categories?post=233693"},{"taxonomy":"post_tag","embeddable":true,"href":"https:\/\/www.europesays.com\/fr\/wp-json\/wp\/v2\/tags?post=233693"}],"curies":[{"name":"wp","href":"https:\/\/api.w.org\/{rel}","templated":true}]}}