{"id":233695,"date":"2025-07-07T22:57:13","date_gmt":"2025-07-07T22:57:13","guid":{"rendered":"https:\/\/www.europesays.com\/fr\/233695\/"},"modified":"2025-07-07T22:57:13","modified_gmt":"2025-07-07T22:57:13","slug":"girondins-jour-de-reprise-pour-bordeaux-avec-7-recrues","status":"publish","type":"post","link":"https:\/\/www.europesays.com\/fr\/233695\/","title":{"rendered":"Girondins : jour de reprise pour Bordeaux avec 7 recrues"},"content":{"rendered":"<p><img decoding=\"async\" src=\"https:\/\/www.europesays.com\/fr\/wp-content\/uploads\/2025\/07\/671_62ef8f30ffc675aa94d63b59c3bb6aec.jpg\" alt=\"Girondins : jour de reprise pour Bordeaux avec 7 recrues\" class=\"img-responsive mt-3\"\/><\/p>\n<p class=\"text-center mb-3\" style=\"font-size: 14px\">\u00a9 Iconsport<\/p>\n<p style=\"text-align: justify;\">Les supporters Marine et Blanc tr\u00e9pignaient d\u2019impatience en attendant la reprise du club au scapulaire. Ils \u00e9taient environ 200 ce lundi \u00e0 17h pour venir voir les recrues.<\/p>\n<p style=\"text-align: justify;\">Sous un vent tourbillonnant et un ciel bleu, Bruno Irl\u00e8s et son adjoint Dado Prso foulent la pelouse du terrain 2 (le terrain num\u00e9ro 1 n\u2019est pas encore tondu) pour pr\u00e9parer la nouvelle saison en National 2.<\/p>\n<p style=\"text-align: justify;\">De nouvelles t\u00eates font leurs apparitions. Comme annonc\u00e9 par Sud-Ouest, le nouveau pr\u00e9parateur physique, Th\u00e9o Freulard, est pr\u00e9sent. Soufiane Bahassa est en r\u00e9athl\u00e9tisation au c\u00f4t\u00e9 du kin\u00e9, David Das Neves.<\/p>\n<p>\u00a0<\/p>\n<p>\u00a0<\/p>\n<p><strong>17 joueurs, dont un gardien, composent le groupe<\/strong><\/p>\n<p style=\"text-align: justify;\">Les nouvelles recrues touchent leurs premiers ballons de la saison. Des joueurs du groupe R\u00e9gional 1 sont venus renforcer l&rsquo;effectif de Bruno Irl\u00e8s.<\/p>\n<p style=\"text-align: justify;\">Les 17 joueurs qui composent le groupe sont les suivants, selon notre observation :<\/p>\n<p style=\"text-align: justify;\"><strong>Gardien<\/strong> : Lecroart<br \/><strong>D\u00e9fense<\/strong> : Grillot, Vandenabeele, Trichard<br \/><strong>Milieu<\/strong> : Ba, Ram\u00e9 (R1), Odru, Sahibeddine (R1), Godspower (R1), Openda<br \/><strong>Attaque<\/strong> : Villette, Etonde, <a href=\"https:\/\/www.webgirondins.com\/actualite-mercato-girondins-steve-shamal-officiellement-bordelais-129655\" target=\"_blank\" rel=\"noopener\">Shamal<\/a>, Rizaldos (R1), Muteba Ntumba (R1)<\/p>\n<p><strong>Les absents sont nombreux<\/strong><\/p>\n<p style=\"text-align: justify;\">C\u00e9dric Yamb\u00e9r\u00e9 et Yanis Merdji sont mis \u00e0 l&rsquo;\u00e9cart et reprendront avec l&rsquo;\u00e9quipe de R\u00e9gional 1. Mutyaba, Diallo et Beugr\u00e9 sont aussi absents, car le club ne compte pas sur eux. Ces 5 joueurs sont sous contrat. Le gardien de but Lassana Diabat\u00e9 n&rsquo;a pas \u00e9t\u00e9 aper\u00e7u sur le terrain. \u00c0 noter, que le staff n&rsquo;a pas d&rsquo;entra\u00eeneur des gardiens de but.<\/p>\n<p><strong>Du jeu et du ballon<\/strong><\/p>\n<p style=\"text-align: justify;\">Apr\u00e8s un d\u00e9but de s\u00e9ance dirig\u00e9 par le nouveau pr\u00e9parateur physique, Bruno Irl\u00e8s prend les choses en main et donne ses premi\u00e8res consignes. Au programme, jeu de possession et de conservations sur de demi-terrain.<\/p>\n<p style=\"text-align: justify;\"><a href=\"https:\/\/www.webgirondins.com\/actualite-mercato-girondins-guillaume-odru-officiellement-bordelais-129654\" target=\"_blank\" rel=\"noopener\">Guillaume Odru<\/a>, le nouveau milieu de terrain, fait bonne impression. Pendant la s\u00e9ance, il n\u2019h\u00e9site pas \u00e0 montrer toute sa palette technique. L\u2019intensit\u00e9 monte en gamme au fur et \u00e0 mesure de l\u2019entra\u00eenement. L\u2019ambiance est d\u00e9contract\u00e9e entre les membres du sta\ufb00 et la direction bordelaise, c\u2019est sous les yeux de Karim Saada et John Williams que le premier entra\u00eenement se termine apr\u00e8s une grosse heure de s\u00e9ance.<\/p>\n<p style=\"text-align: justify;\">Contribution de Daabour Habib, socio de WebGirondins, avec N.P<\/p>\n<p>John Williams, directeur sportif, accompagn\u00e9 devant lui par Karim Saada le coordinateur sportif :\u00a0<\/p>\n<p style=\"text-align: justify;\"><img decoding=\"async\" src=\"https:\/\/www.europesays.com\/fr\/wp-content\/uploads\/2025\/07\/IMG_4690.jpg\" alt=\"IMG_4690.jpg (1.83 MB)\" style=\"width:700px;max-width:100%;\"\/><\/p>\n<p style=\"text-align: justify;\">\u00c0 lire &gt;&gt; <strong><a href=\"https:\/\/www.webgirondins.com\/actualite-mercato-girondins-nassim-ranem-quitte-bordeaux-lassana-diabate-vers-une-prolongation-129652\" target=\"_blank\" rel=\"noopener\">Nassim Ranem quitte Bordeaux, Lassana Diabat\u00e9 vers une prolongation<\/a><\/strong><\/p>\n","protected":false},"excerpt":{"rendered":"\u00a9 Iconsport Les supporters Marine et Blanc tr\u00e9pignaient d\u2019impatience en attendant la reprise du club au scapulaire. Ils&hellip;\n","protected":false},"author":2,"featured_media":233696,"comment_status":"","ping_status":"","sticky":false,"template":"","format":"standard","meta":{"footnotes":""},"categories":[2817],"tags":[1111,11,3396,1997,9637,1777,674,1011,27,1987,6776,4059,4432,2868,9865,12,2219,6775,471,14174,28313,9834,25,60],"class_list":{"0":"post-233695","1":"post","2":"type-post","3":"status-publish","4":"format-standard","5":"has-post-thumbnail","7":"category-bordeaux","8":"tag-actu","9":"tag-actualites","10":"tag-avec","11":"tag-bordeaux","12":"tag-classes","13":"tag-eu","14":"tag-europe","15":"tag-fr","16":"tag-france","17":"tag-girondins","18":"tag-haillan","19":"tag-joueurs","20":"tag-jour","21":"tag-juillet","22":"tag-lundi","23":"tag-news","24":"tag-nouvelle-aquitaine","25":"tag-plaine","26":"tag-pour","27":"tag-recrues","28":"tag-rentree","29":"tag-reprise","30":"tag-republique-francaise","31":"tag-sports"},"share_on_mastodon":{"url":"https:\/\/pubeurope.com\/@fr\/114814428401226216","error":""},"_links":{"self":[{"href":"https:\/\/www.europesays.com\/fr\/wp-json\/wp\/v2\/posts\/233695","targetHints":{"allow":["GET"]}}],"collection":[{"href":"https:\/\/www.europesays.com\/fr\/wp-json\/wp\/v2\/posts"}],"about":[{"href":"https:\/\/www.europesays.com\/fr\/wp-json\/wp\/v2\/types\/post"}],"author":[{"embeddable":true,"href":"https:\/\/www.europesays.com\/fr\/wp-json\/wp\/v2\/users\/2"}],"replies":[{"embeddable":true,"href":"https:\/\/www.europesays.com\/fr\/wp-json\/wp\/v2\/comments?post=233695"}],"version-history":[{"count":0,"href":"https:\/\/www.europesays.com\/fr\/wp-json\/wp\/v2\/posts\/233695\/revisions"}],"wp:featuredmedia":[{"embeddable":true,"href":"https:\/\/www.europesays.com\/fr\/wp-json\/wp\/v2\/media\/233696"}],"wp:attachment":[{"href":"https:\/\/www.europesays.com\/fr\/wp-json\/wp\/v2\/media?parent=233695"}],"wp:term":[{"taxonomy":"category","embeddable":true,"href":"https:\/\/www.europesays.com\/fr\/wp-json\/wp\/v2\/categories?post=233695"},{"taxonomy":"post_tag","embeddable":true,"href":"https:\/\/www.europesays.com\/fr\/wp-json\/wp\/v2\/tags?post=233695"}],"curies":[{"name":"wp","href":"https:\/\/api.w.org\/{rel}","templated":true}]}}