{"id":23370,"date":"2025-04-14T00:43:07","date_gmt":"2025-04-14T00:43:07","guid":{"rendered":"https:\/\/www.europesays.com\/fr\/23370\/"},"modified":"2025-04-14T00:43:07","modified_gmt":"2025-04-14T00:43:07","slug":"meghan-markle-sa-confiture-a-12-euros-elle-a-un-gout-de-nourriture-pour-bebe-visqueuse","status":"publish","type":"post","link":"https:\/\/www.europesays.com\/fr\/23370\/","title":{"rendered":"Meghan Markle : sa confiture \u00e0 12 euros ? \u201cElle a un go\u00fbt de nourriture pour b\u00e9b\u00e9 visqueuse\u201d"},"content":{"rendered":"<p>Le d\u00e9but de l\u2019ann\u00e9e 2025 a \u00e9t\u00e9 synonyme de nouveaut\u00e9 pour la<br \/>\nduchesse de Sussex. En plus de ses sorties aux c\u00f4t\u00e9s du prince<br \/>\nHarry, elle s\u2019est pleinement consacr\u00e9e \u00e0 ses passions et \u00e0 sa<br \/>\ncarri\u00e8re. Le 4 mars dernier, apr\u00e8s plusieurs mois d\u2019attente, sa<br \/>\ns\u00e9rie \u201cWith love Meghan\u201d a enfin \u00e9t\u00e9 diffus\u00e9e sur Netflix. Une<br \/>\ns\u00e9rie qui s\u2019adresse \u00e0 tous les fans de la duchesse, mais \u00e9galement<br \/>\naux passionn\u00e9s de cuisine. En effet, il s\u2019agit d\u2019une \u00e9mission<br \/>\nculinaire, dans laquelle Meghan Markle re\u00e7oit ses amis et elle<br \/>\npartage des astuces lifestyle, dont des recettes.<\/p>\n<p>En parall\u00e8le de sa s\u00e9rie, et toujours en lien avec sa passion<br \/>\npour la gastronomie, <strong>la maman d\u2019Archie et Lilibeth<\/strong><br \/>\na d\u00e9voil\u00e9 des <a href=\"https:\/\/www.closermag.fr\/royautes\/meghan-markle-un-premier-apercu-de-sa-gamme-de-produits-culinaires-devoile-et-elle-na-rien-revolutionne-3531791\" rel=\"nofollow noopener\" target=\"_blank\"><br \/>\nnouveaux produits de sa marque, As ever<\/a>. Parmi les nouveaut\u00e9s<br \/>\nprintemps, se trouve <a href=\"https:\/\/www.closermag.fr\/royautes\/meghan-markle-sa-confiture-hors-de-prix-mais-ce-nest-pas-anormal-selon-une-nutritionniste-3535118\" rel=\"nofollow noopener\" target=\"_blank\"><br \/>\nune confiture, vendue 12 euros.<\/a> Et contre toute attente, elle<br \/>\nne rencontre pas vraiment le succ\u00e8s esp\u00e9r\u00e9.<\/p>\n<p>\u201cJ\u2019ai \u00e9t\u00e9 rebut\u00e9 par la texture\u201d<\/p>\n<p>C\u2019est un bad buzz pour Meghan Markle. La duchesse de Sussex fait<br \/>\nen effet face aux critiques suite \u00e0 la mise en vente de sa<br \/>\nconfiture de framboises. Que ce soit le prix, le go\u00fbt ou la<br \/>\ntexture, tous les voyants semblent au rouge concernant ce produit.<br \/>\nSi de mani\u00e8re g\u00e9n\u00e9rale, les avis concernant ses choix de vie<br \/>\ndivergent, ici, tout le monde semble unanime. 12 membres de la<br \/>\nr\u00e9daction de <a href=\"https:\/\/www.thesun.co.uk\/royals\/34424010\/meghan-markle-jam-slammed-favourite\/\" rel=\"nofollow noopener\" target=\"_blank\">The Sun<\/a> ont go\u00fbt\u00e9 sa cr\u00e9ation. Et la<br \/>\nr\u00e9daction n\u2019a pas \u00e9t\u00e9 cl\u00e9mente.<\/p>\n<p>\u201c<strong>J\u00a0\u00bbai \u00e9t\u00e9 rebut\u00e9e par la texture. C&rsquo;est<br \/>\nvisqueux,<\/strong> un peu comme de la nourriture pour b\u00e9b\u00e9.<br \/>\nG\u00e9n\u00e9reusement, de la pur\u00e9e de framboises\u201d, d\u00e9clare une<br \/>\npersonne. Une autre en a profit\u00e9 pour \u00e9mettre une critique g\u00e9n\u00e9rale<br \/>\nconcernant Meghan Markle : \u201cJe dirais que non seulement Bonne<br \/>\nMaman est bien sup\u00e9rieure, mais Smuckers aussi. Tr\u00e8s d\u00e9cevant. Je<br \/>\npensais qu&rsquo;elle serait meilleure pour faire de la confiture que<br \/>\npour produire du contenu de podcast, mais non\u201d. Pourtant, son<br \/>\nc\u00f4t\u00e9 liquide et sucr\u00e9e a trouv\u00e9 quelques rares adeptes :<br \/>\n\u201cExiste-t-il une mauvaise confiture de framboises ?<br \/>\n<strong>J&rsquo;aime son c\u00f4t\u00e9 liquide<\/strong>\u201d.<\/p>\n<p>Quels sont les autres produits de As<br \/>\nEver, la marque de Meghan Markle ?<\/p>\n<p>Si la confiture \u00e0 12 euros de la duchesse de Sussex rencontre un<br \/>\nflop, <a href=\"https:\/\/www.closermag.fr\/royautes\/meghan-markle-enorme-couac-pour-la-duchesse-elle-est-obligee-de-sortir-les-rames-pour-eviter-une-debandade-3535241\" rel=\"nofollow noopener\" target=\"_blank\">les autres produits de sa marque<\/a> se sont \u00e0 priori tr\u00e8s<br \/>\nbien vendus. Ils se sont notamment tourn\u00e9s vers ses bo\u00eetes de th\u00e9s<br \/>\nvendues environ 10 euros, au citron, \u00e0 la menthe, ou encore \u00e0<br \/>\nl\u2019hibiscus.<\/p>\n<p>Gr\u00e2ce \u00e0 sa marque, cr\u00e9e en partenariat avec la plateforme de<br \/>\nstreaming, elle a aussi vendu des objets de d\u00e9coration.<\/p>\n","protected":false},"excerpt":{"rendered":"Le d\u00e9but de l\u2019ann\u00e9e 2025 a \u00e9t\u00e9 synonyme de nouveaut\u00e9 pour la duchesse de Sussex. En plus de&hellip;\n","protected":false},"author":2,"featured_media":22010,"comment_status":"","ping_status":"","sticky":false,"template":"","format":"standard","meta":{"footnotes":""},"categories":[1359],"tags":[548,58,59,1011,27,908,973],"class_list":{"0":"post-23370","1":"post","2":"type-post","3":"status-publish","4":"format-standard","5":"has-post-thumbnail","7":"category-people","8":"tag-article-simple","9":"tag-divertissement","10":"tag-entertainment","11":"tag-fr","12":"tag-france","13":"tag-meghan-markle","14":"tag-people"},"share_on_mastodon":{"url":"https:\/\/pubeurope.com\/@fr\/114333548714700978","error":""},"_links":{"self":[{"href":"https:\/\/www.europesays.com\/fr\/wp-json\/wp\/v2\/posts\/23370","targetHints":{"allow":["GET"]}}],"collection":[{"href":"https:\/\/www.europesays.com\/fr\/wp-json\/wp\/v2\/posts"}],"about":[{"href":"https:\/\/www.europesays.com\/fr\/wp-json\/wp\/v2\/types\/post"}],"author":[{"embeddable":true,"href":"https:\/\/www.europesays.com\/fr\/wp-json\/wp\/v2\/users\/2"}],"replies":[{"embeddable":true,"href":"https:\/\/www.europesays.com\/fr\/wp-json\/wp\/v2\/comments?post=23370"}],"version-history":[{"count":0,"href":"https:\/\/www.europesays.com\/fr\/wp-json\/wp\/v2\/posts\/23370\/revisions"}],"wp:featuredmedia":[{"embeddable":true,"href":"https:\/\/www.europesays.com\/fr\/wp-json\/wp\/v2\/media\/22010"}],"wp:attachment":[{"href":"https:\/\/www.europesays.com\/fr\/wp-json\/wp\/v2\/media?parent=23370"}],"wp:term":[{"taxonomy":"category","embeddable":true,"href":"https:\/\/www.europesays.com\/fr\/wp-json\/wp\/v2\/categories?post=23370"},{"taxonomy":"post_tag","embeddable":true,"href":"https:\/\/www.europesays.com\/fr\/wp-json\/wp\/v2\/tags?post=23370"}],"curies":[{"name":"wp","href":"https:\/\/api.w.org\/{rel}","templated":true}]}}