{"id":233706,"date":"2025-07-07T23:04:10","date_gmt":"2025-07-07T23:04:10","guid":{"rendered":"https:\/\/www.europesays.com\/fr\/233706\/"},"modified":"2025-07-07T23:04:10","modified_gmt":"2025-07-07T23:04:10","slug":"previsions-du-mardi-8-juillet-2025","status":"publish","type":"post","link":"https:\/\/www.europesays.com\/fr\/233706\/","title":{"rendered":"pr\u00e9visions du mardi 8 juillet 2025"},"content":{"rendered":"<p>\u00c0 Lyon, les valeurs seront de 13\u00b0C au minimum et de 23\u00b0C au plus haut la journ\u00e9e. Un vent de nord-ouest soufflera l\u00e9g\u00e8rement. Cette matin\u00e9e sera synonyme de grand soleil. Apr\u00e8s un rapide passage nuageux, le temps va doucement s&rsquo;am\u00e9liorer dans l&rsquo;apr\u00e8s-midi et laisser place \u00e0 des \u00e9claircies. Les temp\u00e9ratures s&rsquo;\u00e9chelonneront entre 21 et 23\u00b0C. Durant la nuit de mardi \u00e0 mercredi, le ciel sera d\u00e9pourvu de nuages.<\/p>\n<p>Demain, les Lyonnais vont pouvoir b\u00e9n\u00e9ficier d&rsquo;un soleil magnifique. On pr\u00e9voit des valeurs avoisinant 18\u00b0C. Un vent de nord rafra\u00eechira un peu l&rsquo;atmosph\u00e8re. Une m\u00e9t\u00e9o plus chaude est pr\u00e9vue demain apr\u00e8s-midi \u00e9tant donn\u00e9 que les temp\u00e9ratures vont enregistrer une augmentation. Les valeurs seront comprises entre 24 et 26\u00b0C.<\/p>\n<p>Peu d&rsquo;\u00e9volutions au fil des jours. Il fera 30\u00b0C en moyenne pour des journ\u00e9es avec une m\u00e9t\u00e9o ensoleill\u00e9e.<\/p>\n<p><\/p>\n","protected":false},"excerpt":{"rendered":"\u00c0 Lyon, les valeurs seront de 13\u00b0C au minimum et de 23\u00b0C au plus haut la journ\u00e9e. Un&hellip;\n","protected":false},"author":2,"featured_media":233707,"comment_status":"","ping_status":"","sticky":false,"template":"","format":"standard","meta":{"footnotes":""},"categories":[1889],"tags":[1111,11,2430,1777,674,1011,27,2428,12,2119,25,2429,2431],"class_list":{"0":"post-233706","1":"post","2":"type-post","3":"status-publish","4":"format-standard","5":"has-post-thumbnail","7":"category-lyon","8":"tag-actu","9":"tag-actualites","10":"tag-auvergne-rhone-alpes","11":"tag-eu","12":"tag-europe","13":"tag-fr","14":"tag-france","15":"tag-lyon","16":"tag-news","17":"tag-previsions-meteo","18":"tag-republique-francaise","19":"tag-rhone","20":"tag-rhone-alpes"},"share_on_mastodon":{"url":"https:\/\/pubeurope.com\/@fr\/114814456070520596","error":""},"_links":{"self":[{"href":"https:\/\/www.europesays.com\/fr\/wp-json\/wp\/v2\/posts\/233706","targetHints":{"allow":["GET"]}}],"collection":[{"href":"https:\/\/www.europesays.com\/fr\/wp-json\/wp\/v2\/posts"}],"about":[{"href":"https:\/\/www.europesays.com\/fr\/wp-json\/wp\/v2\/types\/post"}],"author":[{"embeddable":true,"href":"https:\/\/www.europesays.com\/fr\/wp-json\/wp\/v2\/users\/2"}],"replies":[{"embeddable":true,"href":"https:\/\/www.europesays.com\/fr\/wp-json\/wp\/v2\/comments?post=233706"}],"version-history":[{"count":0,"href":"https:\/\/www.europesays.com\/fr\/wp-json\/wp\/v2\/posts\/233706\/revisions"}],"wp:featuredmedia":[{"embeddable":true,"href":"https:\/\/www.europesays.com\/fr\/wp-json\/wp\/v2\/media\/233707"}],"wp:attachment":[{"href":"https:\/\/www.europesays.com\/fr\/wp-json\/wp\/v2\/media?parent=233706"}],"wp:term":[{"taxonomy":"category","embeddable":true,"href":"https:\/\/www.europesays.com\/fr\/wp-json\/wp\/v2\/categories?post=233706"},{"taxonomy":"post_tag","embeddable":true,"href":"https:\/\/www.europesays.com\/fr\/wp-json\/wp\/v2\/tags?post=233706"}],"curies":[{"name":"wp","href":"https:\/\/api.w.org\/{rel}","templated":true}]}}