{"id":233716,"date":"2025-07-07T23:09:23","date_gmt":"2025-07-07T23:09:23","guid":{"rendered":"https:\/\/www.europesays.com\/fr\/233716\/"},"modified":"2025-07-07T23:09:23","modified_gmt":"2025-07-07T23:09:23","slug":"louer-un-20-m%c2%b2-pour-moins-de-300-e-par-mois-a-paris-cest-encore-possible","status":"publish","type":"post","link":"https:\/\/www.europesays.com\/fr\/233716\/","title":{"rendered":"louer un 20 m\u00b2 pour moins de 300 \u20ac par mois \u00e0 Paris, c\u2019est encore possible"},"content":{"rendered":"<p>Gr\u00e2ce \u00e0 la loi de 1948, il est encore possible de louer un appartement \u00e0 bas co\u00fbt \u00e0 Paris et dans plusieurs grandes villes de France. D\u2019autant que, pour ce type de logement, la hausse des loyers est plafonn\u00e9e \u00e0 1,40 % depuis le 1er juillet 2025.<\/p>\n<p class=\"fig-paragraph\">Entr\u00e9e en vigueur afin de pallier la crise du logement provoqu\u00e9e par la seconde Guerre mondiale, la\u00a0<a href=\"https:\/\/www.legifrance.gouv.fr\/loda\/id\/JORFTEXT000000879802\/\" target=\"_blank\" rel=\"nofollow noopener\" data-gtm-custom-categorie=\"navigation\" data-gtm-custom-action=\"crossclick\" data-gtm-custom-label=\"Contextuel\" data-gtm-event=\"customEventSPE\">loi de 1948<\/a>\u00a0offre un statut tr\u00e8s avantageux aux locataires, avec de faibles loyers et un droit de maintien dans les lieux au terme du bail.<\/p>\n<p class=\"fig-paragraph\">Toutefois, depuis la loi du 23 d\u00e9cembre 1986, seuls les locataires entr\u00e9s dans les lieux avant cette date continuer de b\u00e9n\u00e9ficier, sous certaines conditions, du r\u00e9gime de 1948. D\u00e9sormais, les logements soumis \u00e0 ce statut se trouvent dans des villes de plus de 100 000 habitants de l\u2019agglom\u00e9ration parisienne, o\u00f9 le march\u00e9 est le plus tendu.<\/p>\n<p>                                    <a class=\"fig-a11y-skip a11y-hidden\" href=\"#fig-a11y-skip-main-inarticle\"><br \/>\n        Passer la publicit\u00e9<br \/>\n    <\/a><\/p>\n<p>Une hausse plafonn\u00e9e \u00e0 1,40 % en juillet 2025<\/p>\n<p class=\"fig-paragraph\">Les propri\u00e9taires de logements soumis \u00e0 la loi de 1948 peuvent relever le montant des loyers r\u00e9clam\u00e9s aux locataires de 1,4 % pour les locaux des cat\u00e9gories IIA, IIB, IIC, IIIA et IIIB. Cette hausse s\u2019applique \u00e0 partir du 1er juillet 2025. Elle est identique au taux de revalorisation pr\u00e9vu pour les baux d\u2019habitation classiques index\u00e9s sur l\u2019<a href=\"http:\/\/leparticulier.lefigaro.fr\/jcms\/c_112149\/location\/location-de-combien-les-proprietaires-peuvent-ils-augmenter-les-loyers-entre-avril-et-juillet-2025-20250416\" data-fig-type=\"Article\" data-gtm-custom-categorie=\"navigation\" data-gtm-custom-action=\"crossclick\" data-gtm-custom-label=\"Contextuel\" data-gtm-event=\"customEventSPE\" data-fig-domain=\"LEPARTICULIER\" target=\"_blank\" rel=\"noopener\">IRL<\/a>\u00a0(Indice de r\u00e9f\u00e9rence des loyers) au premier trimestre 2025. Les loyers des locaux de la cat\u00e9gorie IV, en revanche, ne subissent aucune majoration.\u00a0<\/p>\n<p>Attention, l\u2019application de cette hausse ne doit pas entra\u00eener un d\u00e9passement des prix de base de la valeur locative mensuelle des locaux.<\/p>\n<p>14 \u20ac\/m\u00b2 au maximum \u00e0 partir de juillet 2025<\/p>\n<p class=\"fig-paragraph\">Les nouvelles valeurs locatives mensuelles, applicables \u00e0 compter du 1er juillet 2025, sont indiqu\u00e9es dans le tableau ci-dessous\u00a0:<\/p>\n<tr><strong>Valeur locative mensuelle en euros<\/strong><\/tr>\n<tr><strong>Agglom\u00e9ration parisienne<\/strong><br \/><strong>Hors agglom\u00e9ration parisienne<\/strong><\/tr>\n<tr><strong>Prix de base de chacun<\/strong><br \/><strong>des dix premiers m\u00e8tres carr\u00e9s de surface corrig\u00e9e<\/strong><br \/><strong>Prix de base des m\u00e8tres<\/strong><br \/><strong>carr\u00e9s suivants<\/strong><br \/><strong>Prix de base de chacun<\/strong><br \/><strong>des dix premiers m\u00e8tres carr\u00e9s de surface corrig\u00e9e<\/strong><br \/><strong>Prix de base des m\u00e8tres<\/strong><br \/><strong>carr\u00e9s suivants<\/strong><\/tr>\n<tr><strong>IIA<\/strong><br \/><strong>II B<\/strong><br \/><strong>II C<\/strong><br \/><strong>III A<\/strong><br \/><strong>III B<\/strong><br \/><strong>IV<\/strong><br \/><strong>14<\/strong><br \/><strong>9,62<\/strong><br \/><strong>7,38<\/strong><br \/><strong>4,46<\/strong><br \/><strong>2,64<\/strong><br \/><strong>0,26<\/strong><br \/><strong>8,31<\/strong><br \/><strong>5,16<\/strong><br \/><strong>3,90<\/strong><br \/><strong>2,36<\/strong><br \/><strong>1,37<\/strong><br \/><strong>0,12<\/strong><br \/><strong>11,43<\/strong><br \/><strong>7,88<\/strong><br \/><strong>6,01<\/strong><br \/><strong>3,65<\/strong><br \/><strong>2,17<\/strong><br \/><strong>0,26<\/strong><\/tr>\n<p>Des conditions d\u2019acc\u00e8s tr\u00e8s strictes<\/p>\n<p class=\"fig-paragraph\">Certaines conditions doivent \u00eatre r\u00e9unies pour qu\u2019un bail soit encore soumis au r\u00e9gime de 1948. Seuls les logements situ\u00e9s dans certaines communes, g\u00e9n\u00e9ralement de plus de 10 000 habitants, sont concern\u00e9s. Ils doivent avoir \u00e9t\u00e9 construits avant le 1er septembre 1948 et le locataire doit \u00eatre entr\u00e9 dans les lieux avant le 23 d\u00e9cembre 1986.\u00a0<\/p>\n<p>Le locataire et ses proches b\u00e9n\u00e9ficient n\u00e9anmoins d\u2019un droit au maintien dans les lieux. Il concerne le locataire \u00e0 l\u2019expiration du bail s\u2019il s\u2019agit de sa r\u00e9sidence principale. En cas d\u2019abandon de domicile ou de d\u00e9c\u00e8s de l\u2019occupant, ce droit est \u00e9galement accord\u00e9 au conjoint, au partenaire pacs\u00e9 de plus d\u2019un an, aux personnes handicap\u00e9es et aux enfants mineurs jusqu\u2019\u00e0 leur majorit\u00e9.<\/p>\n<p>Liste des communes o\u00f9 les baux de 1948 sont applicables<\/p>\n<p class=\"fig-paragraph\">La liste des villes situ\u00e9es dans le p\u00e9rim\u00e8tre des baux de 1948 comprend la ville de Paris et l\u2019ensemble des communes des d\u00e9partements des Hauts-de-Seine, de la Seine-Saint-Denis et du Val-de-Marne.<\/p>\n<ul class=\"fig-list\">\n<li><strong>Dans le d\u00e9partement de Seine-et-Marne, les communes suivantes\u00a0:<\/strong><\/li>\n<\/ul>\n<p class=\"fig-paragraph\">Boissettes, Boissise-le-Roi, Brou-sur-Chantereine, Bussy-Saint-Georges, Bussy-Saint-Martin, Carnetin, Cesson, Chalifert, Champs-sur-Marne, Chanteloup-en-Brie, Chelles, Chessy, Coll\u00e9gien, Combs-la-Ville, Conches-sur-Gondoire, Courtry, Croissy-Beaubourg, Dammarie-les-Lys, Dampmart, \u00c9merainville, Gouvernes, Guermantes, Lagny-sur-Marne, L\u00e9signy, Livry-sur-Seine, Lognes, Le M\u00e9e-sur-Seine, Melun, Mitry-Mory, Mont\u00e9vrain, Nandy, Noisiel, Pomponne, Pontault-Combault, Pringy, La Rochette, Roissy-en-Brie, Rubelles, Saint-Fargeau-Ponthierry, Saint-Thibault-des-Vignes, Savigny-le-Temple, Servon, Thorigny-sur-Marne, Torcy, Vaires-sur-Marne, Vaux-le-P\u00e9nil, Vert-Saint-Denis, Villeparisis.<\/p>\n<ul class=\"fig-list\">\n<li><strong>Dans le d\u00e9partement des Yvelines, les communes suivantes\u00a0:<\/strong><\/li>\n<\/ul>\n<p>                                    <a class=\"fig-a11y-skip a11y-hidden\" href=\"#fig-a11y-skip-main-inarticle_mtf\"><br \/>\n        Passer la publicit\u00e9<br \/>\n    <\/a><\/p>\n<p class=\"fig-paragraph\">Ach\u00e8res, Aigremont, Andr\u00e9sy, Bazoches-sur-Guyonne, Bois-d\u2019Arcy, Bougival, Buc, Buchelay, Carri\u00e8res-sous-Poissy, Carri\u00e8res-sur-Seine, La Celle-Saint-Cloud, Chambourcy, Chanteloup-les-Vignes, Chapet, Chatou, Le Chesnay, Chevreuse, Les Clayes-sous-Bois, Coigni\u00e8res, Conflans-Sainte-Honorine, Croissy-sur-Seine, \u00c9lancourt, L\u2019Etang-la-Ville, \u00c9vecquemont, Follainville-Dennemont, Fontenay-le-Fleury, Fourqueux, Gaillon-sur-Montcient, Gargenville, Guyancourt, Hardricourt, Houilles, Issou, Jouars-Pontchartrain, Jouy-en-Josas, Juziers, Limay, Les Loges-en-Josas, Louveciennes, Magnanville, Magny-les-Hameaux, Maisons-Laffitte, Mantes-la-Jolie, Mantes-la-Ville, Mareil-Marly, Marly-le-Roi, Maurecourt, Maurepas, M\u00e9dan, Le Mesnil-le-Roi, Le Mesnil-Saint-Denis, Meulan, M\u00e9zy-sur-Seine, Montesson, Montigny-le-Bretonneux, Les Mureaux, Neauphle-le-Ch\u00e2teau, Neauphle-le-Vieux, Orgeval, Le Pecq, Plaisir, Poissy, Porcheville, Le Port-Marly, Rocquencourt, Saint-Cyr-l\u2019\u00c9cole, Saint-Germain-en-Laye, Saint-R\u00e9my-l\u00e8s-Chevreuse, Saint-R\u00e9my-l\u2019Honor\u00e9, Sartrouville, Trappes, Le Tremblay-sur-Mauldre, Triel-sur-Seine, Vaux-sur-Seine, V\u00e9lizy-Villacoublay, Verneuil-sur-Seine, Vernouillet, La Verri\u00e8re, Versailles, Le V\u00e9sinet, Villennes-sur-Seine, Villepreux, Villiers-Saint-Fr\u00e9d\u00e9ric, Viroflay, Voisins-le-Bretonneux.<\/p>\n<ul class=\"fig-list\">\n<li><strong>Dans le d\u00e9partement de l\u2019Essonne, les communes suivantes\u00a0:<\/strong><\/li>\n<\/ul>\n<p class=\"fig-paragraph\">Arpajon, Athis-Mons, Ballainvilliers, Bi\u00e8vres, Boissy-sous-Saint-Yon, Bondoufle, Boussy-Saint-Antoine, Br\u00e9tigny-sur-Orge, Breuillet, Breux-Jouy, Brunoy, Bruy\u00e8res-le-Ch\u00e2tel, Bures-sur-Yvette, Champlan, Chilly-Mazarin, Corbeil-Essonnes, Le Coudray-Montceaux, Courcouronnes, Crosne, Draveil, \u00c9gly, \u00c9pinay-sous-S\u00e9nart, \u00c9pinay-sur-Orge, \u00c9tiolles, \u00c9vry, Fleury-M\u00e9rogis, Fontenay-le-Vicomte, Gif-sur-Yvette, Gometz-le-Ch\u00e2tel, Grigny, Igny, Juvisy-sur-Orge, Leuville-sur-Orge, Linas, Lisses, Longjumeau, Longpont-sur-Orge, Marcoussis, Massy, Mennecy, Montgeron, Montlh\u00e9ry, Morangis, Morsang-sur-Orge, Morsang-sur-Seine, La Norville, Ollainville, Ormoy, Orsay, Palaiseau, Paray-Vieille-Poste, Le Plessis-P\u00e2t\u00e9, Quincy-sous-S\u00e9nart, Ris-Orangis, Saclay, Sainte-Genevi\u00e8ve-des-Bois, Saint-Germain-l\u00e8s-Arpajon, Saint-Germain-l\u00e8s-Corbeil, Saint-Michel-sur-Orge, Saint-Pierre-du-Perray, Saintry-sur-Seine, Saint-Yon, Saulx-les-Chartreux, Savigny-sur-Orge, Soisy-sur-Seine, Varennes-Jarcy, Vauhallan, Verri\u00e8res-le-Buisson, Vigneux-sur-Seine, Villab\u00e9, Villebon-sur-Yvette, La Ville-du-Bois, Villemoisson-sur-Orge, Villiers-sur-Orge, Viry-Ch\u00e2tillon, Wissous, Yerres, Les Ulis.<\/p>\n<ul class=\"fig-list\">\n<li><strong>Dans le d\u00e9partement du Val-d\u2019Oise, les communes suivantes\u00a0:<\/strong><\/li>\n<\/ul>\n<p class=\"fig-paragraph\">Andilly, Argenteuil, Arnouville-l\u00e8s-Gonesse, Auvers-sur-Oise, Beauchamp, Bessancourt, Bezons, Bonneuil-en-France, Bouff\u00e9mont, Butry-sur-Oise, Cergy, Champagne-sur-Oise, Cormeilles-en-Parisis, Courdimanche, Deuil-la-Barre, Domont, Eaubonne, \u00c9couen, Enghien-les-Bains, \u00c9ragny, Ermont, \u00c9zanville, Franconville, Fr\u00e9pillon, La Frette-sur-Seine, Garges-l\u00e8s-Gonesse, Gonesse, Groslay, Herblay, L\u2019Isle-Adam, Jouy-le-Moutier, Margency, M\u00e9riel, M\u00e9ry-sur-Oise, Montigny-l\u00e8s-Cormeilles, Montlignon, Montmagny, Montmorency, Nesles-la-Vall\u00e9e, Neuville-sur-Oise, Osny, Parmain, Pierrelaye, Piscop, Le Plessis-Bouchard, Pontoise, Puiseux-Pontoise, Roissy-en-France, Saint-Brice-sous-For\u00eat, Saint-Gratien, Saint-Leu-la-For\u00eat, Saint-Ouen-l\u2019Aum\u00f4ne, Saint-Prix, Sannois, Sarcelles, Soisy-sous-Montmorency, Taverny, Valmondois, Vaur\u00e9al, Villiers-Adam, Villiers-le-Bel.<\/p>\n","protected":false},"excerpt":{"rendered":"Gr\u00e2ce \u00e0 la loi de 1948, il est encore possible de louer un appartement \u00e0 bas co\u00fbt \u00e0&hellip;\n","protected":false},"author":2,"featured_media":233717,"comment_status":"","ping_status":"","sticky":false,"template":"","format":"standard","meta":{"footnotes":""},"categories":[1888],"tags":[1111,1928,11,1927,1777,674,1011,27,10284,22348,12,1926,626,1925,25],"class_list":{"0":"post-233716","1":"post","2":"type-post","3":"status-publish","4":"format-standard","5":"has-post-thumbnail","7":"category-paris","8":"tag-actu","9":"tag-actu-paris","10":"tag-actualites","11":"tag-actualites-paris","12":"tag-eu","13":"tag-europe","14":"tag-fr","15":"tag-france","16":"tag-location","17":"tag-loyers","18":"tag-news","19":"tag-news-paris","20":"tag-paris","21":"tag-paris-news","22":"tag-republique-francaise"},"share_on_mastodon":{"url":"https:\/\/pubeurope.com\/@fr\/114814475530486400","error":""},"_links":{"self":[{"href":"https:\/\/www.europesays.com\/fr\/wp-json\/wp\/v2\/posts\/233716","targetHints":{"allow":["GET"]}}],"collection":[{"href":"https:\/\/www.europesays.com\/fr\/wp-json\/wp\/v2\/posts"}],"about":[{"href":"https:\/\/www.europesays.com\/fr\/wp-json\/wp\/v2\/types\/post"}],"author":[{"embeddable":true,"href":"https:\/\/www.europesays.com\/fr\/wp-json\/wp\/v2\/users\/2"}],"replies":[{"embeddable":true,"href":"https:\/\/www.europesays.com\/fr\/wp-json\/wp\/v2\/comments?post=233716"}],"version-history":[{"count":0,"href":"https:\/\/www.europesays.com\/fr\/wp-json\/wp\/v2\/posts\/233716\/revisions"}],"wp:featuredmedia":[{"embeddable":true,"href":"https:\/\/www.europesays.com\/fr\/wp-json\/wp\/v2\/media\/233717"}],"wp:attachment":[{"href":"https:\/\/www.europesays.com\/fr\/wp-json\/wp\/v2\/media?parent=233716"}],"wp:term":[{"taxonomy":"category","embeddable":true,"href":"https:\/\/www.europesays.com\/fr\/wp-json\/wp\/v2\/categories?post=233716"},{"taxonomy":"post_tag","embeddable":true,"href":"https:\/\/www.europesays.com\/fr\/wp-json\/wp\/v2\/tags?post=233716"}],"curies":[{"name":"wp","href":"https:\/\/api.w.org\/{rel}","templated":true}]}}