{"id":233718,"date":"2025-07-07T23:10:09","date_gmt":"2025-07-07T23:10:09","guid":{"rendered":"https:\/\/www.europesays.com\/fr\/233718\/"},"modified":"2025-07-07T23:10:09","modified_gmt":"2025-07-07T23:10:09","slug":"previsions-du-mardi-8-juillet-2025-2","status":"publish","type":"post","link":"https:\/\/www.europesays.com\/fr\/233718\/","title":{"rendered":"pr\u00e9visions du mardi 8 juillet 2025"},"content":{"rendered":"<p>Le soleil se fera attendre aujourd&rsquo;hui sur Paris, o\u00f9 des nuages sont bien install\u00e9s. Les valeurs s&rsquo;\u00e9chelonneront entre 12\u00b0C et 21\u00b0C. Le matin, toujours des nuages dans le ciel qui emp\u00eachent le soleil de faire son apparition. Des pluies \u00e9parses sont pr\u00e9vues. Il va faire environ 17\u00b0C. Un vent de nord-ouest soufflera un peu, avec 17 km\/h. Le ciel sera assez lumineux, avec quelques \u00e9claircies l&rsquo;apr\u00e8s-midi. Les temp\u00e9ratures afficheront entre 18 et 21\u00b0C. Dans la soir\u00e9e, les temp\u00e9ratures tourneront autour des 18\u00b0C. Une nuit claire vous attendra entre mardi et mercredi.<\/p>\n<p>C&rsquo;est un soleil splendide qui va se montrer demain sur Paris. Un temps plus chaud est attendu \u00e9tant donn\u00e9 que les temp\u00e9ratures vont conna\u00eetre une augmentation. On pr\u00e9voit des valeurs d&rsquo;environ 19\u00b0C. Les temp\u00e9ratures avoisineront les 19\u00b0C dans la matin\u00e9e. Une petite brise de nord-ouest soufflera. Les temp\u00e9ratures vont grimper pendant l&rsquo;apr\u00e8s-midi de plusieurs degr\u00e9s. Les valeurs seront comprises entre 24 et 26\u00b0C. Un vent de nord-est soufflera l\u00e9g\u00e8rement dans la soir\u00e9e.<\/p>\n<p>Pour les jours suivants, la m\u00e9t\u00e9o ne bougera pas. On pr\u00e9voit des journ\u00e9es ensoleill\u00e9es, accompagn\u00e9es par des temp\u00e9ratures dans les 29\u00b0C en moyenne.<\/p>\n<p><\/p>\n","protected":false},"excerpt":{"rendered":"Le soleil se fera attendre aujourd&rsquo;hui sur Paris, o\u00f9 des nuages sont bien install\u00e9s. Les valeurs s&rsquo;\u00e9chelonneront entre&hellip;\n","protected":false},"author":2,"featured_media":233719,"comment_status":"","ping_status":"","sticky":false,"template":"","format":"standard","meta":{"footnotes":""},"categories":[1888],"tags":[11,1777,674,1011,27,662,12,626,2119,25],"class_list":{"0":"post-233718","1":"post","2":"type-post","3":"status-publish","4":"format-standard","5":"has-post-thumbnail","7":"category-paris","8":"tag-actualites","9":"tag-eu","10":"tag-europe","11":"tag-fr","12":"tag-france","13":"tag-ile-de-france","14":"tag-news","15":"tag-paris","16":"tag-previsions-meteo","17":"tag-republique-francaise"},"share_on_mastodon":{"url":"https:\/\/pubeurope.com\/@fr\/114814479478039601","error":""},"_links":{"self":[{"href":"https:\/\/www.europesays.com\/fr\/wp-json\/wp\/v2\/posts\/233718","targetHints":{"allow":["GET"]}}],"collection":[{"href":"https:\/\/www.europesays.com\/fr\/wp-json\/wp\/v2\/posts"}],"about":[{"href":"https:\/\/www.europesays.com\/fr\/wp-json\/wp\/v2\/types\/post"}],"author":[{"embeddable":true,"href":"https:\/\/www.europesays.com\/fr\/wp-json\/wp\/v2\/users\/2"}],"replies":[{"embeddable":true,"href":"https:\/\/www.europesays.com\/fr\/wp-json\/wp\/v2\/comments?post=233718"}],"version-history":[{"count":0,"href":"https:\/\/www.europesays.com\/fr\/wp-json\/wp\/v2\/posts\/233718\/revisions"}],"wp:featuredmedia":[{"embeddable":true,"href":"https:\/\/www.europesays.com\/fr\/wp-json\/wp\/v2\/media\/233719"}],"wp:attachment":[{"href":"https:\/\/www.europesays.com\/fr\/wp-json\/wp\/v2\/media?parent=233718"}],"wp:term":[{"taxonomy":"category","embeddable":true,"href":"https:\/\/www.europesays.com\/fr\/wp-json\/wp\/v2\/categories?post=233718"},{"taxonomy":"post_tag","embeddable":true,"href":"https:\/\/www.europesays.com\/fr\/wp-json\/wp\/v2\/tags?post=233718"}],"curies":[{"name":"wp","href":"https:\/\/api.w.org\/{rel}","templated":true}]}}