{"id":233722,"date":"2025-07-07T23:12:13","date_gmt":"2025-07-07T23:12:13","guid":{"rendered":"https:\/\/www.europesays.com\/fr\/233722\/"},"modified":"2025-07-07T23:12:13","modified_gmt":"2025-07-07T23:12:13","slug":"face-a-une-motion-de-censure-ursula-von-der-leyen-denonce-les-marionnettes-russes","status":"publish","type":"post","link":"https:\/\/www.europesays.com\/fr\/233722\/","title":{"rendered":"Face \u00e0 une motion de censure, Ursula von der Leyen d\u00e9nonce les \u00ab\u00a0marionnettes russes\u00a0\u00bb"},"content":{"rendered":"<p><img decoding=\"async\" class=\"c-ad__placeholder__logo\" src=\"https:\/\/static.euronews.com\/website\/images\/logos\/logo-euronews-grey-6-180x22.svg\" width=\"180\" height=\"22\" alt=\"\" loading=\"lazy\"\/>PUBLICIT\u00c9<\/p>\n<p>Ursula von der Leyen a d\u00e9fi\u00e9 lundi la motion de censure d\u00e9pos\u00e9e par la droite radicale du Parlement europ\u00e9en pour d\u00e9fendre sa pr\u00e9sidence, s&rsquo;engageant \u00e0 \u00ab\u00a0ne jamais laisser les extr\u00e9mistes r\u00e9\u00e9crire l&rsquo;histoire\u00a0\u00bb.<\/p>\n<p>\u00ab\u00a0Nous ne devons pas nous faire d&rsquo;illusions sur les menaces qui p\u00e8sent sur notre d\u00e9mocratie. Nous sommes entr\u00e9s dans une \u00e8re de lutte entre la d\u00e9mocratie et l&rsquo;illib\u00e9ralisme. Nous voyons la menace alarmante des partis extr\u00e9mistes qui veulent polariser nos soci\u00e9t\u00e9s par la d\u00e9sinformation\u00a0\u00bb, a d\u00e9clar\u00e9 le pr\u00e9sident de la Commission europ\u00e9enne \u00e0 Strasbourg.<\/p>\n<p>\u00ab\u00a0Rien ne prouve qu&rsquo;ils aient des r\u00e9ponses, mais il est amplement prouv\u00e9 que nombre d&rsquo;entre eux sont soutenus par nos ennemis et par leurs marionnettes en Russie ou ailleurs\u00a0\u00bb, a-t-elle poursuivi en d\u00e9signant les bancs o\u00f9 si\u00e8ge l&rsquo;extr\u00eame droite. \u00ab\u00a0Et il suffit de regarder certains des signataires de cette motion pour comprendre ce que je veux dire.<\/p>\n<p>Son intervention a \u00e9t\u00e9 marqu\u00e9e par des hu\u00e9es et des chahuts incessants, ce qui a incit\u00e9 la pr\u00e9sidente du Parlement europ\u00e9en, Roberta Metsola, \u00e0 \u00ab\u00a0cesser de l&rsquo;interrompre s&rsquo;il vous pla\u00eet\u00a0\u00bb.<\/p>\n<p>Mme Von der Leyen n&rsquo;a pas sembl\u00e9 troubl\u00e9e par les perturbations et a promis de continuer \u00e0 \u0153uvrer en faveur du \u00ab\u00a0compromis\u00a0\u00bb et de \u00ab\u00a0l&rsquo;unit\u00e9\u00a0\u00bb.<\/p>\n<p>Ce d\u00e9bat intervient alors que les signes de m\u00e9contentement et de frustration se multiplient au sein de la coalition centriste qui a soutenu la <a href=\"https:\/\/fr.euronews.com\/my-europe\/2024\/07\/18\/ursula-von-der-leyen-reelue-presidente-de-la-commission-europeenne-a-une-large-majorite\" rel=\"nofollow noopener\" target=\"_blank\"><strong>r\u00e9\u00e9lection<\/strong><\/a> de Mme von der Leyen pour un second mandat. Les socialistes et les lib\u00e9raux, qui se sont distanci\u00e9s de la motion, ont d\u00e9cri\u00e9 les efforts consid\u00e9rables d\u00e9ploy\u00e9s par Mme von der Leyen pour simplifier la r\u00e9glementation au d\u00e9triment du Green Deal.<\/p>\n<p>Mme von der Leyen a sembl\u00e9 reconna\u00eetre les lignes de fracture dans son discours.<\/p>\n<p>\u00ab\u00a0Je reconnais qu&rsquo;il y a des membres qui n&rsquo;ont pas sign\u00e9 cette motion mais qui ont des inqui\u00e9tudes l\u00e9gitimes sur certaines des questions qu&rsquo;elle soul\u00e8ve\u00a0\u00bb, a-t-elle d\u00e9clar\u00e9.<\/p>\n<p>\u00ab\u00a0C&rsquo;est tout \u00e0 fait normal. Cela fait partie de notre d\u00e9mocratie et je serai toujours pr\u00eate \u00e0 d\u00e9battre de toute question souhait\u00e9e par cette Assembl\u00e9e, en m&rsquo;appuyant sur des faits et des arguments.<\/p>\n<p>Une strat\u00e9gie improbable<\/p>\n<p><strong>La motion de censure a \u00e9t\u00e9 d\u00e9pos\u00e9e par l&rsquo;eurod\u00e9put\u00e9 roumain Gheorghe Piperea et cosign\u00e9e par 77 l\u00e9gislateurs, principalement issus des rangs de l&rsquo;extr\u00eame droite et de la droite dure.<\/strong><\/p>\n<p>\u00ab\u00a0C&rsquo;est le d\u00e9but de la fin\u00a0\u00bb, a d\u00e9clar\u00e9 M. Piperea dans son discours d&rsquo;ouverture, qualifiant le processus d\u00e9cisionnel de Mme von der Leyen d'\u00a0\u00bbopaque\u00a0\u00bb et de \u00ab\u00a0discr\u00e9tionnaire\u00a0\u00bb.<\/p>\n<p>La motion repose sur trois accusations principales, dont la premi\u00e8re concerne des messages textuels \u00e9chang\u00e9s entre Ursula von der Leyen et Albert Bourla, PDG de Pfizer, lors des n\u00e9gociations sur le vaccin COVID-19. Le refus controvers\u00e9 de l&rsquo;\u00e9quipe d&rsquo;Ursula von der Leyen de <a href=\"https:\/\/fr.euronews.com\/my-europe\/2025\/05\/14\/sms-dursula-von-der-leyen-la-commission-europeenne-perd-dans-laffaire-du-pfizergate\" rel=\"nofollow noopener\" target=\"_blank\">divulguer ces messages a fait l&rsquo;objet d&rsquo;une r\u00e9primande <\/a>cinglante de la part de la Cour de justice des Communaut\u00e9s europ\u00e9ennes.<\/p>\n<p>\u00ab\u00a0La Commission dirig\u00e9e par la pr\u00e9sidente Ursula von der Leyen n&rsquo;a plus la confiance du Parlement pour d\u00e9fendre les principes de transparence, de responsabilit\u00e9 et de bonne gouvernance essentiels \u00e0 une Union d\u00e9mocratique\u00a0\u00bb, indique le texte.<\/p>\n<p>Les autres all\u00e9gations concernent la \u00ab\u00a0mauvaise application\u00a0\u00bb de la loi sur les services num\u00e9riques (DSA) lors des \u00e9lections nationales, qui n&rsquo;est pas \u00e9tay\u00e9e par des preuves, et le \u00ab\u00a0recours abusif\u00a0\u00bb \u00e0 l&rsquo;article 122 des trait\u00e9s de l&rsquo;UE pour contourner le Parlement dans le cadre du nouveau programme de pr\u00eat de 150 milliards d&rsquo;euros pour la d\u00e9fense. Le plan, connu sous le nom de SAFE, ne n\u00e9cessitait que la b\u00e9n\u00e9diction des \u00c9tats membres.<\/p>\n<p>Mme Von der Leyen a r\u00e9fut\u00e9 ces accusations en les qualifiant de \u00ab\u00a0fausses all\u00e9gations\u00a0\u00bb et a d\u00e9fendu la gestion de la pand\u00e9mie comme une v\u00e9ritable forme de solidarit\u00e9 europ\u00e9enne.<\/p>\n<p>\u00ab\u00a0Nous avons le choix. Nous pouvons suivre M. Piperea dans son monde de conspirations et de pr\u00e9tendus complots sinistres de la part de ce qu&rsquo;il appelle &lsquo;Bruxelles&rsquo;, ou nous pouvons clairement appeler cela pour ce que c&rsquo;est : une autre tentative grossi\u00e8re de creuser un foss\u00e9 entre nos institutions, entre les forces pro-europ\u00e9ennes et pro-d\u00e9mocratiques de cette maison\u00a0\u00bb, a-t-elle d\u00e9clar\u00e9.<\/p>\n<p>\u00ab\u00a0Nous ne pourrons jamais laisser faire cela. Nous ne laisserons jamais cela se produire.<\/p>\n<p>Le vote sur l&rsquo;avenir de Mme von der Leyen est provisoirement pr\u00e9vu pour jeudi \u00e0 midi.<\/p>\n<p>Les d\u00e9put\u00e9s qui ont sign\u00e9 la motion sont encore libres de retirer leur soutien. Si le seuil d&rsquo;un dixi\u00e8me n&rsquo;est plus atteint, le processus sera interrompu.<\/p>\n<p>La session de vote se d\u00e9roulera par appel nominal, ce qui signifie que les votes seront publics. Au moins deux tiers des votes exprim\u00e9s, repr\u00e9sentant une majorit\u00e9 de tous les d\u00e9put\u00e9s, devront soutenir la motion de censure pour qu&rsquo;elle soit adopt\u00e9e et que Mme von der Leyen soit renvers\u00e9e.<\/p>\n","protected":false},"excerpt":{"rendered":"PUBLICIT\u00c9 Ursula von der Leyen a d\u00e9fi\u00e9 lundi la motion de censure d\u00e9pos\u00e9e par la droite radicale du&hellip;\n","protected":false},"author":2,"featured_media":233723,"comment_status":"","ping_status":"","sticky":false,"template":"","format":"standard","meta":{"footnotes":""},"categories":[1591],"tags":[11,2196,1887,12,1885,1886,132,364,2544],"class_list":{"0":"post-233722","1":"post","2":"type-post","3":"status-publish","4":"format-standard","5":"has-post-thumbnail","7":"category-russie","8":"tag-actualites","9":"tag-commission-europeenne","10":"tag-federation-de-russie","11":"tag-news","12":"tag-russia","13":"tag-russian-federation","14":"tag-russie","15":"tag-union-europeenne","16":"tag-ursula-von-der-leyen"},"share_on_mastodon":{"url":"https:\/\/pubeurope.com\/@fr\/114814487360569598","error":""},"_links":{"self":[{"href":"https:\/\/www.europesays.com\/fr\/wp-json\/wp\/v2\/posts\/233722","targetHints":{"allow":["GET"]}}],"collection":[{"href":"https:\/\/www.europesays.com\/fr\/wp-json\/wp\/v2\/posts"}],"about":[{"href":"https:\/\/www.europesays.com\/fr\/wp-json\/wp\/v2\/types\/post"}],"author":[{"embeddable":true,"href":"https:\/\/www.europesays.com\/fr\/wp-json\/wp\/v2\/users\/2"}],"replies":[{"embeddable":true,"href":"https:\/\/www.europesays.com\/fr\/wp-json\/wp\/v2\/comments?post=233722"}],"version-history":[{"count":0,"href":"https:\/\/www.europesays.com\/fr\/wp-json\/wp\/v2\/posts\/233722\/revisions"}],"wp:featuredmedia":[{"embeddable":true,"href":"https:\/\/www.europesays.com\/fr\/wp-json\/wp\/v2\/media\/233723"}],"wp:attachment":[{"href":"https:\/\/www.europesays.com\/fr\/wp-json\/wp\/v2\/media?parent=233722"}],"wp:term":[{"taxonomy":"category","embeddable":true,"href":"https:\/\/www.europesays.com\/fr\/wp-json\/wp\/v2\/categories?post=233722"},{"taxonomy":"post_tag","embeddable":true,"href":"https:\/\/www.europesays.com\/fr\/wp-json\/wp\/v2\/tags?post=233722"}],"curies":[{"name":"wp","href":"https:\/\/api.w.org\/{rel}","templated":true}]}}