{"id":233724,"date":"2025-07-07T23:13:10","date_gmt":"2025-07-07T23:13:10","guid":{"rendered":"https:\/\/www.europesays.com\/fr\/233724\/"},"modified":"2025-07-07T23:13:10","modified_gmt":"2025-07-07T23:13:10","slug":"en-direct-ukraine-leurope-va-prendre-les-sanctions-les-plus-lourdes-prises-depuis-3-ans-contre-la-russie","status":"publish","type":"post","link":"https:\/\/www.europesays.com\/fr\/233724\/","title":{"rendered":"EN DIRECT &#8211; Ukraine : l&rsquo;Europe va \u00ab\u00a0prendre les sanctions les plus lourdes prises depuis 3 ans\u00a0\u00bb contre la Russie"},"content":{"rendered":"<p>Le chef de la diplomatie fran\u00e7aise Jean-No\u00ebl Barrot s&rsquo;exprime depuis Rennes, en Ille-et-Vilaine. \u00ab\u00a0Nous voulons que Vladimir Poutine consente enfin \u00e0 un cessez-le-feu, puisque nous constatons que depuis que le pr\u00e9sident Trump a propos\u00e9 un cessez-le-feu de 30 jours (&#8230;) les frappes de la Russie sur l&rsquo;Ukraine ont \u00e9t\u00e9 multipli\u00e9es par cinq\u00a0\u00bb, accuse-t-il, estimant que \u00ab\u00a0cela ne peut plus durer, cela doit cesser\u00a0\u00bb.\u00a0<\/p>\n<p>En cons\u00e9quence, \u00ab\u00a0en coordination avec les efforts men\u00e9s par les s\u00e9nateurs am\u00e9ricains, l&rsquo;Europe s&rsquo;appr\u00eate \u00e0 prendre, sur des propositions fran\u00e7aises, les sanctions les plus lourdes prises depuis trois ans, qui viennent directement ass\u00e9cher les ressources qui permettent \u00e0 Vladimir Poutine de poursuivre sa guerre\u00a0\u00bb, d\u00e9taille le ministre. Il \u00e9voque en particulier les \u00ab\u00a0recettes p\u00e9troli\u00e8res et acteurs financiers russes ou dans d&rsquo;autres pays\u00a0\u00bb.\u00a0<\/p>\n<p>Par ailleurs, Vladimir Poutine \u00ab\u00a0ne progresse plus\u00a0\u00bb au niveau militaire, il \u00ab\u00a0se contente de faire pleuvoir missiles et drones sur des zones r\u00e9sidentielles, en faisant de tr\u00e8s nombreuses victimes civiles\u00a0\u00bb, ajoute-t-il. \u00ab\u00a0Nous entendons bien le faire plier\u00a0\u00bb, promet Jean-No\u00ebl Barrot.\u00a0<\/p>\n","protected":false},"excerpt":{"rendered":"Le chef de la diplomatie fran\u00e7aise Jean-No\u00ebl Barrot s&rsquo;exprime depuis Rennes, en Ille-et-Vilaine. \u00ab\u00a0Nous voulons que Vladimir Poutine&hellip;\n","protected":false},"author":2,"featured_media":233725,"comment_status":"","ping_status":"","sticky":false,"template":"","format":"standard","meta":{"footnotes":""},"categories":[1590],"tags":[1111,11,1921,1777,674,28083,1922,12,132,220,1917,133,1920,135,134],"class_list":{"0":"post-233724","1":"post","2":"type-post","3":"status-publish","4":"format-standard","5":"has-post-thumbnail","7":"category-ukraine","8":"tag-actu","9":"tag-actualites","10":"tag-article-video","11":"tag-eu","12":"tag-europe","13":"tag-guerre-en-ukraine-une-treve-sera-t-elle-possible","14":"tag-info","15":"tag-news","16":"tag-russie","17":"tag-ukraine","18":"tag-ukraine-4-annee-de-guerre","19":"tag-video","20":"tag-video-international","21":"tag-vladimir-poutine","22":"tag-volodymyr-zelensky"},"share_on_mastodon":{"url":"https:\/\/pubeurope.com\/@fr\/114814491281442299","error":""},"_links":{"self":[{"href":"https:\/\/www.europesays.com\/fr\/wp-json\/wp\/v2\/posts\/233724","targetHints":{"allow":["GET"]}}],"collection":[{"href":"https:\/\/www.europesays.com\/fr\/wp-json\/wp\/v2\/posts"}],"about":[{"href":"https:\/\/www.europesays.com\/fr\/wp-json\/wp\/v2\/types\/post"}],"author":[{"embeddable":true,"href":"https:\/\/www.europesays.com\/fr\/wp-json\/wp\/v2\/users\/2"}],"replies":[{"embeddable":true,"href":"https:\/\/www.europesays.com\/fr\/wp-json\/wp\/v2\/comments?post=233724"}],"version-history":[{"count":0,"href":"https:\/\/www.europesays.com\/fr\/wp-json\/wp\/v2\/posts\/233724\/revisions"}],"wp:featuredmedia":[{"embeddable":true,"href":"https:\/\/www.europesays.com\/fr\/wp-json\/wp\/v2\/media\/233725"}],"wp:attachment":[{"href":"https:\/\/www.europesays.com\/fr\/wp-json\/wp\/v2\/media?parent=233724"}],"wp:term":[{"taxonomy":"category","embeddable":true,"href":"https:\/\/www.europesays.com\/fr\/wp-json\/wp\/v2\/categories?post=233724"},{"taxonomy":"post_tag","embeddable":true,"href":"https:\/\/www.europesays.com\/fr\/wp-json\/wp\/v2\/tags?post=233724"}],"curies":[{"name":"wp","href":"https:\/\/api.w.org\/{rel}","templated":true}]}}