{"id":233726,"date":"2025-07-07T23:14:10","date_gmt":"2025-07-07T23:14:10","guid":{"rendered":"https:\/\/www.europesays.com\/fr\/233726\/"},"modified":"2025-07-07T23:14:10","modified_gmt":"2025-07-07T23:14:10","slug":"le-president-iranien-ne-voit-aucun-probleme-a-la-reprise-des-negociations-nucleaires-avec-les-etats-unis","status":"publish","type":"post","link":"https:\/\/www.europesays.com\/fr\/233726\/","title":{"rendered":"Le pr\u00e9sident iranien ne voit \u00ab aucun probl\u00e8me \u00bb \u00e0 la reprise des n\u00e9gociations nucl\u00e9aires avec les \u00c9tats-Unis"},"content":{"rendered":"<p style=\"text-align:justify;\">AA \/ Istanbul \/ Mohammad Sio<\/p>\n<p style=\"text-align:justify;\">Le pr\u00e9sident iranien Masoud Pezeshkian a d\u00e9clar\u00e9, lundi, qu&rsquo;il ne voyait \u00ab aucun probl\u00e8me \u00bb \u00e0 reprendre les n\u00e9gociations indirectes avec les Etats-Unis sur le programme nucl\u00e9aire de T\u00e9h\u00e9ran.<\/p>\n<p style=\"text-align:justify;\">\u00ab Nous ne voyons aucun probl\u00e8me \u00e0 reprendre les n\u00e9gociations \u00bb, a d\u00e9clar\u00e9 Pezeshkian en r\u00e9ponse \u00e0 une question de l&rsquo;animateur conservateur am\u00e9ricain Tucker Carlson, sur la possibilit\u00e9 de reprendre les n\u00e9gociations avec les responsables am\u00e9ricains.<\/p>\n<p style=\"text-align:justify;\">\u00ab Mais comment allons-nous faire \u00e0 nouveau confiance aux Etats-Unis ? \u00bb, a-t-il cependant ajout\u00e9.<\/p>\n<p style=\"text-align:justify;\">Le dirigeant iranien a cit\u00e9 les pr\u00e9occupations concernant les actions militaires isra\u00e9liennes comme un obstacle majeur \u00e0 l&rsquo;\u00e9tablissement de la confiance, expliquant : \u00ab Comment pouvons-nous \u00eatre s\u00fbrs qu&rsquo;au milieu des n\u00e9gociations, le r\u00e9gime isra\u00e9lien ne sera pas autoris\u00e9 (par les Etats-Unis) \u00e0 nous attaquer \u00e0 nouveau ? \u00bb.<\/p>\n<p style=\"text-align:justify;\">Carlson a alors demand\u00e9 si Pezeshkian pensait qu&rsquo;Isra\u00ebl avait tent\u00e9 de l&rsquo;assassiner. Ce \u00e0 quoi le pr\u00e9sident iranien a r\u00e9pondu : \u00ab Ils ont essay\u00e9, oui, et ils ont agi dans ce sens, mais ils ont \u00e9chou\u00e9 \u00bb.<\/p>\n<p style=\"text-align:justify;\">\u00ab En tant que croyant, ma conviction est qu&rsquo;il appartient au Dieu tout-puissant de d\u00e9terminer si une personne va mourir ou non \u00bb, a-t-il ajout\u00e9.<\/p>\n<p style=\"text-align:justify;\">Apr\u00e8s l&rsquo;interview, Pezeshkian a d\u00e9clar\u00e9 sur X : \u00ab J&rsquo;ai dit \u00e0 Tucker Carlson : alors que nous \u00e9tions en train de n\u00e9gocier de bonne foi \u00e0 la demande des \u00c9tats-Unis, Netanyahu a lanc\u00e9 des bombes &#8211; litt\u00e9ralement &#8211; sur la diplomatie. Isra\u00ebl a torpill\u00e9 les n\u00e9gociations et tu\u00e9 la paix. Le monde devrait se rappeler qui a fait d\u00e9railler le processus \u00bb.<\/p>\n<p style=\"text-align:justify;\">Pezeshkian a \u00e9galement relay\u00e9 un message du guide supr\u00eame iranien Ali Khamenei, selon lequel \u00ab les investisseurs am\u00e9ricains sont les bienvenus en Iran \u00bb. Et d\u2019ajouter : \u00ab Ce n&rsquo;est pas l&rsquo;Iran qui bloque la paix, c&rsquo;est Netanyahu, encore une fois, qui a fait \u00e9chouer le processus. C&rsquo;est Netanyahu qui entra\u00eene \u00e0 nouveau la r\u00e9gion vers la guerre. Le pr\u00e9sident am\u00e9ricain peut l&rsquo;arr\u00eater \u00bb.<\/p>\n<p style=\"text-align:justify;\">Un conflit entre Isra\u00ebl et l&rsquo;Iran a \u00e9clat\u00e9 le 13 juin, lorsqu\u2019Isra\u00ebl a lanc\u00e9 des frappes a\u00e9riennes sur des sites militaires, nucl\u00e9aires et civils iraniens, tuant au moins 1100 personnes et en blessant pr\u00e8s de 5600 autres, selon le minist\u00e8re iranien de la Sant\u00e9.<\/p>\n<p style=\"text-align:justify;\">T\u00e9h\u00e9ran a ripost\u00e9 par des tirs de missiles et de drones, tuant au moins 29 personnes et en blessant plus de 3 400 autres, selon les chiffres publi\u00e9s par l&rsquo;Universit\u00e9 h\u00e9bra\u00efque de J\u00e9rusalem.<\/p>\n<p style=\"text-align:justify;\">Les \u00c9tats-Unis ont \u00e9galement bombard\u00e9 trois sites nucl\u00e9aires iraniens \u00e0 Fordo, Natanz et Ispahan.<\/p>\n<p style=\"text-align:justify;\">Le conflit, qui a \u00e9clat\u00e9 quelques jours avant un sixi\u00e8me cycle de n\u00e9gociations nucl\u00e9aires indirectes entre Washington et T\u00e9h\u00e9ran, s&rsquo;est achev\u00e9 par un cessez-le-feu parrain\u00e9 par les \u00c9tats-Unis et entr\u00e9 en vigueur le 24 juin.<\/p>\n<p style=\"text-align:justify;\">*Traduit de l&rsquo;Anglais par Mourad Belhaj<\/p>\n<p>                            &#13;<br \/>\n                                <a href=\"https:\/\/www.aa.com.tr\/fr\/p\/abonnement\/1001\" target=\"_blank\" style=\"font-size:12px; color:#444; text-decoration:none;\" rel=\"noopener\">&#13;<br \/>\n                                    Seulement une partie des d\u00e9p\u00eaches, que l&rsquo;Agence Anadolu diffuse \u00e0 ses abonn\u00e9s via le Syst\u00e8me de Diffusion interne (HAS), est diffus\u00e9e sur le site de l&rsquo;AA, de mani\u00e8re r\u00e9sum\u00e9e. <b style=\"color:#1897F7\">Contactez-nous s&rsquo;il vous pla\u00eet pour vous abonner.<\/b>&#13;<br \/>\n                                <\/a>&#13;<\/p>\n","protected":false},"excerpt":{"rendered":"AA \/ Istanbul \/ Mohammad Sio Le pr\u00e9sident iranien Masoud Pezeshkian a d\u00e9clar\u00e9, lundi, qu&rsquo;il ne voyait \u00ab&hellip;\n","protected":false},"author":2,"featured_media":233727,"comment_status":"","ping_status":"","sticky":false,"template":"","format":"standard","meta":{"footnotes":""},"categories":[1589],"tags":[4295,11,1785,73,1866,3019,37256,12,37257,1864,1865,1863,308],"class_list":{"0":"post-233726","1":"post","2":"type-post","3":"status-publish","4":"format-standard","5":"has-post-thumbnail","7":"category-etats-unis","8":"tag-tats-unis","9":"tag-actualites","10":"tag-anadolu-ajansi","11":"tag-etats-unis","12":"tag-etats-unis-damerique","13":"tag-iran","14":"tag-masoud-pezeshkian","15":"tag-news","16":"tag-nuclaire-iranien","17":"tag-united-states","18":"tag-united-states-of-america","19":"tag-us","20":"tag-usa"},"share_on_mastodon":{"url":"https:\/\/pubeurope.com\/@fr\/114814495195207650","error":""},"_links":{"self":[{"href":"https:\/\/www.europesays.com\/fr\/wp-json\/wp\/v2\/posts\/233726","targetHints":{"allow":["GET"]}}],"collection":[{"href":"https:\/\/www.europesays.com\/fr\/wp-json\/wp\/v2\/posts"}],"about":[{"href":"https:\/\/www.europesays.com\/fr\/wp-json\/wp\/v2\/types\/post"}],"author":[{"embeddable":true,"href":"https:\/\/www.europesays.com\/fr\/wp-json\/wp\/v2\/users\/2"}],"replies":[{"embeddable":true,"href":"https:\/\/www.europesays.com\/fr\/wp-json\/wp\/v2\/comments?post=233726"}],"version-history":[{"count":0,"href":"https:\/\/www.europesays.com\/fr\/wp-json\/wp\/v2\/posts\/233726\/revisions"}],"wp:featuredmedia":[{"embeddable":true,"href":"https:\/\/www.europesays.com\/fr\/wp-json\/wp\/v2\/media\/233727"}],"wp:attachment":[{"href":"https:\/\/www.europesays.com\/fr\/wp-json\/wp\/v2\/media?parent=233726"}],"wp:term":[{"taxonomy":"category","embeddable":true,"href":"https:\/\/www.europesays.com\/fr\/wp-json\/wp\/v2\/categories?post=233726"},{"taxonomy":"post_tag","embeddable":true,"href":"https:\/\/www.europesays.com\/fr\/wp-json\/wp\/v2\/tags?post=233726"}],"curies":[{"name":"wp","href":"https:\/\/api.w.org\/{rel}","templated":true}]}}