{"id":233728,"date":"2025-07-07T23:15:11","date_gmt":"2025-07-07T23:15:11","guid":{"rendered":"https:\/\/www.europesays.com\/fr\/233728\/"},"modified":"2025-07-07T23:15:11","modified_gmt":"2025-07-07T23:15:11","slug":"entente-tres-cordiale-au-programme-pour-la-visite-detat-de-macron-au-royaume-uni","status":"publish","type":"post","link":"https:\/\/www.europesays.com\/fr\/233728\/","title":{"rendered":"Entente tr\u00e8s cordiale au programme pour la visite d\u2019\u00c9tat de Macron au Royaume-Uni"},"content":{"rendered":"<p>Entre procession en cal\u00e8che et d\u00eener au ch\u00e2teau de Windsor, Emmanuel Macron et son \u00e9pouse Brigitte auront droit \u00e0 tous les honneurs du protocole royal. Le pr\u00e9sident fran\u00e7ais est en effet attendu mardi 8\u00a0juillet 2025 au Royaume-Uni pour <a target=\"_self\" href=\"https:\/\/www.lanouvellerepublique.fr\/a-la-une\/emmanuel-macron-en-visite-d-etat-au-royaume-uni-en-juillet-1747136843\" rel=\"nofollow noopener\">une visite d\u2019\u00c9tat de trois jours<\/a>.<\/p>\n<p>Cette visite sera la premi\u00e8re d\u2019un chef d\u2019\u00c9tat de l\u2019Union europ\u00e9enne <a target=\"_self\" href=\"https:\/\/www.lanouvellerepublique.fr\/a-la-une\/c-est-du-gagnant-gagnant-le-royaume-uni-et-l-ue-concluent-un-nouveau-partenariat-strategique-cinq-ans-apres-le-brexit-1747660099\" rel=\"nofollow noopener\">depuis le Brexit<\/a>, entr\u00e9 en vigueur en 2020, et elle pr\u00e9c\u00e9dera celle de Donald Trump, attendu lui en septembre.<\/p>\n<p>Autre privil\u00e8ge rare, Emmanuel Macron s\u2019adressera mardi au Parlement britannique. La visite sera ponctu\u00e9e jeudi par un sommet entre <a target=\"_self\" href=\"https:\/\/www.lanouvellerepublique.fr\/a-la-une\/macron-et-starmer-main-dans-la-main-sur-l-ukraine-en-plein-rechauffement-franco-britannique-1742216234\" rel=\"nofollow noopener\">le chef de l\u2019\u00c9tat et le premier ministre Keir Starmer<\/a> \u00e0 Londres.<\/p>\n<p>Autant de signes de la volont\u00e9 du royaume de regarder de nouveau vers l\u2019Europe \u00e0 l\u2019heure des grands bouleversements g\u00e9opolitiques, avec la guerre en Ukraine et le retour d\u2019un Donald Trump plus impr\u00e9visible que jamais \u00e0 la Maison-Blanche, veut croire Paris.<\/p>\n<p>Tourner enfin la page du Brexit<\/p>\n<p>D\u00e8s son arriv\u00e9e \u00e0 Downing Street, en juillet\u00a02024, le premier ministre travailliste Keir Starmer a \u00ab\u00a0marqu\u00e9 sa volont\u00e9 d\u2019un \u201c\u00a0reset\u00a0\u201d (r\u00e9initialisation) entre le Royaume-Uni et l\u2019Europe\u00a0\u00bb, souligne l\u2019\u00c9lys\u00e9e. La derni\u00e8re visite d\u2019\u00c9tat, plus haut niveau d\u2019accueil protocolaire, d\u2019un pr\u00e9sident fran\u00e7ais outre-Manche remonte \u00e0 Nicolas Sarkozy en 2008.<\/p>\n<p>Dans l\u2019intervalle, le Brexit et les vives tensions avec le premier ministre conservateur Boris Johnson avaient fortement mis \u00e0 mal la tradition d&rsquo;\u00ab\u00a0Entente cordiale\u00a0\u00bb initi\u00e9e par une s\u00e9rie d\u2019accords entre les deux pays en 1904.\u00a0Apr\u00e8s des mois de n\u00e9gociations, Europ\u00e9ens et Britanniques ont conclu un nouveau partenariat strat\u00e9gique, en particulier dans la d\u00e9fense, lors d\u2019un sommet in\u00e9dit depuis le Brexit, le 19\u00a0mai.<\/p>\n<p>Le sommet franco-britannique va \u00ab\u00a0parachever les \u00e9l\u00e9ments de ce \u201c\u00a0reset\u00a0\u201d\u00a0\u00bb, assure l\u2019\u00c9lys\u00e9e, pointant \u00ab\u00a0une reconvergence\u00a0\u00bb autour \u00ab\u00a0d\u2019int\u00e9r\u00eats partag\u00e9s\u00a0\u00bb.\u00a0Keir Starmer, qui s\u2019est entretenu samedi par t\u00e9l\u00e9phone avec Emmanuel Macron, promet des \u00ab\u00a0avanc\u00e9es\u00a0\u00bb sur la lutte <a target=\"_self\" href=\"https:\/\/www.lanouvellerepublique.fr\/a-la-une\/royaume-uni-keir-starmer-promet-de-reprendre-le-controle-des-frontieres-1747054197\" rel=\"nofollow noopener\">contre les trafics de migrants<\/a> et la d\u00e9fense.<\/p>\n<p>Londres s\u2019est d\u00e9j\u00e0 f\u00e9licit\u00e9 vendredi d\u2019un \u00ab\u00a0durcissement\u00a0\u00bb dans les pratiques des forces de l\u2019ordre fran\u00e7aises apr\u00e8s un reportage de la BBC montrant des gendarmes crever un bateau pneumatique rempli de migrants \u00e0 coups de cutter, non loin de la plage.<\/p>\n<p>Migrations dans la Manche, coop\u00e9ration militaire<\/p>\n<p>En vertu du droit international, les forces de l\u2019ordre ne peuvent intervenir que pour porter secours \u00e0 une embarcation qui est d\u00e9j\u00e0 en mer et en aucun cas l\u2019intercepter. Mais le premier ministre britannique, sous la pression de l\u2019extr\u00eame droite, r\u00e9clame des interventions plus radicales c\u00f4t\u00e9 fran\u00e7ais. Et \u00e0 Paris, le minist\u00e8re de l\u2019Int\u00e9rieur n\u2019exclut plus d\u2019intercepter les \u00ab\u00a0taxi boats\u00a0\u00bb jusqu\u2019\u00e0 300 m\u00e8tres de la c\u00f4te. Plus de 20.500 personnes ont travers\u00e9 la Manche sur les six premiers mois de l\u2019ann\u00e9e 2025, un record.<\/p>\n<p>La France et le Royaume-Uni, les deux seuls pays en Europe dot\u00e9s de l\u2019arme nucl\u00e9aire, de grandes capacit\u00e9s de projection militaires et membres permanents du Conseil de s\u00e9curit\u00e9 de l\u2019ONU, vont aussi renforcer leur coop\u00e9ration en mati\u00e8re de d\u00e9fense.<\/p>\n<p>Celle-ci repose sur les accords de Lancaster House, sign\u00e9s en 2010, avec un volet nucl\u00e9aire, la mise en place d\u2019une force exp\u00e9ditionnaire conjointe et la fabrication en commun de missiles (groupe MBDA). \u00ab\u00a0Mais la guerre \u00e0 tr\u00e8s grande \u00e9chelle est depuis retourn\u00e9e sur le continent europ\u00e9en\u00a0\u00bb et les accords vont donc devoir \u00eatre \u00ab\u00a0adapt\u00e9s \u00e0 cette nouvelle r\u00e9alit\u00e9\u00a0\u00bb, \u00e0 la fois sur le volet nucl\u00e9aire, le volet op\u00e9rationnel et le volet capacitaire, pointe l\u2019\u00c9lys\u00e9e.<\/p>\n<p>Emmanuel Macron revendique une proximit\u00e9 de vues avec Charles III, venu en visite d\u2019\u00c9tat en France en septembre\u00a02023, sur de nombreux sujets, de l\u2019Europe \u00e0 l\u2019environnement.\u00a0Il a d\u00e9velopp\u00e9 aussi une relation \u00e9troite avec Keir Starmer, notamment sur l\u2019Ukraine.<\/p>\n<p>\u00ab\u00a0J\u2019ai une relation personnelle tr\u00e8s forte avec lui, comme avec le pr\u00e9sident Trump\u00a0\u00bb, a confi\u00e9 jeudi le premier ministre lors d\u2019une conf\u00e9rence de presse. M\u00eame son de cloche \u00e0 Paris, m\u00eame si une certaine m\u00e9fiance plane toujours \u00e0 l\u2019\u00e9gard des Britanniques, jug\u00e9s encore tr\u00e8s d\u00e9pendants des \u00c9tats-Unis. \u00ab\u00a0Il y a un chemin tr\u00e8s singulier et on peut le b\u00e2tir\u00a0\u00bb, assure-t-on au sommet de l\u2019\u00c9tat.<\/p>\n<p>Tous deux \u0153uvrent \u00e0 mobiliser les Europ\u00e9ens derri\u00e8re l\u2019Ukraine devant le risque que Donald Trump ne privil\u00e9gie la normalisation des relations avec la Russie sur une paix juste et durable.\u00a0Ils copr\u00e9sideront d\u2019ailleurs jeudi en visioconf\u00e9rence depuis la base de Northwood, pr\u00e8s de Londres, une r\u00e9union des pays de la \u00ab\u00a0coalition volontaires\u00a0\u00bb, qui travaillent \u00e0 renforcer les capacit\u00e9s de d\u00e9fense de l\u2019Ukraine face \u00e0 la Russie.<\/p>\n<p>rep\u00e8res<\/p>\n<p>Depuis l\u2019arriv\u00e9e au 10 Downing Street de Keir Starmer, les relations entre le Royaume-Uni et la France se sont r\u00e9chauff\u00e9es fortement. Le premier ministre britannique, nomm\u00e9 le 5 juillet 2024, et Emmanuel Macron ont multipli\u00e9 les \u00e9changes et les rencontres sur les territoires britannique (juillet 2024, janvier et mars 2025) et fran\u00e7ais (ao\u00fbt et novembre 2024).<\/p>\n<p>Outre les questions migratoires et de d\u00e9fense, les deux pays sont tr\u00e8s li\u00e9s \u00e9conomiquement. Le Royaume-Uni, septi\u00e8me partenaire commercial de la France \u00e9tait aussi son premier exc\u00e9dent commercial en 2023 (11 milliards d\u2019euros) rappelle la diplomatique fran\u00e7aise. Avec 62,9 milliards d\u2019euros en 2023, les \u00e9changes commerciaux avec le Royaume-Uni restent cependant derri\u00e8re ceux r\u00e9alis\u00e9s avec l\u2019Allemagne (174,3 milliards d\u2019euros) et l\u2019Italie (106,3 milliards d\u2019euros).<\/p>\n<p>Enfin, pr\u00e8s 300.000 Fran\u00e7ais vivent actuellement au Royaume-Uni, dont 60 % dans le Grand Londres. Outre les consulats g\u00e9n\u00e9raux de France \u00e0 Londres et \u00c9dimbourg, le Royaume-Uni accueille \u00e9galement vingt consulats honoraires, onze Alliances fran\u00e7aises et deux Instituts fran\u00e7ais.<\/p>\n","protected":false},"excerpt":{"rendered":"Entre procession en cal\u00e8che et d\u00eener au ch\u00e2teau de Windsor, Emmanuel Macron et son \u00e9pouse Brigitte auront droit&hellip;\n","protected":false},"author":2,"featured_media":233729,"comment_status":"","ping_status":"","sticky":false,"template":"","format":"standard","meta":{"footnotes":""},"categories":[1588],"tags":[328,11,1073,1777,674,27,329,12,473,1853,1851,1850,1852],"class_list":{"0":"post-233728","1":"post","2":"type-post","3":"status-publish","4":"format-standard","5":"has-post-thumbnail","7":"category-royaume-uni","8":"tag-a-la-une","9":"tag-actualites","10":"tag-emmanuel-macron","11":"tag-eu","12":"tag-europe","13":"tag-france","14":"tag-france-monde","15":"tag-news","16":"tag-royaume-uni","17":"tag-royaume-uni-de-grande-bretagne-et-dirlande-du-nord","18":"tag-uk","19":"tag-united-kingdom","20":"tag-united-kingdom-of-great-britain-and-northern-ireland"},"share_on_mastodon":{"url":"https:\/\/pubeurope.com\/@fr\/114814499121073514","error":""},"_links":{"self":[{"href":"https:\/\/www.europesays.com\/fr\/wp-json\/wp\/v2\/posts\/233728","targetHints":{"allow":["GET"]}}],"collection":[{"href":"https:\/\/www.europesays.com\/fr\/wp-json\/wp\/v2\/posts"}],"about":[{"href":"https:\/\/www.europesays.com\/fr\/wp-json\/wp\/v2\/types\/post"}],"author":[{"embeddable":true,"href":"https:\/\/www.europesays.com\/fr\/wp-json\/wp\/v2\/users\/2"}],"replies":[{"embeddable":true,"href":"https:\/\/www.europesays.com\/fr\/wp-json\/wp\/v2\/comments?post=233728"}],"version-history":[{"count":0,"href":"https:\/\/www.europesays.com\/fr\/wp-json\/wp\/v2\/posts\/233728\/revisions"}],"wp:featuredmedia":[{"embeddable":true,"href":"https:\/\/www.europesays.com\/fr\/wp-json\/wp\/v2\/media\/233729"}],"wp:attachment":[{"href":"https:\/\/www.europesays.com\/fr\/wp-json\/wp\/v2\/media?parent=233728"}],"wp:term":[{"taxonomy":"category","embeddable":true,"href":"https:\/\/www.europesays.com\/fr\/wp-json\/wp\/v2\/categories?post=233728"},{"taxonomy":"post_tag","embeddable":true,"href":"https:\/\/www.europesays.com\/fr\/wp-json\/wp\/v2\/tags?post=233728"}],"curies":[{"name":"wp","href":"https:\/\/api.w.org\/{rel}","templated":true}]}}