{"id":23373,"date":"2025-04-14T00:46:21","date_gmt":"2025-04-14T00:46:21","guid":{"rendered":"https:\/\/www.europesays.com\/fr\/23373\/"},"modified":"2025-04-14T00:46:21","modified_gmt":"2025-04-14T00:46:21","slug":"ca-ma-vraiment-rendue-inadaptee-a-la-vie-en-societe","status":"publish","type":"post","link":"https:\/\/www.europesays.com\/fr\/23373\/","title":{"rendered":"\u00c7a m\u2019a vraiment rendue inadapt\u00e9e \u00e0 la vie en soci\u00e9t\u00e9"},"content":{"rendered":"<p>Elle a s\u00e9duit autant qu&rsquo;elle a divis\u00e9 lors des auditions \u00e0 l&rsquo;aveugle. Th\u00e9adule est l&rsquo;une des candidates les plus haut en couleur de cette nouvelle saison de The Voice. Apr\u00e8s avoir brill\u00e9 lors des auditions \u00e0 l&rsquo;aveugle, en interpr\u00e9tant une version originale et envo\u00fbtante de <a href=\"https:\/\/www.programme-tv.net\/news\/musique\/330091-exclu-jean-pierre-mader-se-livre-sur-le-succes-de-son-tube-macumba-ca-ma-donne-une-vraie-serenite-financiere\/\" data-api-deeplink=\"teleloisirs:\/\/news\/330091\" target=\"_blank\" rel=\"noopener\">Macumba, tube des ann\u00e9es 80 sign\u00e9 Jean-Pierre Mader<\/a>, elle a rejoint <a href=\"https:\/\/www.programme-tv.net\/news\/tv\/370385-the-voice-2025-quels-talents-sont-dans-l-equipe-de-florent-pagny-zaz-patricia-kaas-et-vianney\/\" data-api-deeplink=\"teleloisirs:\/\/news\/370385\" target=\"_blank\" rel=\"noopener\">l&rsquo;\u00e9quipe de Florent Pagny<\/a>. Un choix qui semble porter ses fruits puisque, samedi 12 avril 2025, \u00e0 l&rsquo;issue de l&rsquo;\u00e9preuve des groupes. Puisque la chanteuse, membre de la troupe Moli\u00e8re, le spectacle musical, (dans laquelle elle joue Madame de Calvimont, Catherine de Brie et fait office de doublure de Marquise), a encore une fois remport\u00e9 l&rsquo;adh\u00e9sion des juges. Elle revient sur son parcours pour T\u00e9l\u00e9-Loisirs.<\/p>\n<p>\u00ab\u00a0Jean-Pierre Mader m\u2019a dit qu\u2019il trouvait \u00e7a bien\u00a0\u00bb : Th\u00e9adule revient sur sa version de Macumba dans The Voice<\/p>\n<p><b>T\u00e9l\u00e9-Loisirs<\/b><b> : Voil\u00e0 un mois que votre aventure <\/b><b>The Voice<\/b><b> a d\u00e9marr\u00e9. Est-ce que vous avez r\u00e9alis\u00e9 ?<br \/>Th\u00e9a Anceau (Th\u00e9adule) : <\/b>Un petit peu oui [rires]. Pour l\u2019instant, \u00e7a n\u2019a pas eu trop d\u2019impact. \u00c7a a rajout\u00e9 un peu de personnes sur les r\u00e9seaux sociaux. J\u2019attends de voir et je profite de ce qui est et qui est \u00e0 venir.<\/p>\n<p><b>Pourquoi avoir opt\u00e9 pour une version personnalis\u00e9e de <\/b><b>Macumba<\/b><b> et pas celle qu\u2019on conna\u00eet depuis les ann\u00e9es 80 ?<br \/><\/b>C\u2019est un peu ma sp\u00e9cialit\u00e9 disons, de changer les chansons. Et comme je viens de la com\u00e9die musicale, mon attention est tr\u00e8s port\u00e9e sur les textes et ce qu\u2019ils racontent. Parfois, quand j\u2019\u00e9coute des chansons pop ou autres, je m\u2019attarde sur les paroles et je me rends compte que parfois l\u2019\u00e9motion qui ressort de ces paroles n\u2019est pas forc\u00e9ment en ad\u00e9quation avec celle que la musique donne. Venant de la com\u00e9die musicale, j\u2019aime m\u2019amuser \u00e0 re-twister les chansons, je trouve \u00e7a tr\u00e8s marrant \u00e0 faire.<\/p>\n<p><b>D\u2019ailleurs, Jean-Pierre Mader a vu votre prestation et vous a f\u00e9licit\u00e9e. Avez-vous eu l\u2019occasion de le rencontrer ?<br \/><\/b>C\u2019est trop ouf ! \u00c7a s\u2019est arr\u00eat\u00e9 \u00e0 la vid\u00e9o qu\u2019il a faite. Je trouvais que c\u2019\u00e9tait d\u00e9j\u00e0 pas mal, je n\u2019ai pas os\u00e9 lui envoyer un message en priv\u00e9. Mais d\u00e9j\u00e0, j\u2019ai trouv\u00e9 \u00e7a incroyable parce qu\u2019il aurait tellement pu ne pas le faire. Sa chanson, je l\u2019ai transform\u00e9e au mixeur et je l\u2019ai repass\u00e9e au four. J\u2019ai re\u00e7u beaucoup de commentaires qui me disaient que j\u2019avais d\u00e9natur\u00e9 la chanson, que franchement je ne lui avais pas fait honneur du tout. Le fait d\u2019avoir l\u2019interpr\u00e8te original qui me dit que lui a aim\u00e9, <b>c\u2019\u00e9tait l\u2019arme fatale contre tous les haters ! <\/b>Si eux ont trouv\u00e9 que j\u2019avais d\u00e9natur\u00e9 la chanson, je m\u2019en fiche, parce que Jean-Pierre Mader m\u2019a dit qu\u2019il trouvait \u00e7a bien ! \u00c7a m\u2019a permis de prendre un peu de recul.<\/p>\n<p>            Th\u00e9adule : \u00ab\u00a0Je suis plus stress\u00e9e pour Moli\u00e8re qu\u2019avant de monter sur la sc\u00e8ne de The Voice\u00a0\u00bb<\/p>\n<p><b>En plus de participer au programme, vous \u00eates toujours sur <\/b><b>Moli\u00e8re, le spectacle musical<\/b><b>. Ce n\u2019est pas difficile de combiner toutes ces aventures ?<br \/><\/b>Je suis toujours sur Moli\u00e8re et en tourn\u00e9e. La com\u00e9die musicale, ce n\u2019est que le week-end, donc \u00e7a va. \u00c7a me fait des petites sorties ! Un peu loin et devant 8 000 personnes \u00e0 chaque fois, certes.<\/p>\n<p><b>\u00c7a reste toujours aussi impressionnant de monter sur sc\u00e8ne devant autant de personnes ?<br \/><\/b>Toujours. J\u2019ai toujours beaucoup de stress. Je dirais que je suis plus stress\u00e9e pour Moli\u00e8re qu\u2019avant de monter sur la sc\u00e8ne de The Voice. C\u2019est un spectacle qu\u2019on a jou\u00e9 200 fois. \u00c7a para\u00eet \u00e9norme, donc on se dit qu\u2019il n\u2019y a plus de risques. Mais en fait, \u00e0 force de jouer quelque chose, on devient un peu robotique. Il suffit que notre esprit s\u2019absente une seconde de trop et la phrase nous \u00e9chappe alors qu\u2019on l\u2019a r\u00e9p\u00e9t\u00e9e 170 fois.<\/p>\n<p><b>Vous \u00eates tr\u00e8s p\u00e9tillante, tr\u00e8s color\u00e9e et joyeuse, pourtant <\/b><a href=\"https:\/\/www.programme-tv.net\/news\/tv\/373046-mon-petit-ami-s-est-suicide-theadule-the-voice-2025-explique-l-hommage-derriere-son-nom-de-scene\/\" data-api-deeplink=\"teleloisirs:\/\/news\/373046\" target=\"_blank\" rel=\"noopener\"><b>vous avez travers\u00e9 des drames<\/b><\/a><b>. Qu\u2019est-ce qui vous donne cette force ?<br \/><\/b>L\u2019acceptation. J\u2019ai v\u00e9cu tellement de choses terribles qu\u2019\u00e0 un moment j\u2019ai d\u00fb trouver une raison de survivre : me dire que tout \u00e7a n\u2019\u00e9tait pas arriv\u00e9 par hasard. C\u2019\u00e9tait pour me donner la force d\u2019affronter des choses par la suite. Parce que c\u2019\u00e9tait trop douloureux de me dire que tout me tombait dessus alors que je ne l\u2019avais pas m\u00e9rit\u00e9. Je trouvais \u00e7a horrible. J\u2019ai pr\u00e9f\u00e9r\u00e9 me convaincre qu\u2019il y a forc\u00e9ment un but et quelque chose derri\u00e8re m\u2019attend.<\/p>\n<p>                        Th\u00e9adule (The Voice, \u00e9quipe Florent Pagny) \u00e9voque son trouble de la personnalit\u00e9 borderline : \u00ab\u00a0\u00c7a fait cinq ans que je suis sous m\u00e9dicaments\u00a0\u00bb<\/p>\n<p><b>Vous avez r\u00e9v\u00e9l\u00e9 \u00eatre atteinte de trouble de la personnalit\u00e9 borderline. Est-ce que c\u2019est un handicap au quotidien ?<br \/><\/b>Totalement. \u00c7a fait cinq ans que je suis sous m\u00e9dicaments. \u00c7a s\u2019est arrang\u00e9 gr\u00e2ce \u00e0 \u00e7a. Mais de l\u2019autre c\u00f4t\u00e9, j\u2019ai l\u2019impression d\u2019\u00eatre inadapt\u00e9e \u00e0 la vie avec les autres. Je suis trop spontan\u00e9e, je dis trop ce que je pense. <b>\u00c7a m\u2019a vraiment rendue inadapt\u00e9e \u00e0 la vie en soci\u00e9t\u00e9<\/b>. Il y a certains codes que je n\u2019ai pas. Donc forc\u00e9ment parfois, dans un monde artistique o\u00f9 il y a beaucoup d\u2019ego, o\u00f9 tout le monde fait attention\u2026 L\u00e0, pendant l\u2019\u00e9preuve des groupes, d\u00e8s que je dois sociabiliser, c\u2019est toujours un peu compliqu\u00e9 parce que je ne r\u00e9fl\u00e9chis pas avant de parler et parfois mes propos sont mal interpr\u00e9t\u00e9s. J\u2019ai l\u2019impression d\u2019\u00eatre un peu handicap\u00e9e dans ma vie. Je n\u2019ai pas racont\u00e9 tout ce que j\u2019ai v\u00e9cu, mais \u00e7a reste un trouble s\u00e9v\u00e8re. Je suis fi\u00e8re d\u2019avoir r\u00e9ussi \u00e0 avoir une vie \u00e9quilibr\u00e9e et d\u2019avoir un m\u00e9tier. Il y a des gens qui ne sont pas capables de travailler, qui sont en clinique pour des ann\u00e9es ou toute la vie. Je trouve que je ne m\u2019en sors pas mal !<\/p>\n<p><b>Est-ce que vous \u00eates bien entour\u00e9e, suivie et trait\u00e9e ?<br \/><\/b>Totalement. J\u2019ai eu une psychologue, un psychiatre, pendant tr\u00e8s longtemps. Et l\u00e0 \u00e7a va faire trois ans que je suis au CMP [Centre m\u00e9dico-psychologique, ndlr].<\/p>\n<p><b>Pour en revenir au programme, avez-vous trouv\u00e9 en Florent Pagny le coach et l\u2019accompagnateur qu\u2019il vous fallait pour avancer dans l\u2019aventure ?<br \/><\/b>Il est comme on l\u2019imagine [rires]. <b>Il est tr\u00e8s gentil, il a beaucoup d\u2019humour<\/b>. Il est investi et pas seulement spectateur. Il participe de fa\u00e7on vraiment active \u00e0 notre aventure. D\u2019avoir un regard bienveillant sur soi et se sentir consid\u00e9r\u00e9e, c\u2019est chouette.<\/p>\n<p>\u00ab\u00a0C\u2019est toujours un peu cr\u00e8ve-c\u0153ur\u00a0\u00bb : les confidences de Th\u00e9adule (The Voice) sur sa victoire pendant l&rsquo;\u00e9preuve des groupes<\/p>\n<p><b>Racontez-nous votre exp\u00e9rience de l\u2019\u00e9preuve des groupes.<br \/><\/b>C\u2019est le moment o\u00f9 la comp\u00e9tition s\u2019est vraiment instaur\u00e9e. Quand on a pass\u00e9 <a href=\"https:\/\/www.programme-tv.net\/news\/tv\/374559-the-voice-les-candidats-sont-ils-defrayes-pour-venir-passer-les-auditions-a-laveugle\/\" data-api-deeplink=\"teleloisirs:\/\/news\/374559\" target=\"_blank\" rel=\"noopener\">les auditions \u00e0 l\u2019aveugle<\/a>, on s\u2019encourageait tous, parce qu\u2019en soi, \u00e7a ne changeait pas nos destins que le copain soit pris. Mais <b>cette nouvelle \u00e9preuve est tr\u00e8s dure<\/b>. On doit cr\u00e9er un tableau \u00e0 quatre, en sachant qu\u2019il n\u2019y en aura s\u00fbrement qu\u2019un de pris. Forc\u00e9ment, m\u00eame avec toutes les bonnes intentions du monde, il y a eu des moments de contradictions. Pour ne pas trop stresser, j\u2019ai remplac\u00e9 mon stress par de la bonne humeur. J\u2019ai essay\u00e9 de d\u00e9tendre l\u2019atmosph\u00e8re. Mais parfois, devant une audience tr\u00e8s s\u00e9rieuse, quand quelqu\u2019un est tr\u00e8s extraverti et n\u2019arr\u00eate pas de faire des blagues, ce n\u2019est pas toujours super bien vu. C\u2019est un peu ce qu\u2019il s\u2019est pass\u00e9 ! J\u2019ai eu un peu des difficult\u00e9s \u00e0 m\u2019adapter aux gens et \u00e0 cerner l\u2019ambiance.<\/p>\n<p><b>Vous avez \u00e9t\u00e9 la seule de votre groupe \u00e0 \u00eatre rep\u00each\u00e9e dans cette nouvelle \u00e9preuve. Comment l&rsquo;avez-vous v\u00e9cu ?<br \/><\/b>Je ne m\u2019y attendais pas du tout. Je m\u2019\u00e9tais auto-convaincue que ce serait bien. J\u2019\u00e9tais tellement heureuse, mais en m\u00eame temps j\u2019\u00e9tais submerg\u00e9e. C\u2019est tellement compliqu\u00e9 d\u2019entendre son pr\u00e9nom quand on a donn\u00e9 notre vie avec trois autres copines et qu\u2019on conna\u00eet leurs r\u00eaves&#8230; <b>C\u2019est toujours un peu cr\u00e8ve-c\u0153ur<\/b>. \u00c7a a toujours un go\u00fbt amer dans ce genre de comp\u00e9titions.<\/p>\n<p><b>Comment appr\u00e9hendez-vous l\u2019\u00e9preuve des Battles ?<br \/><\/b>C\u2019est tr\u00e8s impressionnant de se dire qu\u2019on a une chance sur deux, \u00e7a devient plus concret qu\u2019une chance sur quatre.<\/p>\n","protected":false},"excerpt":{"rendered":"Elle a s\u00e9duit autant qu&rsquo;elle a divis\u00e9 lors des auditions \u00e0 l&rsquo;aveugle. Th\u00e9adule est l&rsquo;une des candidates les&hellip;\n","protected":false},"author":2,"featured_media":23374,"comment_status":"","ping_status":"","sticky":false,"template":"","format":"standard","meta":{"footnotes":""},"categories":[1356],"tags":[244,58,59,3109,1011,27,2173,8525,252,199,3074,1364],"class_list":{"0":"post-23373","1":"post","2":"type-post","3":"status-publish","4":"format-standard","5":"has-post-thumbnail","7":"category-television","8":"tag-commentaire","9":"tag-divertissement","10":"tag-entertainment","11":"tag-florent-pagny","12":"tag-fr","13":"tag-france","14":"tag-interview","15":"tag-la-plus-belle-voix","16":"tag-television","17":"tag-tf1","18":"tag-the-voice","19":"tag-tv"},"share_on_mastodon":{"url":"https:\/\/pubeurope.com\/@fr\/114333560552041422","error":""},"_links":{"self":[{"href":"https:\/\/www.europesays.com\/fr\/wp-json\/wp\/v2\/posts\/23373","targetHints":{"allow":["GET"]}}],"collection":[{"href":"https:\/\/www.europesays.com\/fr\/wp-json\/wp\/v2\/posts"}],"about":[{"href":"https:\/\/www.europesays.com\/fr\/wp-json\/wp\/v2\/types\/post"}],"author":[{"embeddable":true,"href":"https:\/\/www.europesays.com\/fr\/wp-json\/wp\/v2\/users\/2"}],"replies":[{"embeddable":true,"href":"https:\/\/www.europesays.com\/fr\/wp-json\/wp\/v2\/comments?post=23373"}],"version-history":[{"count":0,"href":"https:\/\/www.europesays.com\/fr\/wp-json\/wp\/v2\/posts\/23373\/revisions"}],"wp:featuredmedia":[{"embeddable":true,"href":"https:\/\/www.europesays.com\/fr\/wp-json\/wp\/v2\/media\/23374"}],"wp:attachment":[{"href":"https:\/\/www.europesays.com\/fr\/wp-json\/wp\/v2\/media?parent=23373"}],"wp:term":[{"taxonomy":"category","embeddable":true,"href":"https:\/\/www.europesays.com\/fr\/wp-json\/wp\/v2\/categories?post=23373"},{"taxonomy":"post_tag","embeddable":true,"href":"https:\/\/www.europesays.com\/fr\/wp-json\/wp\/v2\/tags?post=23373"}],"curies":[{"name":"wp","href":"https:\/\/api.w.org\/{rel}","templated":true}]}}