{"id":233732,"date":"2025-07-07T23:17:20","date_gmt":"2025-07-07T23:17:20","guid":{"rendered":"https:\/\/www.europesays.com\/fr\/233732\/"},"modified":"2025-07-07T23:17:20","modified_gmt":"2025-07-07T23:17:20","slug":"lincertitude-persiste-sur-la-politique-commerciale-americaine-leurope-finit-en-ordre-disperse-07-07-2025-a-1818","status":"publish","type":"post","link":"https:\/\/www.europesays.com\/fr\/233732\/","title":{"rendered":"L&rsquo;incertitude persiste sur la politique commerciale am\u00e9ricaine, l&rsquo;Europe finit en ordre dispers\u00e9 &#8211; 07\/07\/2025 \u00e0 18:18"},"content":{"rendered":"<p>        <img fetchpriority=\"high\" decoding=\"async\" src=\"https:\/\/www.europesays.com\/fr\/wp-content\/uploads\/2025\/07\/ab52f90c6da088a4fac916ab29960109-760x488.jpg\" alt=\"Un trader chez CMC Markets dans la City de Londres\" loading=\"eager\" width=\"760\" height=\"488\" style=\"max-width: 100%!important; height: auto;\"\/><\/p>\n<p class=\"c-image-news__legend\">Un trader chez CMC Markets dans la City de Londres<\/p>\n<p>\n par Mara  Vilcu\n<\/p>\n<p>\n Les Bourses europ\u00e9ennes ont termin\u00e9 en ordre dispers\u00e9 lundi, alors que la politique commerciale am\u00e9ricaine continue de cr\u00e9er de l&rsquo;incertitude.\n<\/p>\n<p>\n \u00c0 Paris, le CAC 40 a gagn\u00e9 0,35% \u00e0 7.723,47 points. A Francfort, le Dax a avanc\u00e9 de 1,06% et \u00e0 Londres, le FTSE 100 a perdu 0,19%.\n<\/p>\n<p>\n L&rsquo;indice EuroStoxx 50 a gagn\u00e9 0,93%, le FTSEurofirst 300 a avanc\u00e9 de 0,49% et le Stoxx 600 a pris 0,41%.\n<\/p>\n<p>\n Les interrogations sur la politique commerciale des Etats-Unis s&rsquo;accentuent \u00e0 mesure qu&rsquo;approche la fin de la pause douani\u00e8re accord\u00e9e par Donald Trump. Le pr\u00e9sident am\u00e9ricain avait suspendu les droits de douane dits \u00ab\u00a0r\u00e9ciproques\u00a0\u00bb qu&rsquo;il avait d\u00e9cr\u00e9t\u00e9s pour 90 jours, donnant le 9 juillet comme date butoir.\n<\/p>\n<p>\n Dimanche, le secr\u00e9taire am\u00e9ricain au Tr\u00e9sor Scott Bessent a d\u00e9clar\u00e9 que les \u00c9tats-Unis \u00e9taient sur le point de conclure plusieurs accords commerciaux avant le 9 juillet et que Donald Trump allait adresser lundi des lettres \u00e0 certains partenaires commerciaux pour leur annoncer que, si les choses n&rsquo;avancent pas, ils reviendraient le 1er ao\u00fbt au niveau des droits de douane du 2 avril.\n<\/p>\n<p>\n \u00ab\u00a0De plus en plus d&rsquo;\u00e9l\u00e9ments sugg\u00e8rent que le 1er ao\u00fbt pourrait \u00eatre le nouveau 9 juillet\u00a0\u00bb, selon des analystes de Deutsche Bank.\n<\/p>\n<p>\n Par ailleurs, le locataire de la Maison blanche a menac\u00e9 les pays qui s&rsquo;aligneraient sur les \u00ab\u00a0politiques anti-am\u00e9ricaines\u00a0\u00bb des Etats membres du groupe des BRICS (Br\u00e9sil, Russie, Inde, Chine, Afrique du Sud) de droits de douane suppl\u00e9mentaires de 10%.\n<\/p>\n<p>\n Au niveau europ\u00e9en, un porte-parole de la Commission europ\u00e9enne a d\u00e9clar\u00e9 lundi que la pr\u00e9sidente de l&rsquo;ex\u00e9cutif communautaire, Ursula von der Leyen, et le pr\u00e9sident am\u00e9ricain ont eu un \u00ab\u00a0bon \u00e9change\u00a0\u00bb par t\u00e9l\u00e9phone dimanche, ajoutant que l&rsquo;objectif de Bruxelles restait de parvenir \u00e0 un accord commercial avec Washington d&rsquo;ici la date butoir du 9 juillet.\n<\/p>\n<p>\n VALEURS\n<\/p>\n<p>\n Capgemini a perdu 5,58% apr\u00e8s avoir annonc\u00e9 l&rsquo;acquisition de WNS pour 3,3 milliards de dollars.\n<\/p>\n<p>\n A WALL STREET\n<\/p>\n<p>\n A l&rsquo;heure de la cl\u00f4ture en Europe, le Dow Jones perd 0,82%, le Standard &amp; Poor&rsquo;s 500 0,69% et le Nasdaq Composite 0,74%.\n<\/p>\n<p>\n LES INDICATEURS DU JOUR\n<\/p>\n<p>\n Le moral des investisseurs dans la zone euro s&rsquo;est am\u00e9lior\u00e9 plus que pr\u00e9vu en juillet, atteignant son plus haut niveau depuis plus de trois ans, montre une enqu\u00eate publi\u00e9e lundi, sur fond de reprise \u00e9conomique dans l&rsquo;Union europ\u00e9enne.\n<\/p>\n<p>\n Les ventes au d\u00e9tail dans la zone euro ont recul\u00e9 d&rsquo;un mois sur l&rsquo;autre en mai, conform\u00e9ment aux attentes, selon les donn\u00e9es publi\u00e9es lundi par Eurostat, l&rsquo;office statistique de l&rsquo;Union europ\u00e9enne.\n<\/p>\n<p>\n CHANGES\n<\/p>\n<p>\n Le dollar est en petite hausse lundi.\n<\/p>\n<p>\n Le dollar gagne 0,15% face \u00e0 un panier de devises de r\u00e9f\u00e9rence.\n<\/p>\n<p>\n L&rsquo;euro perd 0,37% \u00e0 1,1734 dollar.\n<\/p>\n<p>\n TAUX\n<\/p>\n<p>\n Le rendement des Treasuries \u00e0 dix ans gagne 4,7 points de base \u00e0 4,3873%. Le deux ans avance de 1,5 point de base \u00e0 3,8966%.\n<\/p>\n<p>\n Le rendement du Bund allemand \u00e0 dix ans avance de 4,2 points de base \u00e0 2,6070%. Le deux ans prend 2,5 points de base \u00e0 1,8400%.\n<\/p>\n<p>\n P\u00c9TROLE\n<\/p>\n<p>\n Les prix du p\u00e9trole ont r\u00e9duit leurs pertes lundi et sont en hausse, apr\u00e8s avoir baiss\u00e9 plus t\u00f4t dans la journ\u00e9e avec la d\u00e9cision de l&rsquo;Opep+ d&rsquo;augmenter plus que pr\u00e9vu sa production en ao\u00fbt et les craintes pesant sur la demande mondiale avec les tensions commerciales.\n<\/p>\n<p>\n Le Brent avance de 1,29% \u00e0 69,18 dollars le baril et le brut l\u00e9ger am\u00e9ricain (West Texas Intermediate, WTI) prend 0,9% \u00e0 67,60 dollars.\n<\/p>\n<p>\n M\u00c9TAUX\n<\/p>\n<p>\n Les prix de l&rsquo;or ont baiss\u00e9 lundi pour atteindre leur plus bas niveau depuis une semaine, avec la hausse du dollar, les investisseurs attendant des pr\u00e9cisions sur la politique commerciale.\n<\/p>\n<p>\n L&rsquo;or au comptant perd 0,42% \u00e0 3.320,97 dollars l&rsquo;once \u00e0 15h58 GMT.\n<\/p>\n<p>\n A SUIVRE LE 8 JUILLET :\n<\/p>\n<p>\n (Certaines donn\u00e9es peuvent accuser un l\u00e9ger d\u00e9calage)\n<\/p>\n<p>\n (R\u00e9dig\u00e9 par Mara V\u00eelcu)<\/p>\n","protected":false},"excerpt":{"rendered":"Un trader chez CMC Markets dans la City de Londres par Mara Vilcu Les Bourses europ\u00e9ennes ont termin\u00e9&hellip;\n","protected":false},"author":2,"featured_media":233733,"comment_status":"","ping_status":"","sticky":false,"template":"","format":"standard","meta":{"footnotes":""},"categories":[1586],"tags":[400,11,398,408,405,1777,674,1011,27,403,402,399,404,12,25,401,406,407],"class_list":{"0":"post-233732","1":"post","2":"type-post","3":"status-publish","4":"format-standard","5":"has-post-thumbnail","7":"category-europe","8":"tag-action-cac-40","9":"tag-actualites","10":"tag-bourse-de-paris","11":"tag-boursorama","12":"tag-cotations","13":"tag-eu","14":"tag-europe","15":"tag-fr","16":"tag-france","17":"tag-indices-devises","18":"tag-investir","19":"tag-investissement","20":"tag-marche-boursier","21":"tag-news","22":"tag-republique-francaise","23":"tag-sicav","24":"tag-trackers","25":"tag-warrants"},"share_on_mastodon":{"url":"https:\/\/pubeurope.com\/@fr\/114814507021345922","error":""},"_links":{"self":[{"href":"https:\/\/www.europesays.com\/fr\/wp-json\/wp\/v2\/posts\/233732","targetHints":{"allow":["GET"]}}],"collection":[{"href":"https:\/\/www.europesays.com\/fr\/wp-json\/wp\/v2\/posts"}],"about":[{"href":"https:\/\/www.europesays.com\/fr\/wp-json\/wp\/v2\/types\/post"}],"author":[{"embeddable":true,"href":"https:\/\/www.europesays.com\/fr\/wp-json\/wp\/v2\/users\/2"}],"replies":[{"embeddable":true,"href":"https:\/\/www.europesays.com\/fr\/wp-json\/wp\/v2\/comments?post=233732"}],"version-history":[{"count":0,"href":"https:\/\/www.europesays.com\/fr\/wp-json\/wp\/v2\/posts\/233732\/revisions"}],"wp:featuredmedia":[{"embeddable":true,"href":"https:\/\/www.europesays.com\/fr\/wp-json\/wp\/v2\/media\/233733"}],"wp:attachment":[{"href":"https:\/\/www.europesays.com\/fr\/wp-json\/wp\/v2\/media?parent=233732"}],"wp:term":[{"taxonomy":"category","embeddable":true,"href":"https:\/\/www.europesays.com\/fr\/wp-json\/wp\/v2\/categories?post=233732"},{"taxonomy":"post_tag","embeddable":true,"href":"https:\/\/www.europesays.com\/fr\/wp-json\/wp\/v2\/tags?post=233732"}],"curies":[{"name":"wp","href":"https:\/\/api.w.org\/{rel}","templated":true}]}}