{"id":233734,"date":"2025-07-07T23:18:10","date_gmt":"2025-07-07T23:18:10","guid":{"rendered":"https:\/\/www.europesays.com\/fr\/233734\/"},"modified":"2025-07-07T23:18:10","modified_gmt":"2025-07-07T23:18:10","slug":"lue-evite-la-lettre-de-tarifs-americains-et-envisage-des-concessions-selon-des-sources-europeennes","status":"publish","type":"post","link":"https:\/\/www.europesays.com\/fr\/233734\/","title":{"rendered":"L&rsquo;UE \u00e9vite la lettre de tarifs am\u00e9ricains et envisage des concessions, selon des sources europ\u00e9ennes"},"content":{"rendered":"<p>L&rsquo;Union europ\u00e9enne ne recevra pas de lettre des \u00c9tats-Unis annon\u00e7ant une hausse des droits de douane, ont indiqu\u00e9 lundi \u00e0 Reuters des sources europ\u00e9ennes proches du dossier. L&rsquo;UE envisage par ailleurs d&rsquo;\u00e9ventuelles exemptions du tarif de base am\u00e9ricain de 10\u00a0%. <\/p>\n<p>Le pr\u00e9sident am\u00e9ricain Donald Trump a commenc\u00e9 \u00e0 informer, par une s\u00e9rie de courriers, plusieurs partenaires commerciaux, du Japon \u00e0 la Birmanie, de l&rsquo;instauration de droits de douane nettement plus \u00e9lev\u00e9s sur les produits qu&rsquo;ils exportent vers les \u00c9tats-Unis \u00e0 partir du 1er ao\u00fbt.<\/p>\n<p>Selon certaines sources europ\u00e9ennes, le bloc serait proche d&rsquo;un accord avec l&rsquo;administration Trump.<\/p>\n<p>Celui-ci pourrait inclure des concessions limit\u00e9es sur les droits de douane am\u00e9ricains de base de 10\u00a0% concernant les avions et leurs pi\u00e8ces, certains \u00e9quipements m\u00e9dicaux ainsi que les spiritueux, dans le cadre d&rsquo;un \u00e9ventuel accord avec l&rsquo;administration Trump, ont pr\u00e9cis\u00e9 lundi trois sources inform\u00e9es de la situation.<\/p>\n<p>Deux autres sources ont ajout\u00e9 que l&rsquo;UE \u00e9tudiait un dispositif qui permettrait aux constructeurs automobiles europ\u00e9ens produisant et exportant des voitures depuis les \u00c9tats-Unis d&rsquo;importer davantage de v\u00e9hicules europ\u00e9ens \u00e0 des taux de droits inf\u00e9rieurs au niveau actuel de 25\u00a0%.<\/p>\n<p>Un tel arrangement b\u00e9n\u00e9ficierait notamment aux constructeurs allemands, qui disposent de grandes usines aux \u00c9tats-Unis.<\/p>\n<p>La Commission europ\u00e9enne, qui visait un accord commercial \u00e9quilibr\u00e9 et plus large avec les \u00c9tats-Unis, a inform\u00e9 lundi soir les repr\u00e9sentants des \u00c9tats membres que l&rsquo;UE devait choisir entre accepter un accord d\u00e9s\u00e9quilibr\u00e9 ou faire face \u00e0 davantage d&rsquo;incertitudes.<\/p>\n<p>La Commission a \u00e9galement soulign\u00e9 qu&rsquo;aucune garantie n&rsquo;existait quant \u00e0 la possibilit\u00e9 que l&rsquo;administration Trump n&rsquo;impose pas de nouveaux droits de douane ou n&rsquo;exige pas de nouvelles concessions.<\/p>\n<p>Actuellement, l&rsquo;UE fait face \u00e0 des droits de douane am\u00e9ricains de 50\u00a0% sur ses exportations d&rsquo;acier et d&rsquo;aluminium, de 25\u00a0% sur les voitures et les pi\u00e8ces automobiles, et de 10\u00a0% sur la plupart des autres produits. Washington envisage \u00e9galement d&rsquo;imposer de nouveaux droits sur les produits pharmaceutiques et les semi-conducteurs.<\/p>\n<p>\n(Reportage de Philip Blenkinsop et Julia Payne; r\u00e9daction\u00a0: Mark Heinrich et Deepa Babington)<\/p>\n","protected":false},"excerpt":{"rendered":"L&rsquo;Union europ\u00e9enne ne recevra pas de lettre des \u00c9tats-Unis annon\u00e7ant une hausse des droits de douane, ont indiqu\u00e9&hellip;\n","protected":false},"author":2,"featured_media":233735,"comment_status":"","ping_status":"","sticky":false,"template":"","format":"standard","meta":{"footnotes":""},"categories":[1586],"tags":[11,340,1777,674,1779,1011,27,12,25,1778,364],"class_list":{"0":"post-233734","1":"post","2":"type-post","3":"status-publish","4":"format-standard","5":"has-post-thumbnail","7":"category-europe","8":"tag-actualites","9":"tag-bourse","10":"tag-eu","11":"tag-europe","12":"tag-european-union","13":"tag-fr","14":"tag-france","15":"tag-news","16":"tag-republique-francaise","17":"tag-ue","18":"tag-union-europeenne"},"share_on_mastodon":{"url":"https:\/\/pubeurope.com\/@fr\/114814510976623343","error":""},"_links":{"self":[{"href":"https:\/\/www.europesays.com\/fr\/wp-json\/wp\/v2\/posts\/233734","targetHints":{"allow":["GET"]}}],"collection":[{"href":"https:\/\/www.europesays.com\/fr\/wp-json\/wp\/v2\/posts"}],"about":[{"href":"https:\/\/www.europesays.com\/fr\/wp-json\/wp\/v2\/types\/post"}],"author":[{"embeddable":true,"href":"https:\/\/www.europesays.com\/fr\/wp-json\/wp\/v2\/users\/2"}],"replies":[{"embeddable":true,"href":"https:\/\/www.europesays.com\/fr\/wp-json\/wp\/v2\/comments?post=233734"}],"version-history":[{"count":0,"href":"https:\/\/www.europesays.com\/fr\/wp-json\/wp\/v2\/posts\/233734\/revisions"}],"wp:featuredmedia":[{"embeddable":true,"href":"https:\/\/www.europesays.com\/fr\/wp-json\/wp\/v2\/media\/233735"}],"wp:attachment":[{"href":"https:\/\/www.europesays.com\/fr\/wp-json\/wp\/v2\/media?parent=233734"}],"wp:term":[{"taxonomy":"category","embeddable":true,"href":"https:\/\/www.europesays.com\/fr\/wp-json\/wp\/v2\/categories?post=233734"},{"taxonomy":"post_tag","embeddable":true,"href":"https:\/\/www.europesays.com\/fr\/wp-json\/wp\/v2\/tags?post=233734"}],"curies":[{"name":"wp","href":"https:\/\/api.w.org\/{rel}","templated":true}]}}