{"id":233740,"date":"2025-07-07T23:21:14","date_gmt":"2025-07-07T23:21:14","guid":{"rendered":"https:\/\/www.europesays.com\/fr\/233740\/"},"modified":"2025-07-07T23:21:14","modified_gmt":"2025-07-07T23:21:14","slug":"en-france-lorsquon-est-etranger-il-faut-accomplir-lextraordinaire-pour-etre-considere-liberation","status":"publish","type":"post","link":"https:\/\/www.europesays.com\/fr\/233740\/","title":{"rendered":"en France, lorsqu\u2019on est \u00e9tranger, il faut accomplir l\u2019extraordinaire pour \u00eatre consid\u00e9r\u00e9 \u2013 Lib\u00e9ration"},"content":{"rendered":"<p class=\"sc-ksZaOG ehjQrN text-element\">Tout le monde aime les belles histoires. Les images tournent \u00e0 fond sur les r\u00e9seaux sociaux. Fousseynou Ciss\u00e9 passe par la fen\u00eatre de son immeuble <a href=\"https:\/\/www.liberation.fr\/societe\/familles\/fousseynou-cisse-qui-a-sauve-six-personnes-dun-incendie-a-paris-va-etre-decore-pour-acte-de-courage-20250707_CLHS6D2EPZFOVBJWHKIOM6CAMI\/\" target=\"_blank\" rel=\"noreferrer nofollow noopener\" title=\"https:\/\/www.liberation.fr\/societe\/familles\/fousseynou-cisse-qui-a-sauve-six-personnes-dun-incendie-a-paris-va-etre-decore-pour-acte-de-courage-20250707_CLHS6D2EPZFOVBJWHKIOM6CAMI\/\">pour venir en aide \u00e0 une famille enti\u00e8re de l\u2019immeuble voisin en flammes<\/a>. En \u00e9quilibre sur un petit rebord du sixi\u00e8me \u00e9tage, il extirpe \u00e0 bout de bras deux b\u00e9b\u00e9s, deux jeunes gar\u00e7ons, puis une m\u00e8re de famille. Des images folles. La sc\u00e8ne a eu lieu vendredi 4 juillet, rue de la Chapelle, dans le XVIIIe arrondissement de Paris. A la t\u00e9l\u00e9, Fousseynou Ciss\u00e9, 39 ans, raconte simplement qu\u2019il n\u2019a pas h\u00e9sit\u00e9. Les choses se sont faites naturellement : \u00abC\u2019est apr\u00e8s, en revoyant les images, que j\u2019ai compris que je pouvais mourir.\u00bb<\/p>\n<p class=\"sc-ksZaOG ehjQrN text-element\">Le sauveur fait parler. Les f\u00e9licitations tombent de partout, surtout des politiques. R\u00e9sultat : il va \u00eatre d\u00e9cor\u00e9 pour acte de courage et de d\u00e9vouement afin de rendre hommage \u00e0 sa bravoure. Une information confirm\u00e9e par le minist\u00e8re de l\u2019Int\u00e9rieur ce lundi 7 juillet. Cette qualification devrait ainsi lui valoir une m\u00e9daille d\u2019honneur, d\u00e9coration destin\u00e9e \u00e0 \u00abtoute personne qui, au p\u00e9ril de sa vie, <\/p>\n","protected":false},"excerpt":{"rendered":"Tout le monde aime les belles histoires. Les images tournent \u00e0 fond sur les r\u00e9seaux sociaux. Fousseynou Ciss\u00e9&hellip;\n","protected":false},"author":2,"featured_media":233741,"comment_status":"","ping_status":"","sticky":false,"template":"","format":"standard","meta":{"footnotes":""},"categories":[4],"tags":[11,1312,14635,37258,1011,27,6578,37259,1310,12,25,14551],"class_list":{"0":"post-233740","1":"post","2":"type-post","3":"status-publish","4":"format-standard","5":"has-post-thumbnail","7":"category-france","8":"tag-actualites","9":"tag-feu","10":"tag-flammes","11":"tag-fousseynou","12":"tag-fr","13":"tag-france","14":"tag-fumee","15":"tag-heros-sauvetage-societe-sauveur","16":"tag-incendie","17":"tag-news","18":"tag-republique-francaise","19":"tag-sauvetage"},"share_on_mastodon":{"url":"https:\/\/pubeurope.com\/@fr\/114814522938726983","error":""},"_links":{"self":[{"href":"https:\/\/www.europesays.com\/fr\/wp-json\/wp\/v2\/posts\/233740","targetHints":{"allow":["GET"]}}],"collection":[{"href":"https:\/\/www.europesays.com\/fr\/wp-json\/wp\/v2\/posts"}],"about":[{"href":"https:\/\/www.europesays.com\/fr\/wp-json\/wp\/v2\/types\/post"}],"author":[{"embeddable":true,"href":"https:\/\/www.europesays.com\/fr\/wp-json\/wp\/v2\/users\/2"}],"replies":[{"embeddable":true,"href":"https:\/\/www.europesays.com\/fr\/wp-json\/wp\/v2\/comments?post=233740"}],"version-history":[{"count":0,"href":"https:\/\/www.europesays.com\/fr\/wp-json\/wp\/v2\/posts\/233740\/revisions"}],"wp:featuredmedia":[{"embeddable":true,"href":"https:\/\/www.europesays.com\/fr\/wp-json\/wp\/v2\/media\/233741"}],"wp:attachment":[{"href":"https:\/\/www.europesays.com\/fr\/wp-json\/wp\/v2\/media?parent=233740"}],"wp:term":[{"taxonomy":"category","embeddable":true,"href":"https:\/\/www.europesays.com\/fr\/wp-json\/wp\/v2\/categories?post=233740"},{"taxonomy":"post_tag","embeddable":true,"href":"https:\/\/www.europesays.com\/fr\/wp-json\/wp\/v2\/tags?post=233740"}],"curies":[{"name":"wp","href":"https:\/\/api.w.org\/{rel}","templated":true}]}}