{"id":233742,"date":"2025-07-07T23:22:15","date_gmt":"2025-07-07T23:22:15","guid":{"rendered":"https:\/\/www.europesays.com\/fr\/233742\/"},"modified":"2025-07-07T23:22:15","modified_gmt":"2025-07-07T23:22:15","slug":"matthieu-pavon-et-antoine-rozner-confirmes-pour-lopen-de-france","status":"publish","type":"post","link":"https:\/\/www.europesays.com\/fr\/233742\/","title":{"rendered":"Matthieu Pavon et Antoine Rozner confirm\u00e9s pour l\u2019Open de France"},"content":{"rendered":"<p>\t\t\t\t\t\t<img width=\"770\" height=\"559\" src=\"https:\/\/www.europesays.com\/fr\/wp-content\/uploads\/2025\/04\/afp__20240615__2157739696__v2__highres__usopenroundthree-770x559.jpg\" class=\"img-responsive wp-post-image\" alt=\"\" decoding=\"async\" fetchpriority=\"high\"  \/>\t\t\t\t\t<\/p>\n<p>\t\t\t\t\t\t Partager cet article <\/p>\n<p class=\"screen-reader-text juiz_sps_maybe_hidden_text\">Partager la publication \u00ab\u00a0Matthieu Pavon et Antoine Rozner confirm\u00e9s pour l\u2019Open de France\u00a0\u00bb<\/p>\n<p><strong>Les deux membres du PGA Tour Matthieu Pavon et Antoine Rozner seront pr\u00e9sents au Golf de Saint-Nom-la-Bret\u00e8che pour le FedEx Open de France 2025.<\/strong><\/p>\n<p>\u00a0<\/p>\n<p>Les organisateurs du prochain <strong>Open de France<\/strong>, qui aura lieu exceptionnellement au <strong>Golf de Saint-Nom-la-Bret\u00e8che<\/strong> en raison des travaux en cours au <strong>Golf National<\/strong>, continuent d\u2019annoncer certains joueurs ayant confirm\u00e9 leur pr\u00e9sence du 18 au 21 septembre prochain.<\/p>\n<p><a href=\"https:\/\/www.golfplanete.com\/actualites\/deux-vainqueurs-sur-le-pga-tour-confirmes-au-fedex-open-de-france\/\" rel=\"nofollow noopener\" target=\"_blank\">Apr\u00e8s l\u2019Australien <strong>Min Woo Lee <\/strong>et le Canadien <strong>Corey Conners<\/strong><\/a>, deux membres fran\u00e7ais du PGA Tour seront de la partie\u00a0: <strong>Matthieu Pavon <\/strong>et<strong> Antoine Rozner<\/strong>. Il n\u2019y aura en effet pas de tournoi \u00e0 cette p\u00e9riode sur le circuit am\u00e9ricain.<\/p>\n<p>\u00ab\u00a0Jouer l\u2019Open de France a toujours une signification particuli\u00e8re pour moi en tant que Fran\u00e7ais, a d\u00e9clar\u00e9 le Girondin. Je suis enthousiaste \u00e0 l\u2019id\u00e9e de revenir en Europe et de concourir sur mes terres. Le d\u00e9m\u00e9nagement au Golf de Saint-Nom-la-Bret\u00e8che apporte une nouvelle dimension \u00e0 ce tournoi historique, et j\u2019ai h\u00e2te de relever le d\u00e9fi d\u2019apprendre \u00e0 conna\u00eetre un nouveau parcours, comme tous les autres joueurs.\u00a0\u00bb<\/p>\n<p>\t\t\t\t<img loading=\"lazy\" decoding=\"async\" src=\"data:image\/svg+xml,%3Csvg%20xmlns=\" http:=\"\" attributionsrc=\"\" border=\"0\" height=\"1\" width=\"1\" alt=\"Advertisement\" data-lazy-src=\"https:\/\/www.europesays.com\/fr\/wp-content\/uploads\/2025\/04\/B33047934.412404309;dc_trk_aid=603484932;dc_trk_cid=227659580;ord=[timestamp];dc_lat=;dc_rdid=;tag_f.gif\"\/><\/p>\n<p>\t\t\t\t\t<a id=\"158178\" href=\"https:\/\/ad.doubleclick.net\/ddm\/trackclk\/N1153799.3770024GOLFPLANATE\/B33047934.412404309;dc_trk_aid=603484932;dc_trk_cid=227659580;dc_lat=;dc_rdid=;tag_for_child_directed_treatment=;tfua=;gdpr=${GDPR};gdpr_consent=${GDPR_CONSENT_755};ltd=;dc_tdv=1\" target=\"_blank\" rel=\"sponsorised nofollow noopener\"><img decoding=\"async\" src=\"data:image\/svg+xml,%3Csvg%20xmlns=\" http:=\"\" class=\"img-responsive\" alt=\"\" data-lazy-src=\"https:\/\/www.europesays.com\/fr\/wp-content\/uploads\/2025\/04\/callaway-e01-elyte-driver-770x385-1.jpg\"\/><\/a><\/p>\n<p>\u00ab\u00a0L\u2019Open de France repr\u00e9sente tout pour les golfeurs fran\u00e7ais, a ajout\u00e9 le triple vainqueur sur le DP World Tour. J\u2019ai sign\u00e9 de bonnes performances ces derni\u00e8res ann\u00e9es, et je suis d\u00e9termin\u00e9 \u00e0 d\u00e9crocher ma premi\u00e8re victoire sur le sol fran\u00e7ais. Jouer pour la premi\u00e8re fois au Golf de Saint-Nom-la-Bret\u00e8che offre \u00e0 tout le monde un nouveau d\u00e9part, c\u2019est un changement stimulant, et j\u2019ai h\u00e2te de jouer dans ma ville natale.\u00a0\u00bb<\/p>\n<p>\u00a0<\/p>\n<blockquote class=\"instagram-media\" style=\"background: #FFF; border: 0; border-radius: 3px; box-shadow: 0 0 1px 0 rgba(0,0,0,0.5),0 1px 10px 0 rgba(0,0,0,0.15); margin: 1px; max-width: 540px; min-width: 326px; padding: 0; width: calc(100% - 2px);\" data-instgrm-captioned=\"\" data-instgrm-permalink=\"https:\/\/www.instagram.com\/p\/DLzHdvGqB4l\/?utm_source=ig_embed&amp;utm_campaign=loading\" data-instgrm-version=\"14\">\n<\/blockquote>\n<p>\u00a0<\/p>\n<p>Plusieurs vainqueurs sur le DP World Tour<\/p>\n<p>Si cela avait tout l\u2019air d\u2019une \u00e9vidence, la <strong>FFGolf<\/strong> a \u00e9galement confirm\u00e9 la pr\u00e9sence de <strong>David Ravetto <\/strong>et<strong> Fr\u00e9d\u00e9ric Lacroix<\/strong>, tous deux vainqueurs pour la premi\u00e8re fois sur le <strong>DP World Tour<\/strong>. <strong>Martin Couvra<\/strong>, titr\u00e9 au <strong>Turkish Airlines Open<\/strong> et r\u00e9cemment deuxi\u00e8me de l\u2019<strong>Open d\u2019Italie<\/strong>, est \u00e9galement annonc\u00e9 au d\u00e9part. Ce sera la toute premi\u00e8re fois qu\u2019il joue le tournoi en tant que professionnel. Il avait termin\u00e9 45e en 2022 alors qu\u2019il \u00e9tait encore amateur.<\/p>\n<p><a href=\"https:\/\/tickets.europeantour.com\/eut\/#\/c6906933-bb43-434b-a22d-0ae172a572d4\/shop\/custom-pack?Packages+=&amp;_gl=1*qntm2k*_gcl_au*MTg3MTkxMTA0Mi4xNzQ5MDY5MzM1*_ga*MTkzODgxMzc3Ny4xNjAzMDU2NTAx*_ga_2Z1KRCE5HY*czE3NTE5MDY0Nzckbzk1NSRnMSR0MTc1MTkwNzYyMSRqMzUkbDAkaDIwNzE1OTcxMjg.*_fplc*VnBTOSUyRjVLMXZqWTRKNFp1c2w5JTJGb29VNXZ0SzZrVGdFazJtQWhKdDI1YXIlMkIlMkJCaWtjQUFpNlpmcFBBanE5T3JkQjNQMnBFeW1KeWZPcGpPcDRFdUFMMkRWYmlCOU5kZ3RjbVNpYXltcFMzb1pNVFElM0Q.&amp;fac=EUT&amp;locale=fr&amp;skin=pgaetodf&amp;utm_campaign=ODF&amp;utm_content=OnSale&amp;utm_medium=Web&amp;utm_source=DPWTWebsite&amp;utm_term=Tickets\" target=\"_blank\" rel=\"noopener nofollow\">La billetterie est d\u2019ores et d\u00e9j\u00e0 ouverte<\/a>\u00a0<\/p>\n<p>\u00a0<\/p>\n<p>\u00a0<\/p>\n<p>\u00a0<\/p>\n<p>\u00a9Photo by Andrew Redington \/ GETTY IMAGES NORTH AMERICA \/ Getty Images via AFP<\/p>\n<p>\t\t\t\t<img loading=\"lazy\" decoding=\"async\" src=\"data:image\/svg+xml,%3Csvg%20xmlns=\" http:=\"\" attributionsrc=\"\" border=\"0\" height=\"1\" width=\"1\" alt=\"Advertisement\" data-lazy-src=\"https:\/\/www.europesays.com\/fr\/wp-content\/uploads\/2025\/04\/B33178636.417813294;dc_trk_aid=609417620;dc_trk_cid=231809231;ord=[timestamp];dc_lat=;dc_rdid=;tag_f.gif\"\/><\/p>\n<p>\t\t\t\t\t<a id=\"167823\" href=\"https:\/\/ad.doubleclick.net\/ddm\/trackclk\/N1153799.3770024GOLFPLANATE\/B33178636.417813294;dc_trk_aid=609417620;dc_trk_cid=231809231;dc_lat=;dc_rdid=;tag_for_child_directed_treatment=;tfua=;gdpr=${GDPR};gdpr_consent=${GDPR_CONSENT_755};ltd=;dc_tdv=1\" target=\"_blank\" rel=\"sponsorised nofollow noopener\"><img decoding=\"async\" src=\"data:image\/svg+xml,%3Csvg%20xmlns=\" http:=\"\" class=\"img-responsive\" alt=\"\" data-lazy-src=\"https:\/\/www.europesays.com\/fr\/wp-content\/uploads\/2025\/04\/xxio-e07-bois-13-1170x275-1.jpg\"\/><\/a><\/p>\n<p>\t\t\t<script async src=\"\/\/www.instagram.com\/embed.js\"><\/script><\/p>\n","protected":false},"excerpt":{"rendered":"Partager cet article Partager la publication \u00ab\u00a0Matthieu Pavon et Antoine Rozner confirm\u00e9s pour l\u2019Open de France\u00a0\u00bb Les deux&hellip;\n","protected":false},"author":2,"featured_media":39469,"comment_status":"","ping_status":"","sticky":false,"template":"","format":"standard","meta":{"footnotes":""},"categories":[1418],"tags":[1011,27,1472,60],"class_list":{"0":"post-233742","1":"post","2":"type-post","3":"status-publish","4":"format-standard","5":"has-post-thumbnail","7":"category-golf","8":"tag-fr","9":"tag-france","10":"tag-golf","11":"tag-sports"},"share_on_mastodon":{"url":"https:\/\/pubeurope.com\/@fr\/114814526890776396","error":""},"_links":{"self":[{"href":"https:\/\/www.europesays.com\/fr\/wp-json\/wp\/v2\/posts\/233742","targetHints":{"allow":["GET"]}}],"collection":[{"href":"https:\/\/www.europesays.com\/fr\/wp-json\/wp\/v2\/posts"}],"about":[{"href":"https:\/\/www.europesays.com\/fr\/wp-json\/wp\/v2\/types\/post"}],"author":[{"embeddable":true,"href":"https:\/\/www.europesays.com\/fr\/wp-json\/wp\/v2\/users\/2"}],"replies":[{"embeddable":true,"href":"https:\/\/www.europesays.com\/fr\/wp-json\/wp\/v2\/comments?post=233742"}],"version-history":[{"count":0,"href":"https:\/\/www.europesays.com\/fr\/wp-json\/wp\/v2\/posts\/233742\/revisions"}],"wp:featuredmedia":[{"embeddable":true,"href":"https:\/\/www.europesays.com\/fr\/wp-json\/wp\/v2\/media\/39469"}],"wp:attachment":[{"href":"https:\/\/www.europesays.com\/fr\/wp-json\/wp\/v2\/media?parent=233742"}],"wp:term":[{"taxonomy":"category","embeddable":true,"href":"https:\/\/www.europesays.com\/fr\/wp-json\/wp\/v2\/categories?post=233742"},{"taxonomy":"post_tag","embeddable":true,"href":"https:\/\/www.europesays.com\/fr\/wp-json\/wp\/v2\/tags?post=233742"}],"curies":[{"name":"wp","href":"https:\/\/api.w.org\/{rel}","templated":true}]}}