{"id":233743,"date":"2025-07-07T23:24:10","date_gmt":"2025-07-07T23:24:10","guid":{"rendered":"https:\/\/www.europesays.com\/fr\/233743\/"},"modified":"2025-07-07T23:24:10","modified_gmt":"2025-07-07T23:24:10","slug":"cest-officiel-pour-le-toulousain-nelson-epee","status":"publish","type":"post","link":"https:\/\/www.europesays.com\/fr\/233743\/","title":{"rendered":"C&rsquo;est officiel pour le Toulousain Nelson Ep\u00e9e !"},"content":{"rendered":"<p>L\u2019ailier du Stade-Toulousain, Nelson Ep\u00e9e voyait son contrat arriver \u00e0 son terme en ce mois de juin 2025.<\/p>\n<p>Ce lundi, le club de la Ville Rose a annonc\u00e9 la prolongation du joueur de 24 ans.<\/p>\n<p>Ainsi, l\u2019ailier Toulousain a prolong\u00e9 son contrat de deux saisons suppl\u00e9mentaires.<\/p>\n<p>Le voil\u00e0 d\u00e9sormais li\u00e9 avec Toulouse jusqu\u2019au mois de juin 2027.<\/p>\n<p><strong>Voici le communiqu\u00e9 publi\u00e9 par Toulouse :\u00a0<\/strong><\/p>\n<p>Au Stade Toulousain depuis la cat\u00e9gorie Cadets, Nelson a gravi les \u00e9chelons jusqu\u2019\u00e0 atteindre l\u2019\u00e9quipe professionnelle. Apr\u00e8s des d\u00e9buts \u00e0 l\u2019\u00e9cole de rugby de Saverdun, l\u2019ailier int\u00e8gre le Stade Toulousain dans les \u00e9quipes jeunes, aux seins desquelles il brille et marque les esprits par sa vitesse et ses appuis foudroyants.\u00a0Il franchit les \u00e9tapes les unes apr\u00e8s les autres, rejoint les Espoirs puis le Centre de Formation du Stade. Il devient champion de France Espoirs en 2021 puis participe \u00e0 ses premi\u00e8res rencontres (5) en professionnel la saison suivante pour 1 essai marqu\u00e9 contre Biarritz lors de la 26\u00e8me journ\u00e9e de championnat. Il participe ensuite \u00e0 chaque saison et remporte 3 Boucliers de Brennus cons\u00e9cutifs (2023, 2024 et 2025).<\/p>\n<p>D\u00e8s l\u2019exercice 20\/21, Nelson signe un contrat avec la FFR et le Stade Toulousain pour prendre part aux comp\u00e9titions avec France 7, en vue des Jeux Olympiques de Paris 2024. Avec ce collectif, il remporte le tournoi de Los Angeles en 2024, avant de d\u00e9crocher les World Series, juste avant les JO. \u00c0 Paris, Nelson d\u00e9croche la m\u00e9daille d\u2019or Olympique et conclut cette premi\u00e8re parenth\u00e8se \u00e0 7 de la plus belles des mani\u00e8res !<\/p>\n<p>Cette saison, Nelson s\u2019est enti\u00e8rement consacr\u00e9 au rugby \u00e0 XV et a disput\u00e9 9 matchs pour 4 titularisations et 2 essais inscrits. Il acte aujourd\u2019hui sa prolongation au Stade Toulousain et sera sous contrat avec le club\u00a0jusqu\u2019en 2027\u00a0!<\/p>\n<blockquote class=\"twitter-tweet\" data-width=\"550\" data-dnt=\"true\">\n<p lang=\"fr\" dir=\"ltr\">Au Stade depuis la cat\u00e9gorie Cadets, Nelson \u00c9p\u00e9e prolonge jusqu&rsquo;en 2027 \ud83d\udd34\u26ab<\/p>\n<p>Notre ailier poursuit son aventure en Rouge et Noir \u26a1<\/p>\n<p>Axe 3\ufe0f\u20e3 : Grandir avec sa formation <a href=\"https:\/\/twitter.com\/hashtag\/Trajectoire2027?src=hash&amp;ref_src=twsrc%5Etfw\" rel=\"nofollow noopener\" target=\"_blank\">#Trajectoire2027<\/a> <a href=\"https:\/\/t.co\/I9oSkLZ5Qu\" rel=\"nofollow\">pic.twitter.com\/I9oSkLZ5Qu<\/a><\/p>\n<p>\u2014 Stade Toulousain (@StadeToulousain) <a href=\"https:\/\/twitter.com\/StadeToulousain\/status\/1942251792055574937?ref_src=twsrc%5Etfw\" rel=\"nofollow noopener\" target=\"_blank\">July 7, 2025<\/a><\/p>\n<\/blockquote>\n<p><script async src=\"https:\/\/platform.twitter.com\/widgets.js\" charset=\"utf-8\"><\/script><\/p>\n","protected":false},"excerpt":{"rendered":"L\u2019ailier du Stade-Toulousain, Nelson Ep\u00e9e voyait son contrat arriver \u00e0 son terme en ce mois de juin 2025.&hellip;\n","protected":false},"author":2,"featured_media":233744,"comment_status":"","ping_status":"","sticky":false,"template":"","format":"standard","meta":{"footnotes":""},"categories":[1416],"tags":[1011,27,479,1468,60],"class_list":{"0":"post-233743","1":"post","2":"type-post","3":"status-publish","4":"format-standard","5":"has-post-thumbnail","7":"category-rugby","8":"tag-fr","9":"tag-france","10":"tag-rugby","11":"tag-rugby-football","12":"tag-sports"},"share_on_mastodon":{"url":"https:\/\/pubeurope.com\/@fr\/114814534550950004","error":""},"_links":{"self":[{"href":"https:\/\/www.europesays.com\/fr\/wp-json\/wp\/v2\/posts\/233743","targetHints":{"allow":["GET"]}}],"collection":[{"href":"https:\/\/www.europesays.com\/fr\/wp-json\/wp\/v2\/posts"}],"about":[{"href":"https:\/\/www.europesays.com\/fr\/wp-json\/wp\/v2\/types\/post"}],"author":[{"embeddable":true,"href":"https:\/\/www.europesays.com\/fr\/wp-json\/wp\/v2\/users\/2"}],"replies":[{"embeddable":true,"href":"https:\/\/www.europesays.com\/fr\/wp-json\/wp\/v2\/comments?post=233743"}],"version-history":[{"count":0,"href":"https:\/\/www.europesays.com\/fr\/wp-json\/wp\/v2\/posts\/233743\/revisions"}],"wp:featuredmedia":[{"embeddable":true,"href":"https:\/\/www.europesays.com\/fr\/wp-json\/wp\/v2\/media\/233744"}],"wp:attachment":[{"href":"https:\/\/www.europesays.com\/fr\/wp-json\/wp\/v2\/media?parent=233743"}],"wp:term":[{"taxonomy":"category","embeddable":true,"href":"https:\/\/www.europesays.com\/fr\/wp-json\/wp\/v2\/categories?post=233743"},{"taxonomy":"post_tag","embeddable":true,"href":"https:\/\/www.europesays.com\/fr\/wp-json\/wp\/v2\/tags?post=233743"}],"curies":[{"name":"wp","href":"https:\/\/api.w.org\/{rel}","templated":true}]}}