{"id":233750,"date":"2025-07-07T23:29:09","date_gmt":"2025-07-07T23:29:09","guid":{"rendered":"https:\/\/www.europesays.com\/fr\/233750\/"},"modified":"2025-07-07T23:29:09","modified_gmt":"2025-07-07T23:29:09","slug":"tdf-tour-de-france-la-4e-etape-parcours-et-favoris-dune-etape-indecise","status":"publish","type":"post","link":"https:\/\/www.europesays.com\/fr\/233750\/","title":{"rendered":"TDF. Tour de France &#8211; La 4e \u00e9tape&#8230; Parcours et favoris d&rsquo;une \u00e9tape ind\u00e9cise"},"content":{"rendered":"<p>Une 4e \u00e9tape du<strong> <a href=\"https:\/\/www.cyclismactu.net\/..\/news-tdf-route-tour-de-france-quatre-cartons-jaunes-dont-un-pour-bryan-coquard-jury-sevit-88787.html\" target=\"_blank\" rel=\"nofollow noopener\">Tour de France<\/a><\/strong>\u00a0ind\u00e9cise et longue de 174,2 km se profile ce mardi 8 juillet entre Amiens et Rouen, \u00e0 travers des plaines picardes expos\u00e9e aux vents avant un final accident\u00e9 en Normandie. 2050 m\u00e8tres de d\u00e9nivel\u00e9 sont au menu tout au long de cette journ\u00e9e, et ils seront principalement concentr\u00e9s dans les 50 derniers kilom\u00e8tres, o\u00f9 l&rsquo;on recense les cinq c\u00f4tes r\u00e9f\u00e9renc\u00e9es du jour. Un encha\u00eenement pas insurmontable mais qui pourrait tout de m\u00eame \u00eatre fatal aux purs sprinteurs, avec en derni\u00e8re difficult\u00e9 la tr\u00e8s raide\u00a0rampe Saint-Hilaire (800m \u00e0 10,6%), dont le sommet est\u00a0 situ\u00e9 \u00e0 seulement 5 bornes de l&rsquo;arriv\u00e9e, jug\u00e9e en l\u00e9g\u00e8re mont\u00e9e. De quoi offrir un sc\u00e9nario ind\u00e9cis et une belle lutte entre puncheurs et coureurs rapides.<\/p>\n<p>Vid\u00e9o &#8211; Adrie van der Poel, p\u00e8re de Mathieu, \u00e0 notre micro Lire la suite de l&rsquo;article&#13;<\/p>\n<p>\u00a0<\/p>\n<p>&#13;<br \/>\nUne nouvelle victoire de Van der Poel ?&#13;<\/p>\n<p>Si la course s&#8217;emballe, le maillot Jaune\u00a0<strong>Mathieu van der Poel <\/strong>(Alpecin-Deceuninck) para\u00eet imbattable dans une arriv\u00e9e au sprint en petit comit\u00e9, entre favoris et puncheurs. <strong>Tadej Pogacar<\/strong> (UAE Team Emirates-XRG), <strong>Jonas Vingegaard<\/strong> (Visma | Lease a Bike) et les Fran\u00e7ais <strong>K\u00e9vin Vauquelin<\/strong>\u00a0(Ark\u00e9a-B&amp;B Hotels),\u00a0<strong>Romain Gr\u00e9goire<\/strong>\u00a0(Groupama-FDJ) ou encore\u00a0<strong>Julian Alaphilippe<\/strong>\u00a0(Tudor Pro Cycling Team), offensifs et fringants dimanche, se lanceront-ils \u00e0 l&rsquo;attaque dans ce final ?\u00a0Si les purs sprinteurs comme\u00a0<strong>Tim Merlier\u00a0<\/strong>(Soudal Quick-Step) et\u00a0<strong>Jonathan Milan<\/strong>\u00a0(Lidl-Trek) sont \u00e0 priori trop justes pour franchir les difficult\u00e9s du jour, des coureurs plus polyvalents comme <strong>Biniam Girmay <\/strong>(Intermarch\u00e9-Wanty), <strong>Kaden Groves<\/strong> (Alpecin-Deceuninck) ou <strong>Wout Van Aert<\/strong> (Visma | Lease a Bike) pourraient avoir leur chance.<\/p>\n<p>&#13;<\/p>\n<p>\u00a0<\/p>\n<p>&#13;<br \/>\n<strong>Le parcours de la 4e \u00e9tape<\/strong>&#13;<\/p>\n<p>&#8211; Mardi 8 Juillet \u2013\u00a0<strong>\u00c9tape 4<\/strong>\u00a0: Amiens &#8211; Rouen \/ 174,2 km<\/p>\n<p>&#13;<\/p>\n<p><img decoding=\"async\" src=\"https:\/\/www.europesays.com\/fr\/wp-content\/uploads\/2025\/07\/tourdf4.jpg\" style=\"max-width:100%;max-height:100%;\" alt=\"image\" loading=\"lazy\"\/><\/p>\n<p>&#13;<\/p>\n<p>\u00a0<\/p>\n<p>&#13;<br \/>\nLa liste de d\u00e9part de ce <strong>Tour de France 2025,\u00a0<\/strong>c&rsquo;est\u00a0<strong style=\"font-size: 10px;\"><a href=\"https:\/\/www.cyclismactu.net\/..\/news-tdf-route-tour-de-france-la-startlist-du-tour-de-france-184-coureurs-depart-88207.html\" target=\"_blank\" rel=\"nofollow noopener\">\u00e0 retrouver ICI en cliquant sur ce lien<\/a><\/strong> !Tour de France &#8211; Classement g\u00e9n\u00e9ral provisoire apr\u00e8s la 3\u00e8 \u00e9tape<\/p>\n","protected":false},"excerpt":{"rendered":"Une 4e \u00e9tape du Tour de France\u00a0ind\u00e9cise et longue de 174,2 km se profile ce mardi 8 juillet&hellip;\n","protected":false},"author":2,"featured_media":233751,"comment_status":"","ping_status":"","sticky":false,"template":"","format":"standard","meta":{"footnotes":""},"categories":[1411],"tags":[1154,207,211,1011,27,209,60,210,212,208,213],"class_list":{"0":"post-233750","1":"post","2":"type-post","3":"status-publish","4":"format-standard","5":"has-post-thumbnail","7":"category-cyclisme","8":"tag-cycling","9":"tag-cyclisme","10":"tag-ffc","11":"tag-fr","12":"tag-france","13":"tag-route","14":"tag-sports","15":"tag-tour-de-france","16":"tag-uci","17":"tag-velo","18":"tag-world-tour"},"share_on_mastodon":{"url":"https:\/\/pubeurope.com\/@fr\/114814554254356208","error":""},"_links":{"self":[{"href":"https:\/\/www.europesays.com\/fr\/wp-json\/wp\/v2\/posts\/233750","targetHints":{"allow":["GET"]}}],"collection":[{"href":"https:\/\/www.europesays.com\/fr\/wp-json\/wp\/v2\/posts"}],"about":[{"href":"https:\/\/www.europesays.com\/fr\/wp-json\/wp\/v2\/types\/post"}],"author":[{"embeddable":true,"href":"https:\/\/www.europesays.com\/fr\/wp-json\/wp\/v2\/users\/2"}],"replies":[{"embeddable":true,"href":"https:\/\/www.europesays.com\/fr\/wp-json\/wp\/v2\/comments?post=233750"}],"version-history":[{"count":0,"href":"https:\/\/www.europesays.com\/fr\/wp-json\/wp\/v2\/posts\/233750\/revisions"}],"wp:featuredmedia":[{"embeddable":true,"href":"https:\/\/www.europesays.com\/fr\/wp-json\/wp\/v2\/media\/233751"}],"wp:attachment":[{"href":"https:\/\/www.europesays.com\/fr\/wp-json\/wp\/v2\/media?parent=233750"}],"wp:term":[{"taxonomy":"category","embeddable":true,"href":"https:\/\/www.europesays.com\/fr\/wp-json\/wp\/v2\/categories?post=233750"},{"taxonomy":"post_tag","embeddable":true,"href":"https:\/\/www.europesays.com\/fr\/wp-json\/wp\/v2\/tags?post=233750"}],"curies":[{"name":"wp","href":"https:\/\/api.w.org\/{rel}","templated":true}]}}